{"id":250645,"date":"2025-11-23T01:14:12","date_gmt":"2025-11-23T01:14:12","guid":{"rendered":"https:\/\/www.europesays.com\/es\/250645\/"},"modified":"2025-11-23T01:14:12","modified_gmt":"2025-11-23T01:14:12","slug":"victoria-de-orgullo-el-real-zaragoza-vence-en-casa-de-la-sd-eibar-1-2-real-zaragoza","status":"publish","type":"post","link":"https:\/\/www.europesays.com\/es\/250645\/","title":{"rendered":"Victoria de orgullo: el Real Zaragoza vence en casa de la SD Eibar (1-2) | Real Zaragoza"},"content":{"rendered":"<p dir=\"ltr\">El Real Zaragoza sac\u00f3 una valios\u00edsima y luchada victoria por uno a dos en su visita a Ipurua.<\/p>\n<p dir=\"ltr\">Nuestro capit\u00e1n <strong>Francho Serrano<\/strong> port\u00f3 un brazalete morado por el D\u00eda Internacional de la Eliminaci\u00f3n de la Violencia contra las Mujeres, que se conmemora el pr\u00f3ximo 25 de noviembre. Ambos equipos posaron antes del partido con una pancarta en una campa\u00f1a conjunta con LaLiga a trav\u00e9s del Consejo Superior de Deportes (CSD) y la Secretar\u00eda de Estado de Igualdad.<\/p>\n<p dir=\"ltr\"><strong>Una primera parte intensa y de golpeo mutuo<\/strong><\/p>\n<p dir=\"ltr\">El partido promet\u00eda actividad y la tuvo desde los primeros minutos de juego, donde ambos equipos se med\u00edan y trataban de adelantarse en el marcador. En el minuto 19, el equipo de Sell\u00e9s sufri\u00f3 la lesi\u00f3n de Insua, que tuvo que ser reemplazado por Gomes, mientras que en el minuto 21 <strong><a title=\"Andrada\" href=\"https:\/\/www.realzaragoza.com\/jugadores\/esteban-andrada\" target=\"_blank\" rel=\"noopener nofollow\">Andrada<\/a> lograba la primera gran intervenci\u00f3n de su partido parando a Bautista<\/strong> una pena m\u00e1xima desde los once metros, desvi\u00e1ndola a c\u00f3rner.<\/p>\n<p dir=\"ltr\">Desgraciadamente, ese mismo c\u00f3rner fue la asistencia para que Nolaskoain adelantara de cabeza al equipo vasco, un contratiempo que se agigant\u00f3 por la expulsi\u00f3n por doble amarilla de Saidu en el minuto 25.<\/p>\n<p dir=\"ltr\">Con uno menos, el equipo blanquillo, liderado por un s\u00f3lido y seguro Esteban Andrada, se lanzaron a por el empate, hall\u00e1ndolo en una mano de Cubero en el minuto 29 que significaba la segunda pena m\u00e1xima del encuentro. <strong><a title=\"Mario Sober\u00f3n\" href=\"https:\/\/www.realzaragoza.com\/jugadores\/soberon\" target=\"_blank\" rel=\"noopener nofollow\">Mario Sober\u00f3n<\/a>, por su parte, se encarg\u00f3 de patearla al fondo de la red de Magunagoitia<\/strong>, poniendo nuevamente las tablas en el marcador.<\/p>\n<p dir=\"ltr\">La SD Eibar se intent\u00f3 recuperar aprovechando su mayor\u00eda en el campo, teniendo alguna ocasi\u00f3n de mucho peligro, como <strong>un cabezazo en los minutos finales que desbarat\u00f3 Andrada una vez m\u00e1s<\/strong> para llegar a la pausa con todo por decidir.<\/p>\n<p dir=\"ltr\"><strong>Andrada sostiene y Toni Moya ejecuta<\/strong><\/p>\n<p dir=\"ltr\">El Real Zaragoza efectu\u00f3 un ejercicio de contenci\u00f3n en busca de la oportunidad que les permitiera salir al ataque. Mientras tanto, el conjunto eibarr\u00e9s apretaba con ocasiones como la de Alkain, que recibi\u00f3 un bal\u00f3n botado que lanz\u00f3 fuera en torno a la hora de juego.<\/p>\n<p dir=\"ltr\">Pese a estar con uno menos, el equipo demostr\u00f3 una brega y un pundonor ejemplar, sostenidos a su vez por un excelso Andrada que paraba todo lo que llegaba a su \u00e1rea. Finalmente, cuando el luminoso marcaba el minuto 82, <strong>una gran jugada de Francho termin\u00f3 en la bota de <a title=\"Toni Moya\" href=\"https:\/\/www.realzaragoza.com\/jugadores\/toni-moya\" target=\"_blank\" rel=\"noopener nofollow\">Toni Moya<\/a> que ejecut\u00f3 estupendamente ante Magunagoitia<\/strong>, desatando la locura entre los aficionados desplazados.<\/p>\n<p dir=\"ltr\">El Real Zaragoza retuvo con uno menos los tres puntos en el partido, pensando ya en el encuentro en Ibercaja Estadio ante CD Legan\u00e9s del pr\u00f3ximo domingo 30 a las 14:00 horas del mediod\u00eda.<\/p>\n<p dir=\"ltr\"><strong>Ficha t\u00e9cnica<\/strong><\/p>\n<p dir=\"ltr\">SD Eibar. Magunagoitia; Cubero (Olaetxea, 46&#8242;), Nolaskoain, Marco Moreno (Rodr\u00edguez, 46&#8242;) Arbilla; Sergio \u00c1lvarez (Alkain, 46&#8242;), Garrido (Magunazelaia, 88&#8242;), Villa (Javi Mart\u00ednez, 75&#8242;), Corpas; Bautista, Mart\u00f3n.<\/p>\n<p dir=\"ltr\">Real Zaragoza. Andrada; Aguirregabiria, Insua (Gomes, 19&#8242;), Saidu, Pomares; Ra\u00fal Guti, Keidi Bare (Toni Moya, 79&#8242;), Francho Serrano, Valery (Juan Sebasti\u00e1n, 69&#8242;); M. Sober\u00f3n (Tasende, 69&#8242;), Kodro (S. Bakis, 79&#8242;).<\/p>\n<p dir=\"ltr\">Goles:\u00a0<strong>Nolaskoain\u00a0<\/strong>(M. 23, 1-0).\u00a0<strong>M Sober\u00f3n <\/strong>(M. 31, 1-1).\u00a0<strong>Toni Moya <\/strong>(M. 82, 1-2).<\/p>\n<p dir=\"ltr\">\u00a0<\/p>\n<p dir=\"ltr\">\u00c1rbitro: Sr. Andr\u00e9s Fuentes Molina. Amonest\u00f3 a Cubero, Villa, Sergio \u00c1lvarez, Marco Moreno, Alkain y Bautista por parte local y a Saidu (expulsi\u00f3n tras doble amarilla), Pomares y Andrada por parte visitante.<\/p>\n","protected":false},"excerpt":{"rendered":"El Real Zaragoza sac\u00f3 una valios\u00edsima y luchada victoria por uno a dos en su visita a Ipurua.&hellip;\n","protected":false},"author":2,"featured_media":250646,"comment_status":"","ping_status":"","sticky":false,"template":"","format":"standard","meta":{"footnotes":""},"categories":[93],"tags":[168,25,24,23,167],"class_list":{"0":"post-250645","1":"post","2":"type-post","3":"status-publish","4":"format-standard","5":"has-post-thumbnail","7":"category-deportes","8":"tag-deportes","9":"tag-es","10":"tag-espana","11":"tag-spain","12":"tag-sports"},"share_on_mastodon":{"url":"https:\/\/pubeurope.com\/@es\/115596366166846832","error":""},"_links":{"self":[{"href":"https:\/\/www.europesays.com\/es\/wp-json\/wp\/v2\/posts\/250645","targetHints":{"allow":["GET"]}}],"collection":[{"href":"https:\/\/www.europesays.com\/es\/wp-json\/wp\/v2\/posts"}],"about":[{"href":"https:\/\/www.europesays.com\/es\/wp-json\/wp\/v2\/types\/post"}],"author":[{"embeddable":true,"href":"https:\/\/www.europesays.com\/es\/wp-json\/wp\/v2\/users\/2"}],"replies":[{"embeddable":true,"href":"https:\/\/www.europesays.com\/es\/wp-json\/wp\/v2\/comments?post=250645"}],"version-history":[{"count":0,"href":"https:\/\/www.europesays.com\/es\/wp-json\/wp\/v2\/posts\/250645\/revisions"}],"wp:featuredmedia":[{"embeddable":true,"href":"https:\/\/www.europesays.com\/es\/wp-json\/wp\/v2\/media\/250646"}],"wp:attachment":[{"href":"https:\/\/www.europesays.com\/es\/wp-json\/wp\/v2\/media?parent=250645"}],"wp:term":[{"taxonomy":"category","embeddable":true,"href":"https:\/\/www.europesays.com\/es\/wp-json\/wp\/v2\/categories?post=250645"},{"taxonomy":"post_tag","embeddable":true,"href":"https:\/\/www.europesays.com\/es\/wp-json\/wp\/v2\/tags?post=250645"}],"curies":[{"name":"wp","href":"https:\/\/api.w.org\/{rel}","templated":true}]}}