{"id":250647,"date":"2025-11-23T01:15:27","date_gmt":"2025-11-23T01:15:27","guid":{"rendered":"https:\/\/www.europesays.com\/es\/250647\/"},"modified":"2025-11-23T01:15:27","modified_gmt":"2025-11-23T01:15:27","slug":"una-nueva-variante-de-meningitis-b-causo-el-brote-en-el-que-fallecio-la-gimnasta-de-17-anos-maria-herranz-sociedad","status":"publish","type":"post","link":"https:\/\/www.europesays.com\/es\/250647\/","title":{"rendered":"Una nueva variante de meningitis B caus\u00f3 el brote en el que falleci\u00f3 la gimnasta de 17 a\u00f1os Mar\u00eda Herranz | Sociedad"},"content":{"rendered":"<p class=\"\">La gimnasta Mar\u00eda Herranz, de 17 a\u00f1os, <a href=\"https:\/\/elpais.com\/deportes\/2024-04-18\/muere-la-gimnasta-maria-herranz-a-los-17-anos-por-una-meningitis.html\" target=\"_self\" rel=\"nofollow noopener\" title=\"https:\/\/elpais.com\/deportes\/2024-04-18\/muere-la-gimnasta-maria-herranz-a-los-17-anos-por-una-meningitis.html\">muri\u00f3 en la madrugada del 17 al 18 de abril de 2024<\/a> en el Hospital de Guadalajara a causa de un cuadro fulminante de meningitis B. La noticia caus\u00f3 una gran consternaci\u00f3n en el mundo del deporte y llev\u00f3 al inicio de una investigaci\u00f3n que ahora ha revelado que una <a href=\"https:\/\/elpais.com\/noticias\/meningitis\/\" target=\"_self\" rel=\"nofollow noopener\" title=\"https:\/\/elpais.com\/noticias\/meningitis\/\">nueva variante del meningococo B<\/a> origin\u00f3 un virulento brote en el que falleci\u00f3 otra persona y dos m\u00e1s fueron hospitalizadas. Todas ten\u00edan entre 17 y 31 a\u00f1os. <\/p>\n<p class=\"\"><a href=\"https:\/\/www.eurosurveillance.org\/content\/10.2807\/1560-7917.ES.2025.30.44.2500222\" target=\"_self\" rel=\"nofollow noopener\" title=\"https:\/\/www.eurosurveillance.org\/content\/10.2807\/1560-7917.ES.2025.30.44.2500222\">Las conclusiones del trabajo han sido publicadas ahora en Eurosurveillance<\/a>, revista del Centro Europeo para el Control de Enfermedades (ECDC). La investigaci\u00f3n no menciona a la gimnasta \u2014estos estudios usan datos anonimizados\u2014, pero cuatro fuentes sanitarias as\u00ed lo han confirmado a EL PA\u00cdS. <\/p>\n<p class=\"\">Raquel Abad, <a href=\"https:\/\/cnm.isciii.es\/\" target=\"_self\" rel=\"nofollow noopener\" title=\"https:\/\/cnm.isciii.es\/\">cient\u00edfica titular del Centro Nacional de Microbiolog\u00eda<\/a> (CNM) y autora principal, destaca la singularidad del brote: \u201cEs m\u00e1s com\u00fan que la meningitis B se presente en casos aislados que en agrupaciones de varios enfermos con v\u00ednculo epidemiol\u00f3gico. Las pruebas gen\u00e9ticas revelaron, adem\u00e1s, que la causa era una nueva variante de la bacteria Neisseria meningitidis no descrita hasta entonces. Tambi\u00e9n llam\u00f3 la atenci\u00f3n que causara un brote de esta virulencia la primera vez que era identificada, lo que refuerza la necesidad de vigilar estas nuevas variantes\u201d.<\/p>\n<p class=\"\">El meningococo B es el m\u00e1s com\u00fan de los serogrupos (tambi\u00e9n existen el A, C, W, Y&#8230;) de la bacteria Neisseria meningitidis. Las infecciones graves que causa reciben el nombre de Enfermedad Meningoc\u00f3cica Invasiva (EMI) y producen meningitis \u2014infecci\u00f3n de las membranas que recubren el cerebro\u2014 o sepsis, cuando invade el torrente sangu\u00edneo. <\/p>\n<p class=\"\">\u201cEn ambos casos es una enfermedad de baja incidencia, pero devastadora. No es infrecuente que los afectados pasen en 24 horas de estar perfectamente a desarrollar cuadros mortales o sufrir importantes secuelas\u201d, explica Mar\u00eda Teresa Ledo, de la Sociedad Espa\u00f1ola de Medicina Preventiva, Salud P\u00fablica y Gesti\u00f3n Sanitaria (SEMPSPGS). <\/p>\n<p>El origen del brote: una reuni\u00f3n en marzo de 2024<\/p>\n<p class=\"\">El art\u00edculo sit\u00faa el origen del brote en una reuni\u00f3n celebrada en marzo de 2024 con 13 asistentes de una edad media de 30 a\u00f1os. Tres d\u00edas m\u00e1s tarde, uno de ellos empez\u00f3 a sufrir fiebre, dolor al tragar y diarrea. A las 48 horas fue hospitalizado y \u201cese mismo d\u00eda falleci\u00f3 con un diagn\u00f3stico de sepsis meningoc\u00f3cica\u201d. <\/p>\n<p class=\"\">Dos d\u00edas despu\u00e9s, una segunda persona que conviv\u00eda con la primera desarroll\u00f3 s\u00edntomas parecidos. \u201cFue hospitalizado con un diagn\u00f3stico de meningitis s\u00e9ptica\u201d, sigue el estudio. Pas\u00f3 14 d\u00edas ingresado, pero logr\u00f3 recuperarse y recibi\u00f3 el alta. <\/p>\n<p class=\"\">Dos semanas despu\u00e9s de la reuni\u00f3n inicial, ocho de sus asistentes viajaron tres d\u00edas a un pueblo de Guadalajara con otras personas. Una de ellas \u2014que no hab\u00eda estado en el primer encuentro, pero s\u00ed en el segundo\u2014 empez\u00f3 a tener dolor de cabeza, fiebre y v\u00f3mitos a los cinco d\u00edas. \u201cFue hospitalizado por meningitis meningoc\u00f3cica\u201d. Se restableci\u00f3 y recibi\u00f3 el alta a la semana. <\/p>\n<p class=\"\">El \u00faltimo eslab\u00f3n del brote es <a href=\"https:\/\/elpais.com\/deportes\/2024-04-18\/muere-la-gimnasta-maria-herranz-a-los-17-anos-por-una-meningitis.html\" target=\"_blank\" rel=\"noreferrer nofollow noopener\" title=\"https:\/\/elpais.com\/deportes\/2024-04-18\/muere-la-gimnasta-maria-herranz-a-los-17-anos-por-una-meningitis.html\">el de Mar\u00eda Herranz<\/a>. La gimnasta viv\u00eda en Cabanillas del Campo, un pueblo vecino al que hab\u00eda viajado el segundo grupo. Empez\u00f3 a tener fiebre y dolor abdominal el 17 abril y, pese a ser hospitalizada inmediatamente, falleci\u00f3 en unas horas. Aunque el v\u00ednculo epidemiol\u00f3gico con el brote parece d\u00e9bil, las pruebas gen\u00e9ticas concluyeron que se infect\u00f3 con la misma variante que los otros afectados. <\/p>\n<p class=\"\">Las caracter\u00edsticas del brote muestran que la nueva forma del pat\u00f3geno circul\u00f3 en esas semanas entre algunas personas de los dos grupos y la zona que visitaron en Guadalajara. Algunos contagios fueron asintom\u00e1ticos \u2014si no, la enfermedad no hubiera alcanzado a Mar\u00eda Herranz\u2014 y otros desarrollaron cuadros graves. Es lo habitual con el meningococo, seg\u00fan los expertos.<\/p>\n<p class=\"\">\u201cMuchas personas se contagian sin sufrir da\u00f1o alguno, mientras otras desarrollan cuadros muy graves. Uno de cada 10 contagiados, incluso, ser\u00e1 portador asintom\u00e1tico de la bacteria sin sufrir problema de salud alguno\u201d, cuenta Ledo.<\/p>\n<p>La necesidad de un contacto estrecho para su transmisi\u00f3n<\/p>\n<p class=\"\">La Neisseria meningitidis requiere un contacto estrecho para transmitirse y lo hace a trav\u00e9s de la saliva y secreciones respiratorias. Coloniza inicialmente las v\u00edas respiratorias altas y, en la mayor\u00eda de los casos, el sistema inmune logra mantenerla a raya. Pero en algunas circunstancias, el meningococo traspasa la mucosa nasal y evoluciona hacia meningitis, sepsis o ambas. <\/p>\n<p class=\"\">Un sistema inmunitario debilitado puede favorecer esta mala evoluci\u00f3n. Otro momento de riesgo es cuando se produce el primer contagio, lo que es m\u00e1s frecuente en ni\u00f1os, adolescentes y adultos j\u00f3venes por su forma de relacionarse. \u201cEsta es la raz\u00f3n por la que es muy importante una intervenci\u00f3n r\u00e1pida de los servicios de salud p\u00fablica cuando se detecta un caso para identificar a los contactos. La forma de prevenir nuevos casos es administrar una profilaxis a base de antibi\u00f3ticos\u201d, explica Ledo. El estudio recoge que en este brote \u201cfueron identificados 200 contactos estrechos\u201d, a los que se ofreci\u00f3 la profilaxis. <\/p>\n<p class=\"\">Los autores destacan que \u201cla elevada letalidad del brote (dos de cuatro casos), tambi\u00e9n es llamativa y constituye otro aspecto relevante a tener en cuenta en la vigilancia de estas variantes\u201d. La mortalidad entre las personas que desarrolla la enfermedad meningoc\u00f3cica invasiva por el serogrupo B ronda habitualmente el 10%.<\/p>\n<p class=\"\">Raquel Abad afirma que, tras el brote, el \u201cCentro Nacional de Microbiolog\u00eda ha detectado dos casos m\u00e1s causados por la nueva variante\u201d. Uno de ellos fue en diciembre de 2024 y el otro el pasado enero, aunque no ha trascendido la evoluci\u00f3n cl\u00ednica de ambos pacientes.<\/p>\n<p class=\"\">Una explicaci\u00f3n de los meses transcurridos sin nuevos diagn\u00f3sticos podr\u00eda ser que la variante se haya extinguido, aunque tambi\u00e9n puede que siga habitando de forma asintom\u00e1tica en algunas personas o que haya causado alg\u00fan otro caso sin ser detectada. El Centro, dependiente del Instituto de Salud Carlos III recibe la mayor\u00eda de las muestras de casos de meningitis en Espa\u00f1a, entre el 70% y el 80%, pero no todas.<\/p>\n<p>336 casos y 31 muertes en 2024<\/p>\n<p class=\"\">Diego Garc\u00eda Mart\u00ednez de Artola, portavoz de Sociedad Espa\u00f1ola de Enfermedades Infecciosas y Microbiolog\u00eda Cl\u00ednica (SEIMC), explica que el surgimiento de nuevas variantes de Neisseria meningitidis no es algo extra\u00f1o, aunque la virulencia de este brote s\u00ed lo sea: \u201cEs algo que ocurre muy a menudo con esta bacteria y otra del mismo g\u00e9nero que causa la gonorrea, la Neisseria gonorrhoeae. La raz\u00f3n es que tienen una gran diversidad gen\u00e9tica y la capacidad de captar ADN de otras bacterias Neisseria. El resultado es que se producen recombinaciones que dan lugar a nuevas variantes\u201d. <\/p>\n<p class=\"\"><a href=\"https:\/\/cne.isciii.es\/documents\/d\/cne\/bes_emi_2024\" target=\"_self\" rel=\"nofollow noopener\" title=\"https:\/\/cne.isciii.es\/documents\/d\/cne\/bes_emi_2024\">Seg\u00fan el informe de 2024 del Instituto de Salud Carlos III<\/a>, el a\u00f1o pasado fueron notificados en Espa\u00f1a 336 casos y 31 fallecimientos por enfermedad meningoc\u00f3cica invasiva \u2014que es de declaraci\u00f3n obligatoria\u2014, una letalidad del 9,23%. Dos de cada tres enfermos lo fueron por el serogrupo B. La gran mayor\u00eda de muertes se producen en personas mayores, mientras entre ni\u00f1os estas se han <a href=\"https:\/\/elpais.com\/sociedad\/2024-12-07\/la-incognita-que-se-oculta-tras-el-exito-de-las-vacunas-frente-a-la-meningitis.html\" target=\"_self\" rel=\"nofollow noopener\" title=\"https:\/\/elpais.com\/sociedad\/2024-12-07\/la-incognita-que-se-oculta-tras-el-exito-de-las-vacunas-frente-a-la-meningitis.html\">reducido en la \u00faltima d\u00e9cada gracias a las vacunas<\/a>. El brote ahora publicado caus\u00f3 dos de las cuatro muertes registradas por la enfermedad en Espa\u00f1a en 2024 entre personas de entre 15 y 44 a\u00f1os, seg\u00fan el informe.<\/p>\n<p class=\"\">Pere Godoy, del grupo de vigilancia de la Sociedad Espa\u00f1ola de Epidemiolog\u00eda (SEE) explica que en \u201clos tres a\u00f1os se est\u00e1 produciendo un repunte de casos causados por el meningococo B, cuya incidencia baj\u00f3 mucho en 2020 con la pandemia y ahora est\u00e1 recuperando su predominio entre el resto de los serogrupos\u201d. Seg\u00fan este experto, est\u00e1 por ver si la vacuna utilizada frente a \u00e9l, llamada Bexsero, lograr\u00e1 mitigar su impacto a nivel poblacional, algo que s\u00ed ha conseguido otra vacuna, la llamada \u201cconjugada\u201d que protege frente a otros serogrupos como el A, C, W e Y.<\/p>\n","protected":false},"excerpt":{"rendered":"La gimnasta Mar\u00eda Herranz, de 17 a\u00f1os, muri\u00f3 en la madrugada del 17 al 18 de abril de&hellip;\n","protected":false},"author":2,"featured_media":250648,"comment_status":"","ping_status":"","sticky":false,"template":"","format":"standard","meta":{"footnotes":""},"categories":[92],"tags":[927,8995,25,24,13801,439,165,7678,166,1452,1811,492,23],"class_list":{"0":"post-250647","1":"post","2":"type-post","3":"status-publish","4":"format-standard","5":"has-post-thumbnail","7":"category-salud","8":"tag-deportistas","9":"tag-enfermedades-infecciosas","10":"tag-es","11":"tag-espana","12":"tag-gimnasia","13":"tag-guadalajara","14":"tag-health","15":"tag-meningitis","16":"tag-salud","17":"tag-salud-publica","18":"tag-sanidad","19":"tag-sociedad","20":"tag-spain"},"share_on_mastodon":{"url":"https:\/\/pubeurope.com\/@es\/115596369906239522","error":""},"_links":{"self":[{"href":"https:\/\/www.europesays.com\/es\/wp-json\/wp\/v2\/posts\/250647","targetHints":{"allow":["GET"]}}],"collection":[{"href":"https:\/\/www.europesays.com\/es\/wp-json\/wp\/v2\/posts"}],"about":[{"href":"https:\/\/www.europesays.com\/es\/wp-json\/wp\/v2\/types\/post"}],"author":[{"embeddable":true,"href":"https:\/\/www.europesays.com\/es\/wp-json\/wp\/v2\/users\/2"}],"replies":[{"embeddable":true,"href":"https:\/\/www.europesays.com\/es\/wp-json\/wp\/v2\/comments?post=250647"}],"version-history":[{"count":0,"href":"https:\/\/www.europesays.com\/es\/wp-json\/wp\/v2\/posts\/250647\/revisions"}],"wp:featuredmedia":[{"embeddable":true,"href":"https:\/\/www.europesays.com\/es\/wp-json\/wp\/v2\/media\/250648"}],"wp:attachment":[{"href":"https:\/\/www.europesays.com\/es\/wp-json\/wp\/v2\/media?parent=250647"}],"wp:term":[{"taxonomy":"category","embeddable":true,"href":"https:\/\/www.europesays.com\/es\/wp-json\/wp\/v2\/categories?post=250647"},{"taxonomy":"post_tag","embeddable":true,"href":"https:\/\/www.europesays.com\/es\/wp-json\/wp\/v2\/tags?post=250647"}],"curies":[{"name":"wp","href":"https:\/\/api.w.org\/{rel}","templated":true}]}}