{"id":250649,"date":"2025-11-23T01:16:13","date_gmt":"2025-11-23T01:16:13","guid":{"rendered":"https:\/\/www.europesays.com\/es\/250649\/"},"modified":"2025-11-23T01:16:13","modified_gmt":"2025-11-23T01:16:13","slug":"murio-spencer-lofranco-actor-de-33-anos-que-trabajo-con-john-travolta-y-angelina-jolie","status":"publish","type":"post","link":"https:\/\/www.europesays.com\/es\/250649\/","title":{"rendered":"Muri\u00f3 Spencer Lofranco, actor de 33 a\u00f1os que trabaj\u00f3 con John Travolta y Angelina Jolie"},"content":{"rendered":"<p><img alt=\"El actor Spencer Lofranco durante\" class=\"global-image\" decoding=\"async\" fetchpriority=\"high\" height=\"1080\" loading=\"eager\" src=\"https:\/\/www.europesays.com\/es\/wp-content\/uploads\/2025\/11\/FCZ6CV6HGRDZFNMBYXFFAAWR2Y.jpg\" width=\"1920\"\/>El actor Spencer Lofranco durante la promoci\u00f3n de Gotti, su \u00faltima pel\u00edcula en Hollywood. (Grosby)<\/p>\n<p class=\"paragraph\">El actor canadiense <b>Spencer Lofranco<\/b>, recordado por sus papeles en Unbroken y Gotti, falleci\u00f3 a los <b>33 a\u00f1os<\/b> el martes 18 de noviembre de 2025. La noticia fue confirmada dos d\u00edas despu\u00e9s por su hermano, Santino Lofranco, a trav\u00e9s de una publicaci\u00f3n de Instagram. <\/p>\n<p class=\"paragraph\">El post inclu\u00eda im\u00e1genes nost\u00e1lgicas de la infancia y juventud de ambos hermanos. \u201cViviste una vida con la que solo algunos pueden so\u00f1ar. Cambiaste la vida de las personas, y ahora est\u00e1s con Dios. Siempre te amar\u00e9 y te extra\u00f1ar\u00e9, Bear. RIP\u201d, escribi\u00f3 Santino. <\/p>\n<p class=\"paragraph\">Por el momento no se ha precisado la causa oficial de su muerte. Seg\u00fan TMZ, las autoridades en Columbia Brit\u00e1nica est\u00e1n investigando las circunstancias del deceso. <\/p>\n<p><img alt=\"El int\u00e9rprete canadiense en un\" class=\"global-image\" decoding=\"async\" fetchpriority=\"low\" height=\"2880\" loading=\"lazy\" src=\"https:\/\/www.europesays.com\/es\/wp-content\/uploads\/2025\/11\/UBUFRBR3ZBB55HO37G6MDN2FGI.jpg\" width=\"1920\"\/>El int\u00e9rprete canadiense en un evento de cine independiente en Los \u00c1ngeles (Grosby)<\/p>\n<p class=\"paragraph\">Nacido el 18 de octubre de 1992 en Toronto, Lofranco creci\u00f3 en una familia art\u00edstica y acad\u00e9mica: su madre era cantante de \u00f3pera y su padre abogado. <\/p>\n<p class=\"paragraph\">Estudi\u00f3 en la academia militar Robert Land Academy durante la secundaria antes de decantarse por la actuaci\u00f3n, una decisi\u00f3n que tom\u00f3 a los 17 a\u00f1os, seg\u00fan \u00e9l mismo cont\u00f3 a Interview Magazine en 2014.<\/p>\n<p class=\"paragraph\">\u201cYo siempre era el chico gracioso, siempre tratando de hacer re\u00edr a la gente y siempre el centro de atenci\u00f3n. Supongo que fui actor toda mi vida\u201d, dijo en aquella entrevista.<\/p>\n<p class=\"paragraph\">Agreg\u00f3 tambi\u00e9n que busc\u00f3 formarse con mayor seriedad luego de meterse en problemas por su comportamiento impulsivo.<\/p>\n<p class=\"paragraph\"> \u201cFinalmente me di cuenta de lo que estaba haciendo y solo me estaba metiendo en problemas. Fui a clases de actuaci\u00f3n de verano. Luego hice un a\u00f1o en la New York Film Academy y ah\u00ed fue cuando obtuve Jamesy Boy\u201d.<\/p>\n<p><img alt=\"Imagen de archivo de Lofranco\" class=\"global-image\" decoding=\"async\" fetchpriority=\"low\" height=\"505\" loading=\"lazy\" src=\"https:\/\/www.europesays.com\/es\/wp-content\/uploads\/2025\/11\/B4YZJBJTCNB5XCPVHJMKMCZEUY.jpg\" width=\"956\"\/>Imagen de archivo de Lofranco en la pel\u00edcula Jamesy Boy, su primer protag\u00f3nico. (IMBD)<\/p>\n<p class=\"paragraph\">De hecho, antes de alcanzar notoriedad en la pantalla grande, Lofranco enfrent\u00f3 un problema legal serio. En 2013 estuvo involucrado en un caso de atropello y fuga. Mientras manejaba su camioneta, atropell\u00f3 a un ciclista que sufri\u00f3 fracturas m\u00faltiples, incluido un hueso de la cadera, report\u00f3 The Independent UK. <\/p>\n<p class=\"paragraph\">El actor inicialmente baj\u00f3 del veh\u00edculo a disculparse, pero luego abandon\u00f3 la escena sin brindar m\u00e1s ayuda. Fue condenado por delito menor a 50 d\u00edas de servicio comunitario, dos a\u00f1os de libertad condicional y al pago de 161.000 d\u00f3lares en restituci\u00f3n.<\/p>\n<p class=\"paragraph\">Su carrera en cine inici\u00f3 en 2013 con<b> <\/b><b>At Middleton<\/b>, donde comparti\u00f3 escena con Andy Garc\u00eda y las hermanas Vera y Taissa Farmiga. Ese mismo a\u00f1o consigui\u00f3 su primer papel protag\u00f3nico en <b>Jamesy Boy<\/b>, drama criminal dirigido por Trevor White, en el que interpret\u00f3 a un adolescente problem\u00e1tico. En el proyecto trabaj\u00f3 con actores como James Woods, Ving Rhames y Mary-Louise Parker.<\/p>\n<p><img alt=\"Lofranco alcanz\u00f3 notoriedad con su\" class=\"global-image\" decoding=\"async\" fetchpriority=\"low\" height=\"1080\" loading=\"lazy\" src=\"https:\/\/www.europesays.com\/es\/wp-content\/uploads\/2025\/11\/OFFQU54C2NAINIRI3AXDSB6B2Q.jpg\" width=\"1920\"\/>Lofranco alcanz\u00f3 notoriedad con su papel en Gotti junto a John Travolta (Grosby)<\/p>\n<p class=\"paragraph\">En 2014 fue convocado para actuar en <b>Unbroken<\/b>, el drama b\u00e9lico dirigido por <b>Angelina Jolie<\/b>. All\u00ed interpret\u00f3 a Harry Brooks, uno de los miembros de la tripulaci\u00f3n del bombardero en el que viajaba el atleta y h\u00e9roe de guerra Louis Zamperini. <\/p>\n<p class=\"paragraph\">Para Lofranco, trabajar con la estrella de Hollywood fue un sue\u00f1o cumplido. En su entrevista con Interview Magazine declar\u00f3 emocionado: \u201cCreciendo, Angelina Jolie era mi chica so\u00f1ada. Ahora voy a filmar una pel\u00edcula con ella. Es una locura\u201d.<\/p>\n<p class=\"paragraph\">Su \u00faltimo papel en cine lleg\u00f3 en 2018 con Gotti, donde interpret\u00f3 a John Gotti Jr., hijo del m\u00edtico jefe mafioso neoyorquino que encarn\u00f3 <b>John Travolta<\/b>. Fue la pel\u00edcula m\u00e1s importante que hizo y tambi\u00e9n la que marc\u00f3 el final de su periodo activo como actor. <\/p>\n<p class=\"paragraph\">Tras Gotti, Lofranco se alej\u00f3 del cine. Seg\u00fan NME, a partir de 2021 vivi\u00f3 en Surrey, Columbia Brit\u00e1nica, donde se dedic\u00f3 al arte callejero. En redes sociales compart\u00eda im\u00e1genes de su vida cotidiana, proyectos personales y reflexiones. Su <b>\u00faltima publicaci\u00f3n<\/b>, hecha el 11 de noviembre, mostraba un selfie en blanco y negro y dec\u00eda: \u201cLo mejor est\u00e1 por venir\u201d.<\/p>\n","protected":false},"excerpt":{"rendered":"El actor Spencer Lofranco durante la promoci\u00f3n de Gotti, su \u00faltima pel\u00edcula en Hollywood. (Grosby) El actor canadiense&hellip;\n","protected":false},"author":2,"featured_media":250650,"comment_status":"","ping_status":"","sticky":false,"template":"","format":"standard","meta":{"footnotes":""},"categories":[91],"tags":[146,147,25,24,30146,23],"class_list":{"0":"post-250649","1":"post","2":"type-post","3":"status-publish","4":"format-standard","5":"has-post-thumbnail","7":"category-entretenimiento","8":"tag-entertainment","9":"tag-entretenimiento","10":"tag-es","11":"tag-espana","12":"tag-premiere","13":"tag-spain"},"share_on_mastodon":{"url":"https:\/\/pubeurope.com\/@es\/115596374225682023","error":""},"_links":{"self":[{"href":"https:\/\/www.europesays.com\/es\/wp-json\/wp\/v2\/posts\/250649","targetHints":{"allow":["GET"]}}],"collection":[{"href":"https:\/\/www.europesays.com\/es\/wp-json\/wp\/v2\/posts"}],"about":[{"href":"https:\/\/www.europesays.com\/es\/wp-json\/wp\/v2\/types\/post"}],"author":[{"embeddable":true,"href":"https:\/\/www.europesays.com\/es\/wp-json\/wp\/v2\/users\/2"}],"replies":[{"embeddable":true,"href":"https:\/\/www.europesays.com\/es\/wp-json\/wp\/v2\/comments?post=250649"}],"version-history":[{"count":0,"href":"https:\/\/www.europesays.com\/es\/wp-json\/wp\/v2\/posts\/250649\/revisions"}],"wp:featuredmedia":[{"embeddable":true,"href":"https:\/\/www.europesays.com\/es\/wp-json\/wp\/v2\/media\/250650"}],"wp:attachment":[{"href":"https:\/\/www.europesays.com\/es\/wp-json\/wp\/v2\/media?parent=250649"}],"wp:term":[{"taxonomy":"category","embeddable":true,"href":"https:\/\/www.europesays.com\/es\/wp-json\/wp\/v2\/categories?post=250649"},{"taxonomy":"post_tag","embeddable":true,"href":"https:\/\/www.europesays.com\/es\/wp-json\/wp\/v2\/tags?post=250649"}],"curies":[{"name":"wp","href":"https:\/\/api.w.org\/{rel}","templated":true}]}}