{"id":250657,"date":"2025-11-23T01:20:13","date_gmt":"2025-11-23T01:20:13","guid":{"rendered":"https:\/\/www.europesays.com\/es\/250657\/"},"modified":"2025-11-23T01:20:13","modified_gmt":"2025-11-23T01:20:13","slug":"la-clinica-dental-que-atendio-a-la-nina-fallecida-en-alzira-no-tenia-autorizacion-para-sedacion-intravenosa-sociedad","status":"publish","type":"post","link":"https:\/\/www.europesays.com\/es\/250657\/","title":{"rendered":"La cl\u00ednica dental que atendi\u00f3 a la ni\u00f1a fallecida en Alzira no ten\u00eda autorizaci\u00f3n para sedaci\u00f3n intravenosa | Sociedad"},"content":{"rendered":"<p class=\"\">La cl\u00ednica dental privada de Alzira (Valencia) <a href=\"https:\/\/elpais.com\/sociedad\/2025-11-21\/muere-una-nina-de-seis-anos-tras-un-tratamiento-dental-en-alzira-y-otra-de-cuatro-esta-ingresada.html\" target=\"_blank\" rel=\"noreferrer nofollow noopener\" title=\"https:\/\/elpais.com\/sociedad\/2025-11-21\/muere-una-nina-de-seis-anos-tras-un-tratamiento-dental-en-alzira-y-otra-de-cuatro-esta-ingresada.html\">donde fue atendida la ni\u00f1a de seis a\u00f1os<\/a> que falleci\u00f3 el pasado jueves no tiene autorizaci\u00f3n sanitaria para realizar t\u00e9cnicas de actividad de anestesia, que incluye la sedaci\u00f3n con f\u00e1rmacos intravenosos.<\/p>\n<p class=\"\">Seg\u00fan han confirmado este s\u00e1bado fuentes de la Conselleria de Sanidad, el centro privado est\u00e1 autorizado como cl\u00ednica dental con actividad de odontolog\u00eda-estomatolog\u00eda, con lo que s\u00ed puede administrar sin m\u00e1s autorizaci\u00f3n anest\u00e9sicos locales.<\/p>\n<p class=\"\">La menor ingres\u00f3 a las 16.52 horas del jueves en Urgencias del <a href=\"https:\/\/elpais.com\/noticias\/hospital-la-ribera\/\" target=\"_blank\" rel=\"noreferrer nofollow noopener\" title=\"https:\/\/elpais.com\/noticias\/hospital-la-ribera\/\">Hospital de la Ribera<\/a>, en Alzira, en parada cardiorrespiratoria. Los facultativos intentaron su reanimaci\u00f3n sin \u00e9xito y declararon el fallecimiento.<\/p>\n<p class=\"\">El servicio de Inspecci\u00f3n de la Conselleria ha iniciado un expediente informativo para esclarecer las circunstancias de lo ocurrido y ha ordenado la suspensi\u00f3n cautelar de la actividad de la cl\u00ednica. Por su parte, un juzgado de Alzira ha abierto diligencias previas de investigaci\u00f3n sobre el fallecimiento.<\/p>\n<p><img decoding=\"auto\" class=\"_re lazyload a_m-h\" height=\"276\"  width=\"414\"  src=\"https:\/\/www.europesays.com\/es\/wp-content\/uploads\/2025\/11\/GCIZSKQXXROHDCBXSNK2ZHVVPY.jpg\" loading=\"lazy\"\/>Cartel que anuncia el cierre temporal en la fachada principal de la cl\u00ednica dental de Alzira (Valencia).Manuel Bruque (EFE)<\/p>\n<p class=\"\">La comisar\u00eda de Polic\u00eda Nacional de Alzira ha traspasado las diligencias de investigaci\u00f3n al grupo de Homicidios, a la espera de la autopsia de la menor fallecida, han informado este s\u00e1bado fuentes policiales a Europa Press.<\/p>\n<p class=\"\">Se da la circunstancia de que a las 15.11 horas del mismo d\u00eda acudi\u00f3 a Urgencias del Hospital de la Ribera otra ni\u00f1a de cuatro a\u00f1os que tambi\u00e9n hab\u00eda sido atendida esa ma\u00f1ana en la misma cl\u00ednica dental.<\/p>\n<p class=\"\">La peque\u00f1a presentaba un episodio de fiebre, v\u00f3mitos y somnolencia. Tras su estabilizaci\u00f3n y la valoraci\u00f3n pertinente, los facultativos decidieron su traslado en SAMU a la UCI pedi\u00e1trica del Hospital Cl\u00ednico de Val\u00e8ncia, donde permanece ingresada y sigue estable, seg\u00fan fuentes de Conselleria.<\/p>\n<p class=\"\">Tras estos hechos, la propietaria de la cl\u00ednica manifest\u00f3, en declaraciones a \u00c0 Punt recogidas por Europa Press, que la ni\u00f1a fallecida sali\u00f3 del centro dental \u201caparentemente bien\u201d y \u201cel anestesista no sabe qu\u00e9 ha podido pasar\u201d. Seg\u00fan explic\u00f3, a esta menor no se le practic\u00f3 una operaci\u00f3n con anestesia general, sino una sedaci\u00f3n que se le puso mediante una v\u00eda para extraer unos dientes de leche y ponerle unos empastes. \u201cEst\u00e1n investigando el lote de la anestesia\u201d, concluy\u00f3.<\/p>\n","protected":false},"excerpt":{"rendered":"La cl\u00ednica dental privada de Alzira (Valencia) donde fue atendida la ni\u00f1a de seis a\u00f1os que falleci\u00f3 el&hellip;\n","protected":false},"author":2,"featured_media":250658,"comment_status":"","ping_status":"","sticky":false,"template":"","format":"standard","meta":{"footnotes":""},"categories":[8],"tags":[45177,63522,17,18,33330,63521,25,24,13,14,11,2129,48106,19,20,9,10,15,16,24080,492,23,257,12,21,22,235],"class_list":{"0":"post-250657","1":"post","2":"type-post","3":"status-publish","4":"format-standard","5":"has-post-thumbnail","7":"category-espana","8":"tag-alzira","9":"tag-anestesia","10":"tag-breaking-news","11":"tag-breakingnews","12":"tag-clinicas","13":"tag-clinicas-dentales","14":"tag-es","15":"tag-espana","16":"tag-featured-news","17":"tag-featurednews","18":"tag-headlines","19":"tag-homicidios","20":"tag-hospital-de-la-ribera","21":"tag-latest-news","22":"tag-latestnews","23":"tag-news","24":"tag-noticias","25":"tag-noticias-destacadas","26":"tag-noticiasdestacadas","27":"tag-odontologia","28":"tag-sociedad","29":"tag-spain","30":"tag-sucesos","31":"tag-titulares","32":"tag-ultimas-noticias","33":"tag-ultimasnoticias","34":"tag-valencia"},"share_on_mastodon":{"url":"https:\/\/pubeurope.com\/@es\/115596389786241923","error":""},"_links":{"self":[{"href":"https:\/\/www.europesays.com\/es\/wp-json\/wp\/v2\/posts\/250657","targetHints":{"allow":["GET"]}}],"collection":[{"href":"https:\/\/www.europesays.com\/es\/wp-json\/wp\/v2\/posts"}],"about":[{"href":"https:\/\/www.europesays.com\/es\/wp-json\/wp\/v2\/types\/post"}],"author":[{"embeddable":true,"href":"https:\/\/www.europesays.com\/es\/wp-json\/wp\/v2\/users\/2"}],"replies":[{"embeddable":true,"href":"https:\/\/www.europesays.com\/es\/wp-json\/wp\/v2\/comments?post=250657"}],"version-history":[{"count":0,"href":"https:\/\/www.europesays.com\/es\/wp-json\/wp\/v2\/posts\/250657\/revisions"}],"wp:featuredmedia":[{"embeddable":true,"href":"https:\/\/www.europesays.com\/es\/wp-json\/wp\/v2\/media\/250658"}],"wp:attachment":[{"href":"https:\/\/www.europesays.com\/es\/wp-json\/wp\/v2\/media?parent=250657"}],"wp:term":[{"taxonomy":"category","embeddable":true,"href":"https:\/\/www.europesays.com\/es\/wp-json\/wp\/v2\/categories?post=250657"},{"taxonomy":"post_tag","embeddable":true,"href":"https:\/\/www.europesays.com\/es\/wp-json\/wp\/v2\/tags?post=250657"}],"curies":[{"name":"wp","href":"https:\/\/api.w.org\/{rel}","templated":true}]}}