{"id":250663,"date":"2025-11-23T01:30:09","date_gmt":"2025-11-23T01:30:09","guid":{"rendered":"https:\/\/www.europesays.com\/es\/250663\/"},"modified":"2025-11-23T01:30:09","modified_gmt":"2025-11-23T01:30:09","slug":"rennes-monaco-en-directo-ligue-1-hoy-en-vivo-diario-as","status":"publish","type":"post","link":"https:\/\/www.europesays.com\/es\/250663\/","title":{"rendered":"Rennes-M\u00f3naco, en directo: Ligue 1, hoy en vivo &#8211; Diario AS"},"content":{"rendered":"<ol>\n<li><a href=\"https:\/\/news.google.com\/rss\/articles\/CBMilgFBVV95cUxQNVdwMDluWWtsYWQ1YXZrYlE3Um9iaVFCengtNjVibFJDc2hCUnN2RkNUVFp5ZXRtcVJWX3VGSmx6ZFNMTER2QlduZm1admd4WU54TnU1WkRoSG5LMy1QX2VHQmxIMWVqNzRSVmtkRFdVQ1FmSzdmRHJ5cVJSMXAtTV9yN3hNaUVQSno1OG5Kc191VERjRmfSAaoBQVVfeXFMUDBEdnZZZExCa3V1Vl9XdU5xc3hhVnlEUmI2SmRldWhSckZONmFXbUs0ME1pQmhoLXY2cXI1dXV0TVEzZnJ3ZlAyYTY1N045U1ZzSUljek9xYUl3VDY0RU5QdjY3a21IaU5lZTJhRDdQMWRNaU9BLWFPMTNieVFkR1ZPSk9NbllXQjF2bndmckNwY1hxeUlLR0xUN2lfTWVtLTdST2g2WDRfLWc?oc=5\" target=\"_blank\" rel=\"nofollow noopener\">Rennes-M\u00f3naco, en directo: Ligue 1, hoy en vivo<\/a>&nbsp;&nbsp;Diario AS<\/li>\n<li><a href=\"https:\/\/news.google.com\/rss\/articles\/CBMiowFBVV95cUxNVXN0ZVk1aERpbkJ3LThpQ2VoU1BOSEdELVRCX2wza3cwSU04MFJyRXlJbi1sMnlybi1iNkFUUElmTmdqeldXUFBXN0tuaEpGajdIQnc2VVE4WE9vNjdUTjRNOUh3dzQwVVFVbXZ1TWktU1pib2djU0pSMmlpX1J0RDd1S0NqZkxHSWI4eGlKcGY5YmZvbDFYRDMwdHA3V01LeDVR?oc=5\" target=\"_blank\" rel=\"nofollow noopener\">Rennes \u2013 M\u00f3naco: horario y d\u00f3nde ver hoy por TV el partido de f\u00fatbol de la Ligue 1<\/a>&nbsp;&nbsp;La Vanguardia<\/li>\n<li><a href=\"https:\/\/news.google.com\/rss\/articles\/CBMiowFBVV95cUxPV2Rvd2ROaU9FSUNvdHdGZEQwcDBEZ2Z3Ul9xUDhkektRWnVLMmZBbkg5ODJfQ1FqYXE4cC1UeEd5QUJad1dyTUxDUThiLU5EUnB2cFdCdjJsemVVb1Z3dnF2cUsyT0psbTR4OG1oSlJjUTZScGxnVm1fdXJuNTJkQVhJSGF2bnU3ekY1WnZmMGg2Z1FxSlFfYm03Q0VtQjgxQjZZ?oc=5\" target=\"_blank\" rel=\"nofollow noopener\">Rennes vs M\u00f3naco: Apuestas, Pron\u00f3stico y Cuotas<\/a>&nbsp;&nbsp;Oddschecker<\/li>\n<li><a href=\"https:\/\/news.google.com\/rss\/articles\/CBMiqwFBVV95cUxPZFVSbTZGZTBVbUJrb0pYWnZGemFmcnJrYVhndGxreG84WEtfZWhMbjlMSHN1MjNDZkZPY2dJTTd2U3pXeXRGblBfX24zeDFDUHlaVEFuNHZ6bTlZMGx0M3ZtVXViYXhQZmlNSjIwUnk3SGlOZkpzNmZ5WkdzaGREenhHdGV4SGM5S0VnLWlMd1VBaU5UMTdIVUJ1eHlKZ1pGeDJaN2xTV0xIQzDSAbgBQVVfeXFMT0twbGhnVWhwSWVUTUhvWVp4S2x5MklVSEZHWDFNWldzTDBYMVRnQ1R5SFl2WXJra1ZYWnIxRWQxNnlrYXI4Rm9CYmJtX09wYzVHa3VkbkVDWURHcTJUZGxIQVRhX0hwbFloMU5QclZsT3gzVnI1aDR4VU9XVzkzSktHZldPX0dNZVlMQWFKRXFpSVRKcXdCbjliZkxfTmZBUXh2dFhfWTYxYkZnMFk5NXByRzk4WGoxXw?oc=5\" target=\"_blank\" rel=\"nofollow noopener\">Rennes &#8211; AS M\u00f3naco, en directo | Ligue 1<\/a>&nbsp;&nbsp;Mundo Deportivo<\/li>\n<li><a href=\"https:\/\/news.google.com\/rss\/articles\/CBMiuwFBVV95cUxOLS1kbnZrTUlGT2o1YzdVRFBxQzB0T1g1WFU1U3NmdVNjeTJ3WGlDTVpZeWNkVVhJbUIzSXlZUEJlNGlNR0MwaDBRVnNFNVhvd253ekJrZUtETk1GRExoM2dRZ0ROTzZTODRxMV9qUDFDdGpjemtxbHk1RVFLR09oYk0taS02YzNYM1NIOVM1V3JPcmplUXZXei1DbWRGWkhnQklzdkluX21LS2VValByM2VGczBwQnVuVDVj?oc=5\" target=\"_blank\" rel=\"nofollow noopener\">Stade Rennais vs AS Monaco | Pron\u00f3stico y cuotas 22.11.2025<\/a>&nbsp;&nbsp;Transfermarkt<\/li>\n<\/ol>\n","protected":false},"excerpt":{"rendered":"Rennes-M\u00f3naco, en directo: Ligue 1, hoy en vivo&nbsp;&nbsp;Diario AS Rennes \u2013 M\u00f3naco: horario y d\u00f3nde ver hoy por&hellip;\n","protected":false},"author":2,"featured_media":250664,"comment_status":"","ping_status":"","sticky":false,"template":"","format":"standard","meta":{"footnotes":""},"categories":[268],"tags":[168,25,24,280,282,281,23,167],"class_list":{"0":"post-250663","1":"post","2":"type-post","3":"status-publish","4":"format-standard","5":"has-post-thumbnail","7":"category-futbol","8":"tag-deportes","9":"tag-es","10":"tag-espana","11":"tag-football","12":"tag-futbol","13":"tag-soccer","14":"tag-spain","15":"tag-sports"},"share_on_mastodon":{"url":"https:\/\/pubeurope.com\/@es\/115596428997392821","error":""},"_links":{"self":[{"href":"https:\/\/www.europesays.com\/es\/wp-json\/wp\/v2\/posts\/250663","targetHints":{"allow":["GET"]}}],"collection":[{"href":"https:\/\/www.europesays.com\/es\/wp-json\/wp\/v2\/posts"}],"about":[{"href":"https:\/\/www.europesays.com\/es\/wp-json\/wp\/v2\/types\/post"}],"author":[{"embeddable":true,"href":"https:\/\/www.europesays.com\/es\/wp-json\/wp\/v2\/users\/2"}],"replies":[{"embeddable":true,"href":"https:\/\/www.europesays.com\/es\/wp-json\/wp\/v2\/comments?post=250663"}],"version-history":[{"count":0,"href":"https:\/\/www.europesays.com\/es\/wp-json\/wp\/v2\/posts\/250663\/revisions"}],"wp:featuredmedia":[{"embeddable":true,"href":"https:\/\/www.europesays.com\/es\/wp-json\/wp\/v2\/media\/250664"}],"wp:attachment":[{"href":"https:\/\/www.europesays.com\/es\/wp-json\/wp\/v2\/media?parent=250663"}],"wp:term":[{"taxonomy":"category","embeddable":true,"href":"https:\/\/www.europesays.com\/es\/wp-json\/wp\/v2\/categories?post=250663"},{"taxonomy":"post_tag","embeddable":true,"href":"https:\/\/www.europesays.com\/es\/wp-json\/wp\/v2\/tags?post=250663"}],"curies":[{"name":"wp","href":"https:\/\/api.w.org\/{rel}","templated":true}]}}