{"id":250665,"date":"2025-11-23T01:31:20","date_gmt":"2025-11-23T01:31:20","guid":{"rendered":"https:\/\/www.europesays.com\/es\/250665\/"},"modified":"2025-11-23T01:31:20","modified_gmt":"2025-11-23T01:31:20","slug":"la-sorprendente-reaccion-de-naty-abascal-cuando-le-preguntan-por-la-boda-de-su-hijo","status":"publish","type":"post","link":"https:\/\/www.europesays.com\/es\/250665\/","title":{"rendered":"La sorprendente reacci\u00f3n de Naty Abascal cuando le preguntan por la boda de\u00a0su\u00a0hijo"},"content":{"rendered":"<p data-pm-slice=\"1 1 []\">Despu\u00e9s de 5 a\u00f1os de s\u00f3lida relaci\u00f3n, <a href=\"https:\/\/okdiario.com\/look\/actualidad\/luis-medina-clara-caruana-han-casado-detalles-intima-boda-2429150\" rel=\"nofollow noopener\" target=\"_blank\"><strong>Luis Medina y Clara Caruana<\/strong> se han dado el \u00abs\u00ed, quiero\u00bb<\/a> en un <strong>enlace que han blindado<\/strong> por completo. Tanto es as\u00ed que no ha sido hasta este mi\u00e9rcoles, con la salida a los kioskos de las revistas, cuando hemos conocido la feliz noticia. Por este motivo, las primeras im\u00e1genes de <strong>Naty Abascal<\/strong>, madre del novio, eran unas de las m\u00e1s buscadas y las ha obtenido en <strong>exclusiva la agencia Gtres<\/strong>. Los reporteros han conseguido encontrarse con la modelo en la prestigiosa calle Almagro del centro de Madrid. Una arteria que forma parte del barrio hom\u00f3nimo que destaca por la tranquilidad de sus calles, los edificios se\u00f1oriales que lo componen y el selecto vecindario que acoge. Un enclave privilegiado donde Abascal tiene fijada su residencia en la capital. Ante la presencia de los medios, la <strong>reacci\u00f3n<\/strong> de la protagonista de estas l\u00edneas ha sido de <strong>sorpresa<\/strong> y ha tratado de esquivar las preguntas. Ante las cuestiones planteadas, se ha mostrado ajena y <strong>ha evitado pronunciarse.<\/strong><\/p>\n<p>En el tiempo que dur\u00f3 la grabaci\u00f3n, el reportero le ha preguntado a la socialit\u00e9 sobre c\u00f3mo ha vivido la emotiva jornada y c\u00f3mo ha sido su vestido, que a\u00fan no ha trascendido. Una elecci\u00f3n, la de la madrina, que ha generado mucho inter\u00e9s teniendo en cuenta que <strong>Naty se ha posicionado como una de las mujeres m\u00e1s elegantes de nuestro pa\u00eds<\/strong>. Mientras buscaba un taxi, la madre de Luis Medina incluso ha enviado un mensaje de voz y ha esbozado una <strong>t\u00edmida sonrisa<\/strong>, ignorando a la prensa con \u00e9xito hasta introducirse en el interior del veh\u00edculo.<\/p>\n<p>\n<img decoding=\"async\" loading=\"lazy\" class=\"size-medium wp-image-2432581\" alt=\"Naty Abascal en los premios BMW de pintura. (Foto: Gtres)\" width=\"620\" height=\"349\"  src=\"https:\/\/www.europesays.com\/es\/wp-content\/uploads\/2025\/10\/placeholder.jpg\"  bad-src=\"https:\/\/www.europesays.com\/es\/wp-content\/uploads\/2025\/10\/placeholder.jpg\"\/><\/p>\n<p><img decoding=\"async\" loading=\"lazy\" class=\"size-medium wp-image-2432581\" src=\"https:\/\/www.europesays.com\/es\/wp-content\/uploads\/2025\/11\/u594069_007-1-620x349.jpg\" alt=\"Naty Abascal en los premios BMW de pintura. (Foto: Gtres)\" width=\"620\" height=\"349\"  \/><\/p>\n<p> Naty Abascal en los premios BMW de pintura. (Foto: Gtres)\n<\/p>\n<p>Para esta salida rutinaria de su domicilio, la que fuera duquesa de Feria ha seleccionado un <strong>look c\u00f3modo<\/strong>. Su outfit\u00a0total black, estaba compuesto por unos pantalones fluidos y un anorak corto y acolchado. Como complementos ha optado por un bolso oscuro de la firma <a href=\"https:\/\/okdiario.com\/look\/actualidad\/dos-hombres-naty-abascal-celebrado-cumpleanos-1980191\" rel=\"nofollow noopener\" target=\"_blank\"><strong>Valentino<\/strong>, dise\u00f1ador del que ha sido musa<\/a>, y para aportar un toque de color, se ha colocado un pa\u00f1uelo naranja alrededor del cuello. Con el fin de tratar de pasar desapercibida, ha cubierto tu rostro con unas <strong>grandes gafas de sol<\/strong> carey.<\/p>\n<p>\n<img decoding=\"async\" loading=\"lazy\" class=\"size-medium wp-image-2432583\" alt=\"Naty Abascal en la calle Almagro. (Foto: Gtres)\" width=\"423\" height=\"620\"  src=\"https:\/\/www.europesays.com\/es\/wp-content\/uploads\/2025\/10\/placeholder.jpg\"  bad-src=\"https:\/\/www.europesays.com\/es\/wp-content\/uploads\/2025\/10\/placeholder.jpg\"\/><\/p>\n<p><img decoding=\"async\" loading=\"lazy\" class=\"size-medium wp-image-2432583\" src=\"https:\/\/www.europesays.com\/es\/wp-content\/uploads\/2025\/11\/image-2025-11-22t200326.463-423x620.jpg\" alt=\"Naty Abascal en la calle Almagro. (Foto: Gtres)\" width=\"423\" height=\"620\"  \/><\/p>\n<p> Naty Abascal en la calle Almagro. (Foto: Gtres)\n<\/p>\n<p>La relaci\u00f3n de Luis Medina y Clara Caruana<\/p>\n<p>El marqu\u00e9s de Villalba y la nieta del bar\u00f3n de San Petrillo han puesto el broche de oro a su historia de amor con un enlace que se ha celebrado en la m\u00e1s estricta intimidad familiar. Un gran paso que han dado cuando se cumplen 5<strong> a\u00f1os desde que comenzaran su noviazgo<\/strong>. Tal y como ha trascendido, Luis y Clara se conocieron en plena pandemia del coronavirus. No obstante, los primeros pasos de novios los dieron en silencio, tratando de no levantar el inter\u00e9s de la prensa. Aunque lo cierto es que durante ese tiempo fueron captados en contadas ocasiones compartiendo momentos juntos.<\/p>\n<p>\n<img decoding=\"async\" loading=\"lazy\" class=\"size-medium wp-image-2432586\" alt=\"Clara Caruana y Luis Medina en Jerez de la Frontera. (Foto: Gtres)\" width=\"620\" height=\"349\"  src=\"https:\/\/www.europesays.com\/es\/wp-content\/uploads\/2025\/10\/placeholder.jpg\"  bad-src=\"https:\/\/www.europesays.com\/es\/wp-content\/uploads\/2025\/10\/placeholder.jpg\"\/><\/p>\n<p><img decoding=\"async\" loading=\"lazy\" class=\"size-medium wp-image-2432586\" src=\"https:\/\/www.europesays.com\/es\/wp-content\/uploads\/2025\/11\/u542614_065-1-620x349.jpg\" alt=\"Clara Caruana y Luis Medina en Jerez de la Frontera. (Foto: Gtres)\" width=\"620\" height=\"349\"  \/><\/p>\n<p> Clara Caruana y Luis Medina en Jerez de la Frontera. (Foto: Gtres)\n<\/p>\n<p>No fue hasta varios a\u00f1os despu\u00e9s cuando <strong>hicieron oficial su relaci\u00f3n<\/strong> en su primera aparici\u00f3n p\u00fablica como pareja: la <a href=\"https:\/\/okdiario.com\/look\/actualidad\/victoria-hohenlohe-boda-maxime-corneille-1846368\" rel=\"nofollow noopener\" target=\"_blank\">boda de Victoria de Hohenlohe con Maxime Corneille<\/a>. Un enlace que tuvo como tel\u00f3n de fondo el hist\u00f3rico paisaje de Jerez de la Frontera, en C\u00e1diz, y que ambos utilizaron para pasear su amor cogidos de la mano.<\/p>\n","protected":false},"excerpt":{"rendered":"Despu\u00e9s de 5 a\u00f1os de s\u00f3lida relaci\u00f3n, Luis Medina y Clara Caruana se han dado el \u00abs\u00ed, quiero\u00bb&hellip;\n","protected":false},"author":2,"featured_media":250666,"comment_status":"","ping_status":"","sticky":false,"template":"","format":"standard","meta":{"footnotes":""},"categories":[174],"tags":[255,146,147,25,24,256,22849,23],"class_list":{"0":"post-250665","1":"post","2":"type-post","3":"status-publish","4":"format-standard","5":"has-post-thumbnail","7":"category-famosos","8":"tag-celebrities","9":"tag-entertainment","10":"tag-entretenimiento","11":"tag-es","12":"tag-espana","13":"tag-famosos","14":"tag-naty-abascal","15":"tag-spain"},"share_on_mastodon":{"url":"https:\/\/pubeurope.com\/@es\/115596433641533543","error":""},"_links":{"self":[{"href":"https:\/\/www.europesays.com\/es\/wp-json\/wp\/v2\/posts\/250665","targetHints":{"allow":["GET"]}}],"collection":[{"href":"https:\/\/www.europesays.com\/es\/wp-json\/wp\/v2\/posts"}],"about":[{"href":"https:\/\/www.europesays.com\/es\/wp-json\/wp\/v2\/types\/post"}],"author":[{"embeddable":true,"href":"https:\/\/www.europesays.com\/es\/wp-json\/wp\/v2\/users\/2"}],"replies":[{"embeddable":true,"href":"https:\/\/www.europesays.com\/es\/wp-json\/wp\/v2\/comments?post=250665"}],"version-history":[{"count":0,"href":"https:\/\/www.europesays.com\/es\/wp-json\/wp\/v2\/posts\/250665\/revisions"}],"wp:featuredmedia":[{"embeddable":true,"href":"https:\/\/www.europesays.com\/es\/wp-json\/wp\/v2\/media\/250666"}],"wp:attachment":[{"href":"https:\/\/www.europesays.com\/es\/wp-json\/wp\/v2\/media?parent=250665"}],"wp:term":[{"taxonomy":"category","embeddable":true,"href":"https:\/\/www.europesays.com\/es\/wp-json\/wp\/v2\/categories?post=250665"},{"taxonomy":"post_tag","embeddable":true,"href":"https:\/\/www.europesays.com\/es\/wp-json\/wp\/v2\/tags?post=250665"}],"curies":[{"name":"wp","href":"https:\/\/api.w.org\/{rel}","templated":true}]}}