{"id":250667,"date":"2025-11-23T01:34:28","date_gmt":"2025-11-23T01:34:28","guid":{"rendered":"https:\/\/www.europesays.com\/es\/250667\/"},"modified":"2025-11-23T01:34:28","modified_gmt":"2025-11-23T01:34:28","slug":"adios-para-siempre-a-uno-de-los-personajes-mas-queridos-de-los-simpson-bien-muerta","status":"publish","type":"post","link":"https:\/\/www.europesays.com\/es\/250667\/","title":{"rendered":"Adi\u00f3s para siempre a uno de los personajes m\u00e1s queridos de &#8216;Los Simpson&#8217;: bien muerta"},"content":{"rendered":"<p>Con una emisi\u00f3n en antena de <strong>m\u00e1s de 35 a\u00f1os<\/strong>, no resulta nada extra\u00f1o observar c\u00f3mo algunos de los personajes de Los Simpson reciben sepultura. Desde <strong>muertes sorprendentes<\/strong> como la de Maude Flanders, hasta <a href=\"https:\/\/okdiario.com\/noticias\/simpson\/\" rel=\"nofollow noopener\" target=\"_blank\">presentaciones y despedidas<\/a> de un s\u00f3lo episodio como el fallecimiento de Frank Grimes. Ahora, la ficci\u00f3n creada por <a href=\"https:\/\/okdiario.com\/curiosidades\/quien-creador-simpson-3368889\" rel=\"nofollow noopener\" target=\"_blank\">Matt Groening<\/a> pone fin a un rol secundario que llevaba apareciendo espor\u00e1dicamente en la serie desde 1991: <strong>Alice Glick ha muerto<\/strong>.<\/p>\n<p><img loading=\"lazy\" decoding=\"async\" class=\"wp-image-8913156 size-medium\" alt=\"personajes Simpson\" width=\"620\" height=\"349\"  src=\"https:\/\/www.europesays.com\/es\/wp-content\/uploads\/2025\/09\/la-razon-por-la-que-el-dia-de-los-simpson-se-celebra-el-19-de-abril-620x349.jpg\" \/> \u2018Los Simpson\u2019 (Fox).<\/p>\n<p>S\u00ed, aunque seas un fan probablemente su nombre no te suene demasiado. Entre otras cosas porque a diferencia de otros personajes de Los Simpson, su apellido no se ha repetido mucho a los largo de las <strong>36 temporadas<\/strong> del serial protagonizado por Homer y su familia. Sin embargo, si consultas la foto adjuntada tras este p\u00e1rrafo, sabr\u00e1s en seguida de quien se trata. Eso s\u00ed, en el imaginario popular de los fans de la serie, este personaje cumpl\u00eda la funci\u00f3n de ser <strong>la organista de la Iglesia de Springfield<\/strong> mientras el Reverendo Lovejoy daba misa.<\/p>\n<p><img loading=\"lazy\" decoding=\"async\" class=\"wp-image-15806388 size-medium\" alt=\"personajes Simpson\" width=\"620\" height=\"349\"  src=\"https:\/\/www.europesays.com\/es\/wp-content\/uploads\/2025\/11\/5e08cdd0e4f346370e3f658f7ef675e9_cropped-620x349.jpg\" \/> Alice Glick en su muerte en \u2018Los Simpson\u2019 (Fox).<\/p>\n<p>Sea como fuere, Glick ya no se encuentra presente en la ciudad de Springfield ni volver\u00e1 a aparecer con sus ocurrencias de se\u00f1ora completamente senil y solitaria. Su primer aparici\u00f3n se remonta a la segunda temporada, concretamente en el cap\u00edtulo titulado <strong>Tres hombres y un c\u00f3mic<\/strong>. Recientemente, la se\u00f1ora se ha desplomado s\u00fabitamente sobre el instrumento oficial en uno de los episodios de la temporada 32. A lo largo de la historia del show de la Fox (ahora propiedad de Disney), en la versi\u00f3n original, <strong>Cloris Leachman y Tress MacNeille<\/strong> fueron las dos actrices que la doblaron.<\/p>\n<p>Muere uno de los personajes m\u00e1s longevos de \u2018Los Simpson\u2019<\/p>\n<p>No obstante, no es la primera vez Alice Glick muere en la serie. Para localizar la primera ocasi\u00f3n en la que Glick pas\u00f3 a mejor vida, debemos remontarnos al cap\u00edtulo <strong>Reemplazable t\u00fa<\/strong>, dentro de la temporada 23. Una historia emitida en el 2011 en el que la mujer era tacada <strong>por una mascota rob\u00f3tica<\/strong>.<\/p>\n<p><img loading=\"lazy\" decoding=\"async\" class=\"wp-image-15806391 size-medium\" alt=\"\" width=\"620\" height=\"349\"  src=\"https:\/\/www.europesays.com\/es\/wp-content\/uploads\/2025\/11\/691f49e5f16c1_cropped-620x349.jpg\" \/> \u2018Los Simpson\u2019 (Fox).<\/p>\n<p>Ese fallecimiento por el contrario, no fue considerado canon, reapareciendo posteriormente\u00a0 a veces como fantasma) al igual que otros personajes a los que hemos visto morir como <strong>Hans topo<\/strong>. Entonces \u00bfc\u00f3mo sabemos que Glick no terminar\u00e1 volviendo en el futuro? Bueno, pues porque el productor ejecutivo de la serie, Tim Long, ha dado una entrevista en <strong>TVLine<\/strong> en la que ha dejado bastante claro que la organista no es un personaje al que vayan a resucitar m\u00e1s veces:<\/p>\n<p><img loading=\"lazy\" decoding=\"async\" class=\"size-medium wp-image-15806394\" alt=\"\" width=\"620\" height=\"349\"  src=\"https:\/\/www.europesays.com\/es\/wp-content\/uploads\/2025\/11\/435743_1813951_cropped-620x349.jpg\" \/> \u2018Los Simpson\u2019 (Fox).<\/p>\n<p>\u00abDesde cierto punto de vista, la organista Alice vivir\u00e1 para siempre a trav\u00e9s de la hermosa m\u00fasica que hizo. Pero desde otro, m\u00e1s importante, est\u00e1 muerta y bien muerta\u00bb.<\/p>\n<p>Preparando la nueva pel\u00edcula de \u2018Los Simpson\u2019<\/p>\n<p><img loading=\"lazy\" decoding=\"async\" class=\"size-medium wp-image-13334274\" alt=\"Los Simpson 36\" width=\"620\" height=\"468\"  src=\"https:\/\/www.europesays.com\/es\/wp-content\/uploads\/2025\/11\/descarga-15-620x468.jpg\" \/> La 36 temporada de \u2018Los Simpson\u2019 se puede ver en Disney Plus.<\/p>\n<p>La temporada 37 est\u00e1 emiti\u00e9ndose desde el pasado mes de octubre, pero los fans de la serie tienen la mirada puesta en el 2027, cuando el pr\u00f3ximo <strong>23 de julio<\/strong> se proyecte <strong>la segunda pel\u00edcula<\/strong> de Los Simpson.<\/p>\n<p><img loading=\"lazy\" decoding=\"async\" class=\"size-medium wp-image-15497716\" alt=\"Los Simpson pel\u00edcula\" width=\"620\" height=\"349\"  src=\"https:\/\/www.europesays.com\/es\/wp-content\/uploads\/2025\/11\/los-simpson_cropped-620x349.jpg\" \/> \u2018Los Simpson\u2019 tendr\u00e1 una nueva pel\u00edcula (21th Century Fox).<\/p>\n<p>Quien sabe si para la nueva cinta otro de los ic\u00f3nicos personajes de Los Simpson desaparecer\u00e1 para siempre. Por el momento, se desconoce el argumento que tendr\u00e1 el filme, m\u00e1s all\u00e1 del protagonismo de <strong>Homer, Marge, Bart, Lisa y Marge<\/strong>.<\/p>\n","protected":false},"excerpt":{"rendered":"Con una emisi\u00f3n en antena de m\u00e1s de 35 a\u00f1os, no resulta nada extra\u00f1o observar c\u00f3mo algunos de&hellip;\n","protected":false},"author":2,"featured_media":250668,"comment_status":"","ping_status":"","sticky":false,"template":"","format":"standard","meta":{"footnotes":""},"categories":[171],"tags":[146,147,25,24,23,214],"class_list":{"0":"post-250667","1":"post","2":"type-post","3":"status-publish","4":"format-standard","5":"has-post-thumbnail","7":"category-tv","8":"tag-entertainment","9":"tag-entretenimiento","10":"tag-es","11":"tag-espana","12":"tag-spain","13":"tag-tv"},"share_on_mastodon":{"url":"https:\/\/pubeurope.com\/@es\/115596445330158616","error":""},"_links":{"self":[{"href":"https:\/\/www.europesays.com\/es\/wp-json\/wp\/v2\/posts\/250667","targetHints":{"allow":["GET"]}}],"collection":[{"href":"https:\/\/www.europesays.com\/es\/wp-json\/wp\/v2\/posts"}],"about":[{"href":"https:\/\/www.europesays.com\/es\/wp-json\/wp\/v2\/types\/post"}],"author":[{"embeddable":true,"href":"https:\/\/www.europesays.com\/es\/wp-json\/wp\/v2\/users\/2"}],"replies":[{"embeddable":true,"href":"https:\/\/www.europesays.com\/es\/wp-json\/wp\/v2\/comments?post=250667"}],"version-history":[{"count":0,"href":"https:\/\/www.europesays.com\/es\/wp-json\/wp\/v2\/posts\/250667\/revisions"}],"wp:featuredmedia":[{"embeddable":true,"href":"https:\/\/www.europesays.com\/es\/wp-json\/wp\/v2\/media\/250668"}],"wp:attachment":[{"href":"https:\/\/www.europesays.com\/es\/wp-json\/wp\/v2\/media?parent=250667"}],"wp:term":[{"taxonomy":"category","embeddable":true,"href":"https:\/\/www.europesays.com\/es\/wp-json\/wp\/v2\/categories?post=250667"},{"taxonomy":"post_tag","embeddable":true,"href":"https:\/\/www.europesays.com\/es\/wp-json\/wp\/v2\/tags?post=250667"}],"curies":[{"name":"wp","href":"https:\/\/api.w.org\/{rel}","templated":true}]}}