{"id":250669,"date":"2025-11-23T01:36:11","date_gmt":"2025-11-23T01:36:11","guid":{"rendered":"https:\/\/www.europesays.com\/es\/250669\/"},"modified":"2025-11-23T01:36:11","modified_gmt":"2025-11-23T01:36:11","slug":"el-guionista-de-la-nueva-pelicula-de-dc-asegura-que-el-batman-de-robert-pattinson-puede-encajar-con-james-gunn-fue-excelente-vandal","status":"publish","type":"post","link":"https:\/\/www.europesays.com\/es\/250669\/","title":{"rendered":"El guionista de la nueva pel\u00edcula de DC asegura que el Batman de Robert Pattinson puede encajar con James Gunn: &#039;Fue excelente&#039; &#8211; Vandal"},"content":{"rendered":"<ol>\n<li><a href=\"https:\/\/news.google.com\/rss\/articles\/CBMigAJBVV95cUxQVnJ3RHE4STFNUl9nX0FpRWtfMjNEWEF3RlBzTURWNTJwSXEyZ1J4Ny1JU05DUW5oa2p3UlNtUnVxN2x1VnJmOUNHOWR5OHN6bjNrbmdvNDRaUGF3QjhiS19lRG16ZHV1aXBDdVBhQjkwV3FRTVlNc3hzYzVzODBfblg5bkZsNDNDbkE1ZmkzRzNTT3FLcWtsZDQ0RGZhaC1VNVRTekRaclBvVE94QlZmdGZFUTJCZWQ2Q3NuMjI4OV9BN1FnTl9yTmVyV3c2M3h2QXlsTHo1Y2g3eXlIcnJuYkpEd2RidHNoTFBhQUxhU01EdGZHSGIzZElnbV80ZmRi0gGGAkFVX3lxTE9ad24xck9tUmNQbWZDN1loZzR6SHRiRy1uMHBTUWFTemlFUlRtN21FMWNZSVJ3Mld1NldsSTZma3NTbE9nRk55VnVURjZUNVltZUNja2gxbTNGX3FoSnJsNDNneWJnRW41RXA1MFNURm5scERlazItNnVNbmszdTFYNzZaZkJsSFFDbGpGblppV3lNdlFUdzlveVEyaldlMnlfQTdfazkyUUFNQkFVWkk3dVQzODJ2YzFXRERhbGN3Z09pdkcxdjV3RjVJM3h0THBWS2VFa1RkV1RQQ19IZGNhQ25QQkszQ1JXWVN5c0p1LUhKNzlmSWE1aG5EQWFzRHhqVzR6d3c?oc=5\" target=\"_blank\" rel=\"nofollow noopener\">El guionista de la nueva pel\u00edcula de DC asegura que el Batman de Robert Pattinson puede encajar con James Gunn: &#8216;Fue excelente&#8217;<\/a>&nbsp;&nbsp;Vandal<\/li>\n<li><a href=\"https:\/\/news.google.com\/rss\/articles\/CBMi3AFBVV95cUxQM2N2X0dwTERoMndwVFJPNHVSbU1wcDhEVk9aaVFRU0dZMXMybDBQNEtmbXRTS3hCWUVIYlVIazNMcVlpa3pkTFF6Y3M0RlFhSEdWbjFqNjE1Q1BlSnVmT2dRQ1VYeEc5eExPTXVtTHJ6RzFXcHpEeUoxSWpOT0I4cTJOVWgteHpFSFRLSmZ5cFFoZnJXMDdkQm0wWGhCQnkxVktnWFkzN1JqR05MZWVrUXdacnBlLVE4RnA2TE5tZ19yckhLMVg0bnpwYV9GQzZpbkt1ZG9JVHhMRWx2?oc=5\" target=\"_blank\" rel=\"nofollow noopener\">Mike Flanagan explica c\u00f3mo Clayface mostrar\u00e1 una Gotham \u00abdiferente\u00bb con respecto a The Batman<\/a>&nbsp;&nbsp;Hobby Consolas<\/li>\n<li><a href=\"https:\/\/news.google.com\/rss\/articles\/CBMif0FVX3lxTFBiSUJhR1E1UmRqdG1kUmwyUGx0eng2YVJjTWVrYkVwMG9pakwyMTR0VVJsTENFZmxaTVZzVGxIa0ItY2JhTkhYWmkxeDczei1Kcy0tS0VFR1pSQ3k5NFRGQkNuNDlla2hYajlkXzNrbnhTSjM0MDBnSDhTSHFNQms?oc=5\" target=\"_blank\" rel=\"nofollow noopener\">Clayface (2026) se inspira en la mejor serie de Batman<\/a>&nbsp;&nbsp;Cinemascomics.com<\/li>\n<li><a href=\"https:\/\/news.google.com\/rss\/articles\/CBMijgJBVV95cUxQd0tSTlMwaHFxdm1RUnVYUDZQd0NXUm4tQThrNnJQcHBlcWpfMFp0OVBUakhGVjBZUVZYVFVPWkVBZHpHaGNXSGlKSWZDc2tCa0xlbTFEdjFWVVpGYXF4TjgxMXV5UXdDMy1ucjZxWTVUVHVWby0xRHBXQkpiMWVqR2lPNU5IRGVRLU1EdWFnMkhDUDVpNnB4bWlNMEVHbmN2RXFpZU5CQy1wVC1Cc19qdW1YdjJDSnEzMFhHVFd0NTJkMnIzQUVHcEJJSndKa1JiTjhIVGNaVjl1RTVfcW5CY2lBcEpEeXc5cExHRG5DUVhBWFZRcFVxdmN2dzdkVm52Ny0yeUdwdXU1N1dHc1E?oc=5\" target=\"_blank\" rel=\"nofollow noopener\">Mike Flanagan de Clayface ha revelado su inspiraci\u00f3n relacionada con Batman para la pel\u00edcula de DCU, y ahora estoy muy emocionado.<\/a>&nbsp;&nbsp;mascipolletti.com.ar<\/li>\n<li><a href=\"https:\/\/news.google.com\/rss\/articles\/CBMifkFVX3lxTFBqaHZaOWs5d1dBd1hhQ05xdXhjNVNQYnhwRnR1T1VpU2w0U1dLNWhPdjU0U0stc21WYzhjaUxkaWtBaGdKajFLU3pUV3NtcjZlNEo4QjZrd1owQnlrTjI3c1dKVmljR2ptLTlyNkpGM0R1SlI4SVR2VHYtZDluZw?oc=5\" target=\"_blank\" rel=\"nofollow noopener\">La nueva Gotham de James Gunn ser\u00e1 m\u00e1s oscura y extra\u00f1a que la de Matt Reeves, y Mike Flanagan explica por qu\u00e9<\/a>&nbsp;&nbsp;Cinemascomics.com<\/li>\n<\/ol>\n","protected":false},"excerpt":{"rendered":"El guionista de la nueva pel\u00edcula de DC asegura que el Batman de Robert Pattinson puede encajar con&hellip;\n","protected":false},"author":2,"featured_media":250670,"comment_status":"","ping_status":"","sticky":false,"template":"","format":"standard","meta":{"footnotes":""},"categories":[169],"tags":[177,146,147,25,24,2065,176,175,23],"class_list":{"0":"post-250669","1":"post","2":"type-post","3":"status-publish","4":"format-standard","5":"has-post-thumbnail","7":"category-cine","8":"tag-cine","9":"tag-entertainment","10":"tag-entretenimiento","11":"tag-es","12":"tag-espana","13":"tag-faltan-tags","14":"tag-film","15":"tag-movies","16":"tag-spain"},"share_on_mastodon":{"url":"https:\/\/pubeurope.com\/@es\/115596452438046658","error":""},"_links":{"self":[{"href":"https:\/\/www.europesays.com\/es\/wp-json\/wp\/v2\/posts\/250669","targetHints":{"allow":["GET"]}}],"collection":[{"href":"https:\/\/www.europesays.com\/es\/wp-json\/wp\/v2\/posts"}],"about":[{"href":"https:\/\/www.europesays.com\/es\/wp-json\/wp\/v2\/types\/post"}],"author":[{"embeddable":true,"href":"https:\/\/www.europesays.com\/es\/wp-json\/wp\/v2\/users\/2"}],"replies":[{"embeddable":true,"href":"https:\/\/www.europesays.com\/es\/wp-json\/wp\/v2\/comments?post=250669"}],"version-history":[{"count":0,"href":"https:\/\/www.europesays.com\/es\/wp-json\/wp\/v2\/posts\/250669\/revisions"}],"wp:featuredmedia":[{"embeddable":true,"href":"https:\/\/www.europesays.com\/es\/wp-json\/wp\/v2\/media\/250670"}],"wp:attachment":[{"href":"https:\/\/www.europesays.com\/es\/wp-json\/wp\/v2\/media?parent=250669"}],"wp:term":[{"taxonomy":"category","embeddable":true,"href":"https:\/\/www.europesays.com\/es\/wp-json\/wp\/v2\/categories?post=250669"},{"taxonomy":"post_tag","embeddable":true,"href":"https:\/\/www.europesays.com\/es\/wp-json\/wp\/v2\/tags?post=250669"}],"curies":[{"name":"wp","href":"https:\/\/api.w.org\/{rel}","templated":true}]}}