{"id":250677,"date":"2025-11-23T01:42:13","date_gmt":"2025-11-23T01:42:13","guid":{"rendered":"https:\/\/www.europesays.com\/es\/250677\/"},"modified":"2025-11-23T01:42:13","modified_gmt":"2025-11-23T01:42:13","slug":"el-presidente-de-serbia-senalado-en-el-caso-de-los-safaris-humanos-durante-el-asedio-a-sarajevo-de-los-90","status":"publish","type":"post","link":"https:\/\/www.europesays.com\/es\/250677\/","title":{"rendered":"El presidente de Serbia, se\u00f1alado en el caso de los &#8216;safaris humanos&#8217; durante el asedio a Sarajevo de los 90"},"content":{"rendered":"<p class=\"article-text\">\n        Un periodista de investigaci\u00f3n croata ha presentado una denuncia ante la fiscal\u00eda de Mil\u00e1n contra el presidente de Serbia, Aleksandar Vu\u010di\u0107, por su supuesta implicaci\u00f3n en el asunto de los <a href=\"https:\/\/www.eldiario.es\/internacional\/fiscalia-milan-investiga-safaris-muerte-italianos-sarajevo-matar-civiles-durante-guerra-90_1_12759582.html\" target=\"_blank\" data-mrf-recirculation=\"links-noticia\" class=\"link\" rel=\"nofollow noopener\">\u201csafaris de Sarajevo<\/a>\u201d emprendidos supuestamente por francotiradores italianos y de otros pa\u00edses en la capital bosnia para matar civiles durante el sitio de la ciudad entre 1992 y 1996. \u201cNunca he matado ni herido a nadie ni he hecho algo parecido. Han mentido sobre m\u00ed como francotirador en Sarajevo durante 10-20 a\u00f1os y siguen mintiendo\u201d, respondi\u00f3 Vu\u010di\u0107 a los medios en Belgrado.\n    <\/p>\n<p class=\"article-text\">\n        Los fiscales de Mil\u00e1n emprendieron la semana pasada una investigaci\u00f3n para identificar a los italianos que pudieran estar implicados en casos de asesinato, con las agravantes de crueldad y motivos abyectos.\n    <\/p>\n<p class=\"article-text\">\n        Grupos de \u201cfrancotiradores turistas\u201d participaron presuntamente en asesinatos masivos tras pagar grandes sumas a soldados del ej\u00e9rcito de Radovan Karad\u017ei\u0107 \u2014el antiguo l\u00edder serbobosnio que en 2016 fue declarado culpable de genocidio y otros cr\u00edmenes contra la humanidad\u2014 para ser transportados a las colinas que rodean Sarajevo y disparar a la poblaci\u00f3n a placer, seg\u00fan los investigadores.\n    <\/p>\n<p>            <img decoding=\"async\" class=\"lazy\" loading=\"lazy\" data-src=\"https:\/\/static.eldiario.es\/clip\/e4d740e0-530b-42db-9626-bf2cdbbbac7d_16-9-discover-aspect-ratio_default_0.jpg\" src=\"data:image\/svg+xml,%3Csvg xmlns=\" http:=\"\" viewbox=\"0 0 1200 675\" alt=\"Una mujer corre a refugiarse del intenso fuego de los francotiradores serbios en Sarajevo el 11 de junio de 1995.\"\/><\/p>\n<p class=\"article-text\">\n        M\u00e1s de 10.000 personas murieron bajo la artiller\u00eda y los disparos de francotiradores durante los cuatro a\u00f1os de asedio, que supuso el sitio m\u00e1s largo de la historia moderna, despu\u00e9s de que Bosnia y Herzegovina declarase la independencia de Yugoslavia.\n    <\/p>\n<p class=\"article-text\">\n        Los francotiradores fueron posiblemente el elemento m\u00e1s temido por los vecinos durante el sitio de Sarajevo porque disparaban a la gente en las calles sin distinci\u00f3n, incluso a los ni\u00f1os.\n    <\/p>\n<p class=\"article-text\">\n        La investigaci\u00f3n parti\u00f3 de una denuncia presentada por Ezio Gavazzeni, un escritor milan\u00e9s que recogi\u00f3 pruebas de las acusaciones, as\u00ed como de un informe enviado a los fiscales por la exalcaldesa de Sarajevo Benjamina Kari\u0107.\n    <\/p>\n<p class=\"article-text\">\n        Gavazenni declar\u00f3 que hab\u00eda le\u00eddo informaciones sobre los supuestos francotiradores turistas en la prensa italiana en los 90, pero que solo empez\u00f3 a investigar tras ver el documental de 2022 Sarajevo Safari, dirigido por el esloveno Miran Zupani\u010d.\n    <\/p>\n<p>    El joven Vu\u010di\u0107, en el lugar del crimen<\/p>\n<p class=\"article-text\">\n        El periodista de investigaci\u00f3n Domagoj Margeti\u0107 present\u00f3 el mi\u00e9rcoles la denuncia contra Vu\u010di\u0107 ante los fiscales encargados del caso.\n    <\/p>\n<p class=\"article-text\">\n        La prensa de Sarajevo inform\u00f3 estos d\u00edas de las pruebas publicadas por Margeti\u0107 en redes sociales de que Vu\u010di\u0107, entonces un joven voluntario, estaba presente en uno de los destacamentos militares de la ciudad desde los cuales, seg\u00fan los testigos, unidades serbias acompa\u00f1adas de extranjeros disparaban a matar a los civiles, en lo que se ha dado en llamar un macabro \u201csafari tur\u00edstico\u201d.\n    <\/p>\n<p class=\"article-text\">\n        En varias publicaciones en Instagram, el periodista afirm\u00f3 que Vu\u010di\u0107 declar\u00f3 en una entrevista con medios de Belgrado en 1994 que, durante los &#8216;safaris humanos&#8217; en Sarajevo, hab\u00eda estado en uno de los puestos m\u00e1s exclusivos a los que llegaban esos \u201cmonstruosos turistas\u201d para \u201ccazar\u201d personas.\n    <\/p>\n<p class=\"article-text\">\n        Luego public\u00f3 un video grabado en un puesto del Cementerio Jud\u00edo de Sarajevo, considerada una de las ubicaciones \u201cm\u00e1s atractivas\u201d para disparar, en el que aparecen el criminal de guerra Vojislav Seselj y Vucic. Seg\u00fan Margetic, el actual presidente de Serbia evitaba las c\u00e1maras porque llevaba un rifle en la mano.\n    <\/p>\n<p class=\"article-text\">\n        Nicola Brigida, un abogado que ayud\u00f3 a Gavazzeni a preparar el expediente, indic\u00f3: \u201cLas pruebas acumuladas tras la larga investigaci\u00f3n [de Gavazzeni] est\u00e1n muy sustanciadas y podr\u00edan dar pie a una investigaci\u00f3n seria para identificar a los culpables. Tambi\u00e9n est\u00e1 el informe de la exalcaldesa de Sarajevo\u201d.\n    <\/p>\n<p>            <img decoding=\"async\" class=\"lazy\" loading=\"lazy\" data-src=\"https:\/\/static.eldiario.es\/clip\/b3083810-b3cf-43c8-bf5c-57e8b943d461_16-9-discover-aspect-ratio_default_0.jpg\" src=\"data:image\/svg+xml,%3Csvg xmlns=\" http:=\"\" viewbox=\"0 0 1200 675\" alt=\"Dos mujeres caminan por la &quot;avenida de los francotiradores\u00b7 de Sarajevo en 1993.\"\/><\/p>\n<p>    Italianos, franceses e ingleses<\/p>\n<p class=\"article-text\">\n        Gavazenni afirm\u00f3 que \u201cmuchos, muchos, muchos italianos\u201d est\u00e1n supuestamente implicados, aunque no dio una cifra. \u201cHab\u00eda alemanes, franceses, ingleses&#8230; Gente de todos los pa\u00edses occidentales que pag\u00f3 grandes sumas para que los llevasen a disparar a civiles\u201d, acus\u00f3.\n    <\/p>\n<p class=\"article-text\">\n        El abogado a\u00f1adi\u00f3: \u201cNo ten\u00edan motivaci\u00f3n pol\u00edtica ni religiosa. Eran ricos que fueron para divertirse y por satisfacci\u00f3n personal. Hablamos de amantes de las armas que quiz\u00e1s fuesen a campos de tiro o a safaris en \u00c1frica\u201d.\n    <\/p>\n<p class=\"article-text\">\n        Gavazzeni aleg\u00f3 que los italianos supuestamente implicados se reun\u00edan en la ciudad de Trieste para viajar a Belgrado, desde donde soldados serbobosnios los llevaban a las colinas de Sarajevo.\n    <\/p>\n<p class=\"article-text\">\n        \u201cHab\u00eda un tr\u00e1fico de turistas de guerra que iban all\u00ed a disparar a gente\u201d, indic\u00f3. \u201cYo lo llamo indiferencia ante el mal\u201d, describi\u00f3.\n    <\/p>\n<p class=\"article-text\">\n        \u201cNunca he tenido un rifle de francotirador en las manos, ni siquiera aquel rifle del que hablan, porque eso era un tr\u00edpode de c\u00e1mara. \u00a1Qu\u00e9 verg\u00fcenza!\u201d, declar\u00f3 el mandatario serbio tras hacerse p\u00fablica las acusaciones, seg\u00fan recoge EFE. \u201cNo hay palabra que no hayan dicho para presentarme como un monstruo, un asesino fr\u00edo\u201d, dijo Vu\u010di\u0107, que a\u00f1os atr\u00e1s sostuvo que llevaba un paraguas. Los rumores respecto de la actuaci\u00f3n del presidente serbio por Sarajevo llevaban a\u00f1os circulando.\n    <\/p>\n<p>    <a href=\"https:\/\/www.eldiario.es\/internacional\/abogado-caso-safaris-humanos-sarajevo-gente-adinerada-sadica-gusto-matar_1_12764280.html\" data-mrf-recirculation=\"saber-mas-abajo\" data-dl-event=\"saber-mas-abajo\" rel=\"nofollow noopener\" target=\"_blank\"><\/p>\n<p class=\"know-more__title\">El abogado en el caso de los \u201csafaris humanos\u201d de Sarajevo: \u201cEra gente adinerada, s\u00e1dica y con el gusto de matar\u201d <\/p>\n<p>            <img decoding=\"async\" class=\"lazy\" loading=\"lazy\" data-src=\"https:\/\/static.eldiario.es\/clip\/318c7925-bde2-4c64-8404-6ae9c5270b34_16-9-aspect-ratio_default_0.jpg\" src=\"data:image\/svg+xml,%3Csvg xmlns=\" http:=\"\" viewbox=\"0 0 880 495\" alt=\"El abogado en el caso de los &quot;safaris humanos&quot; de Sarajevo: &quot;Era gente adinerada, s\u00e1dica y con el gusto de matar&quot;\"\/><\/p>\n<p>                        <\/a><\/p>\n<p class=\"article-text\">\n        Con informaci\u00f3n de Agencias.\n    <\/p>\n","protected":false},"excerpt":{"rendered":"Un periodista de investigaci\u00f3n croata ha presentado una denuncia ante la fiscal\u00eda de Mil\u00e1n contra el presidente de&hellip;\n","protected":false},"author":2,"featured_media":250678,"comment_status":"","ping_status":"","sticky":false,"template":"","format":"standard","meta":{"footnotes":""},"categories":[42],"tags":[5404,889,1237,17,18,700,13,14,11,61,62,63,64,19,20,3013,9,10,15,16,5403,2151,952,12,21,22,65,66,67],"class_list":{"0":"post-250677","1":"post","2":"type-post","3":"status-publish","4":"format-standard","5":"has-post-thumbnail","7":"category-internacional","8":"tag-africa","9":"tag-america","10":"tag-asia","11":"tag-breaking-news","12":"tag-breakingnews","13":"tag-europa","14":"tag-featured-news","15":"tag-featurednews","16":"tag-headlines","17":"tag-internacional","18":"tag-international","19":"tag-international-news","20":"tag-internationalnews","21":"tag-latest-news","22":"tag-latestnews","23":"tag-mundo","24":"tag-news","25":"tag-noticias","26":"tag-noticias-destacadas","27":"tag-noticiasdestacadas","28":"tag-oriente-medio","29":"tag-periodismo","30":"tag-politica","31":"tag-titulares","32":"tag-ultimas-noticias","33":"tag-ultimasnoticias","34":"tag-world","35":"tag-world-news","36":"tag-worldnews"},"share_on_mastodon":{"url":"https:\/\/pubeurope.com\/@es\/115596476103253505","error":""},"_links":{"self":[{"href":"https:\/\/www.europesays.com\/es\/wp-json\/wp\/v2\/posts\/250677","targetHints":{"allow":["GET"]}}],"collection":[{"href":"https:\/\/www.europesays.com\/es\/wp-json\/wp\/v2\/posts"}],"about":[{"href":"https:\/\/www.europesays.com\/es\/wp-json\/wp\/v2\/types\/post"}],"author":[{"embeddable":true,"href":"https:\/\/www.europesays.com\/es\/wp-json\/wp\/v2\/users\/2"}],"replies":[{"embeddable":true,"href":"https:\/\/www.europesays.com\/es\/wp-json\/wp\/v2\/comments?post=250677"}],"version-history":[{"count":0,"href":"https:\/\/www.europesays.com\/es\/wp-json\/wp\/v2\/posts\/250677\/revisions"}],"wp:featuredmedia":[{"embeddable":true,"href":"https:\/\/www.europesays.com\/es\/wp-json\/wp\/v2\/media\/250678"}],"wp:attachment":[{"href":"https:\/\/www.europesays.com\/es\/wp-json\/wp\/v2\/media?parent=250677"}],"wp:term":[{"taxonomy":"category","embeddable":true,"href":"https:\/\/www.europesays.com\/es\/wp-json\/wp\/v2\/categories?post=250677"},{"taxonomy":"post_tag","embeddable":true,"href":"https:\/\/www.europesays.com\/es\/wp-json\/wp\/v2\/tags?post=250677"}],"curies":[{"name":"wp","href":"https:\/\/api.w.org\/{rel}","templated":true}]}}