{"id":250681,"date":"2025-11-23T01:44:15","date_gmt":"2025-11-23T01:44:15","guid":{"rendered":"https:\/\/www.europesays.com\/es\/250681\/"},"modified":"2025-11-23T01:44:15","modified_gmt":"2025-11-23T01:44:15","slug":"la-iluminacion-extraordinaria-anuncia-la-navidad-en-san-roque","status":"publish","type":"post","link":"https:\/\/www.europesays.com\/es\/250681\/","title":{"rendered":"La iluminaci\u00f3n extraordinaria anuncia la Navidad en San Roque"},"content":{"rendered":"<p>Los ciudadanos respondieron masivamente a la cita en la Alameda Alfonso XI para vivir un evento lleno de ilusi\u00f3n y magia. Adem\u00e1s de encender los adornos luminosos, con un espectacular \u00e1rbol transitable de 20 metros, hubo actuaciones y se di\u00f3 inicio al Parque Infantil, que va a estar funcionando hasta el d\u00eda de Reyes, y que incluye una pista de patinaje y un tiovivo.<\/p>\n<p>La sorpresa de este a\u00f1o fue una degustaci\u00f3n de pesti\u00f1os, junto a las animaciones infantiles y la actuaci\u00f3n de grupos de baile de la academia de Baile Power Dance.<\/p>\n<p>El alcalde de San Roque, Juan Carlos Ruiz Boix, junto al concejal de Fiestas, Abel Heredia, varios ediles de la Corporaci\u00f3n y numerosos ni\u00f1os presentes en el acto fueron los encargados de hacer la cuenta atr\u00e1s y pulsar el bot\u00f3n que iluminaba la Alameda y simult\u00e1neamente, todo el municipio.<\/p>\n<p>El alcalde, Juan Carlos Ruiz Boix, explic\u00f3 que la agenda \u201cSan Roque Ciudad de la Navidad\u201d, la preparaci\u00f3n de las fiestas navide\u00f1as es un trabajo ilusionante y motivador, y anunci\u00f3 \u201cmomentos especiales pensados para todos: ni\u00f1os, j\u00f3venes, y adultos, en una completa oferta para toda la familia, con ese ambiente tan especial\u201d caracter\u00edstico del municipio.<\/p>\n<p>M\u00e1s de un mill\u00f3n de puntos de luz, repartidos en m\u00e1s de mil motivos distintos, iluminan desde esa noche las calles y plazas de los diez n\u00facleos de poblaci\u00f3n del municipio, una vez que se ha procedido al encendido del alumbrado extraordinario de Navidad.<\/p>\n<p>El encendido del alumbrado extraordinario ha sido el primero de los actos incluidos en la programaci\u00f3n \u201cSan Roque Ciudad de la Navidad\u201d, m\u00e1s de 30 actividades en todo el municipio que se prolongar\u00e1n hasta el mi\u00e9rcoles 7 de enero. Coordinada por la Delegaci\u00f3n de Fiestas, que dirige el concejal Abel Heredia, en esta agenda navide\u00f1a participan otros departamentos municipales y distintos colectivos y entidades.<\/p>\n<p>Cientos de miles de peque\u00f1as bombillas led de \u00faltima tecnolog\u00eda y de bajo consumo, con motivos renovados, iluminan las zonas comerciales y los principales lugares de esparcimiento de todo el municipio para generar ambiente navide\u00f1o, al que contribuyen las atracciones y los puestos del mercado navide\u00f1o ubicados en la Alameda Alfonso XI.<\/p>\n<p>En cuanto a las barriadas, en los accesos a todos los n\u00facleos de poblaci\u00f3n hay carteles de felices fiestas, mientras que en las principales calles cuelgan arcos navide\u00f1os y hay arboles ornamentales iluminados. En las iglesias brillan estrellas de la Navidad.<\/p>\n<p>Se han previsto Zambombas, fiestas infantiles, Belenes Vivientes, concursos de reposter\u00eda, Fiestas preuvas, Campanadas infantiles, arrastre de latas, espect\u00e1culos musicales infantiles, Carteros reales recepciones reales, cabalgata de Reyes, y otros actos.<\/p>\n<p>\u00a0<\/p>\n<p>\u00a0<\/p>\n<p>\u00a0<\/p>\n","protected":false},"excerpt":{"rendered":"Los ciudadanos respondieron masivamente a la cita en la Alameda Alfonso XI para vivir un evento lleno de&hellip;\n","protected":false},"author":2,"featured_media":250682,"comment_status":"","ping_status":"","sticky":false,"template":"","format":"standard","meta":{"footnotes":""},"categories":[5],"tags":[1250,17,18,2193,2191,25,24,13,14,2190,11,19,20,9,10,15,16,2186,2189,2185,2187,23,2192,12,2188,21,22],"class_list":{"0":"post-250681","1":"post","2":"type-post","3":"status-publish","4":"format-standard","5":"has-post-thumbnail","7":"category-titulares","8":"tag-ayuntamiento","9":"tag-breaking-news","10":"tag-breakingnews","11":"tag-cadiz","12":"tag-campamento","13":"tag-es","14":"tag-espana","15":"tag-featured-news","16":"tag-featurednews","17":"tag-guadiaro","18":"tag-headlines","19":"tag-latest-news","20":"tag-latestnews","21":"tag-news","22":"tag-noticias","23":"tag-noticias-destacadas","24":"tag-noticiasdestacadas","25":"tag-roque","26":"tag-san-enrique","27":"tag-san-roque","28":"tag-soto-grande","29":"tag-spain","30":"tag-taraguilla","31":"tag-titulares","32":"tag-torreguadiaro","33":"tag-ultimas-noticias","34":"tag-ultimasnoticias"},"share_on_mastodon":{"url":"https:\/\/pubeurope.com\/@es\/115596483849989711","error":""},"_links":{"self":[{"href":"https:\/\/www.europesays.com\/es\/wp-json\/wp\/v2\/posts\/250681","targetHints":{"allow":["GET"]}}],"collection":[{"href":"https:\/\/www.europesays.com\/es\/wp-json\/wp\/v2\/posts"}],"about":[{"href":"https:\/\/www.europesays.com\/es\/wp-json\/wp\/v2\/types\/post"}],"author":[{"embeddable":true,"href":"https:\/\/www.europesays.com\/es\/wp-json\/wp\/v2\/users\/2"}],"replies":[{"embeddable":true,"href":"https:\/\/www.europesays.com\/es\/wp-json\/wp\/v2\/comments?post=250681"}],"version-history":[{"count":0,"href":"https:\/\/www.europesays.com\/es\/wp-json\/wp\/v2\/posts\/250681\/revisions"}],"wp:featuredmedia":[{"embeddable":true,"href":"https:\/\/www.europesays.com\/es\/wp-json\/wp\/v2\/media\/250682"}],"wp:attachment":[{"href":"https:\/\/www.europesays.com\/es\/wp-json\/wp\/v2\/media?parent=250681"}],"wp:term":[{"taxonomy":"category","embeddable":true,"href":"https:\/\/www.europesays.com\/es\/wp-json\/wp\/v2\/categories?post=250681"},{"taxonomy":"post_tag","embeddable":true,"href":"https:\/\/www.europesays.com\/es\/wp-json\/wp\/v2\/tags?post=250681"}],"curies":[{"name":"wp","href":"https:\/\/api.w.org\/{rel}","templated":true}]}}