{"id":250685,"date":"2025-11-23T01:53:10","date_gmt":"2025-11-23T01:53:10","guid":{"rendered":"https:\/\/www.europesays.com\/es\/250685\/"},"modified":"2025-11-23T01:53:10","modified_gmt":"2025-11-23T01:53:10","slug":"villarreal-mallorca-en-directo-laliga-ea-sports-en-vivo-hoy","status":"publish","type":"post","link":"https:\/\/www.europesays.com\/es\/250685\/","title":{"rendered":"Villarreal &#8211; Mallorca, en directo: LaLiga EA Sports, en vivo hoy"},"content":{"rendered":"<p class=\"ev-title\">La conexi\u00f3n canadiense, al rescate<\/p>\n<p>El Submarino regres\u00f3 del par\u00f3n con ganas y\u00a0<strong>Gerard Moreno demostr\u00f3 muy pronto que est\u00e1 de vuelta a su mejor nivel<\/strong>.<\/p>\n<p><strong>Hizo el primero\u00a0aprovechando una prolongaci\u00f3n de Ayoze<\/strong>\u00a0y ya suma cuatro jornadas seguidas marcando.<\/p>\n<p>El fantasma de la temporada pasada apareci\u00f3, pero <strong>pronto lo espant\u00f3\u00a0Samu Costa con un latigazo raso sin apenas \u00e1ngulo para empatar casi de forma inmediata.<\/strong><\/p>\n<p>Desde ah\u00ed, <strong>fue un intercambio de goles sin premio<\/strong>, con el Mallorca sin renunciar al ataque.<\/p>\n<p><strong>Antonio S\u00e1nchez pudo completar la remontada tras un error de Luiz J\u00fanior\u00a0en la salida de bal\u00f3n,<\/strong> pero\u00a0\u00e9l mismo lo arregl\u00f3 con una gran parada.<\/p>\n<p><strong>P\u00e9p\u00e9 tambi\u00e9n estuvo cerca de hacer el segundo<\/strong> tras un ca\u00f1o m\u00e1gico de Thomas\u00a0en la salida de bal\u00f3n, pero su tiro se march\u00f3 fuera por poco.<\/p>\n<p>Moleiro lo intent\u00f3 sin suerte, igual que <strong>Mojica y Antonio S\u00e1nchez,\u00a0que asustaron con dos disparos lejanos antes del descanso.<\/strong><\/p>\n<p><strong>El guion cambi\u00f3 en la segunda mitad. <\/strong>El Mallorca repleg\u00f3 a un bloque bajo y el Villarreal sufri\u00f3 m\u00e1s para llegar.<\/p>\n<p>Moleiro y Comesa\u00f1a avisaro, pero fue\u00a0<strong>Mikautadze el que estuvo realmente cerca de marcar, pero Bergstr\u00f6m, a gran nivel hoy, se lo impidi\u00f3.<\/strong><\/p>\n<p><strong>El VAR hizo su aparici\u00f3n para anular un penalti se\u00f1alado a Ra\u00edllo al ir al suelo,<\/strong> pero el sufrimiento bermell\u00f3n iba en aumento.<\/p>\n<p><strong>Tani Oluwaseyi fue el que acab\u00f3 con la resistencia al aprovechar un despeje poco contundente al centro de su compatriota Buchanan.\u00a0<\/strong><\/p>\n<p><strong>Nuevo triunfo de un Villarreal que se mantiene en la zona noble y firma un arranque hist\u00f3rico.<\/strong> El Mallorca no marca distancia con el descenso.<\/p>\n","protected":false},"excerpt":{"rendered":"La conexi\u00f3n canadiense, al rescate El Submarino regres\u00f3 del par\u00f3n con ganas y\u00a0Gerard Moreno demostr\u00f3 muy pronto que&hellip;\n","protected":false},"author":2,"featured_media":250686,"comment_status":"","ping_status":"","sticky":false,"template":"","format":"standard","meta":{"footnotes":""},"categories":[268],"tags":[168,25,24,280,282,281,23,167],"class_list":{"0":"post-250685","1":"post","2":"type-post","3":"status-publish","4":"format-standard","5":"has-post-thumbnail","7":"category-futbol","8":"tag-deportes","9":"tag-es","10":"tag-espana","11":"tag-football","12":"tag-futbol","13":"tag-soccer","14":"tag-spain","15":"tag-sports"},"share_on_mastodon":{"url":"https:\/\/pubeurope.com\/@es\/115596519381479195","error":""},"_links":{"self":[{"href":"https:\/\/www.europesays.com\/es\/wp-json\/wp\/v2\/posts\/250685","targetHints":{"allow":["GET"]}}],"collection":[{"href":"https:\/\/www.europesays.com\/es\/wp-json\/wp\/v2\/posts"}],"about":[{"href":"https:\/\/www.europesays.com\/es\/wp-json\/wp\/v2\/types\/post"}],"author":[{"embeddable":true,"href":"https:\/\/www.europesays.com\/es\/wp-json\/wp\/v2\/users\/2"}],"replies":[{"embeddable":true,"href":"https:\/\/www.europesays.com\/es\/wp-json\/wp\/v2\/comments?post=250685"}],"version-history":[{"count":0,"href":"https:\/\/www.europesays.com\/es\/wp-json\/wp\/v2\/posts\/250685\/revisions"}],"wp:featuredmedia":[{"embeddable":true,"href":"https:\/\/www.europesays.com\/es\/wp-json\/wp\/v2\/media\/250686"}],"wp:attachment":[{"href":"https:\/\/www.europesays.com\/es\/wp-json\/wp\/v2\/media?parent=250685"}],"wp:term":[{"taxonomy":"category","embeddable":true,"href":"https:\/\/www.europesays.com\/es\/wp-json\/wp\/v2\/categories?post=250685"},{"taxonomy":"post_tag","embeddable":true,"href":"https:\/\/www.europesays.com\/es\/wp-json\/wp\/v2\/tags?post=250685"}],"curies":[{"name":"wp","href":"https:\/\/api.w.org\/{rel}","templated":true}]}}