{"id":250687,"date":"2025-11-23T01:54:18","date_gmt":"2025-11-23T01:54:18","guid":{"rendered":"https:\/\/www.europesays.com\/es\/250687\/"},"modified":"2025-11-23T01:54:18","modified_gmt":"2025-11-23T01:54:18","slug":"asi-es-el-arbol-de-navidad-de-estilo-clasico-de-david-bustamante","status":"publish","type":"post","link":"https:\/\/www.europesays.com\/es\/250687\/","title":{"rendered":"as\u00ed es el \u00e1rbol de Navidad de estilo cl\u00e1sico de David Bustamante"},"content":{"rendered":"<p>\u00abImagino que ya hab\u00e9is visto el v\u00eddeo del directo que se filtr\u00f3\u00bb, estas palabras son con las que <strong>David Bustamante<\/strong> (43 a\u00f1os)\u00a0empieza un v\u00eddeo que ha dado mucho de qu\u00e9 hablar en las \u00faltimas horas. En el directo que comenta, el de San Vicente de la Barquera criticaba, junto a su hermano, la Navidad y todas las obligaciones sociales que conlleva. Lo que nadie imaginaba es que realmente se trataba del teaser de un anuncio de Navidad.<\/p>\n<p>El mensaje es alto y claro: <strong>cada uno debe vivir la Navidad que desee y le represente<\/strong>. Esta reivindicaci\u00f3n la han hecho en clave de humor e iron\u00eda de la mano de Bustamante y una canci\u00f3n que promete convertirse en un hit.<\/p>\n<p>\u00a0<\/p>\n<p>\u00abDespu\u00e9s de que media Espa\u00f1a me pillase hablando regular de la Navidad, no se me ocurre mejor manera de aclarar lo que siento que <strong>lanzando un &#8216;anti-villancico&#8217; donde canto lo que no me gusta de la Navidad<\/strong> y aprovecho para recordaros que yo, \u00a1a tope con estas fiestas! y esto, quien me conoce lo sabe bien. Pero\u2026que cada uno la celebre como m\u00e1s feliz le haga y lo que no\u2026pues fuera. \u00a1\u00a1Feliz Navidad!! (pero de verdad)\u00bb.<\/p>\n<p>As\u00ed es c\u00f3mo el cantante anunciaba el lanzamiento de su &#8216;anti-villancico&#8217; en sus redes sociales, del que <strong>se ha encargado tambi\u00e9n de escribir la letra<\/strong>. A las puertas de la Navidad, no hemos perdido de vista la decoraci\u00f3n que el artista ha elegido para dar la bienvenida al nuevo a\u00f1o.\u00a0\u00a1Vamos a analizarlo en detalle!<\/p>\n<p><img decoding=\"async\" src=\"https:\/\/www.europesays.com\/es\/wp-content\/uploads\/2025\/11\/victoria-federica-irene-pablo-y-miguel-urdangarin_3c07877a_08_251122231056_800x800.webp.webp\" alt=\"Victoria Federica, Irene, Pablo y Miguel Urdangarin \" class=\"image lazyload\"\/><img loading=\"lazy\" decoding=\"async\" src=\"https:\/\/www.europesays.com\/es\/wp-content\/uploads\/2025\/11\/victoria-federica-irene-pablo-y-miguel-urdangarin_3c07877a_08_251122231106_1280x720.webp.webp\" alt=\"Irene Urdangarin y Victoria Federica derrochan estilo en El Pardo: dos opciones ideales para llevar terciopelo este invierno\" class=\"image lazyload\" width=\"1280\" height=\"720\" data-aspectratio=\"1280\/720\"\/>Un \u00e1rbol de Navidad cl\u00e1sico y sin excesos<\/p>\n<p>La estancia en la que David aparece con su grupo de m\u00fasicos, un abeto acapara buena parte del protagonismo.\u00a0<strong>El \u00e1rbol de Navidad<\/strong>\u00a0<strong>es de estilo cl\u00e1sico<\/strong>. Una alternativa atemporal y muy elegante que tiene esa capacidad de elevar la decoraci\u00f3n de cualquier casa.<\/p>\n<p>Se ha optado por transmitir calidez y tradici\u00f3n a trav\u00e9s de una <strong>decoraci\u00f3n sencilla, sin excesos<\/strong> y luciendo los adornos de toda la vida:<strong> esferas, lazos y tiras de luces<\/strong> peque\u00f1as, c\u00e1lidas y suaves. El color protagonista del \u00e1rbol <strong>es el rojo<\/strong>, el color tambi\u00e9n m\u00e1s tradicional para decorarlo que a\u00fana todo lo que significa la Navidad: amor a raudales uni\u00f3n familiar. Adem\u00e1s, <strong>este rojo resalta m\u00e1s gracias al verde<\/strong> de las ramitas.<\/p>\n<p>Esa sencillez es su punto clave para crear una<strong> atm\u00f3sfera navide\u00f1a tradicional<\/strong>. Los lazos son de <strong>cinta satinada en color rojo<\/strong> y se distribuyen uniformemente por todo el \u00e1rbol aportando textura y un <strong>toque de nostalgia<\/strong> que nos transporta a nuestra infancia. Para dar un toque de movimiento, volumen y calidez, de las ramitas verdes del \u00e1rbol navide\u00f1o tambi\u00e9n <strong>se han colgado bolas rojas y blancas<\/strong>.<\/p>\n<p><img loading=\"lazy\" decoding=\"async\"   src=\"https:\/\/www.europesays.com\/es\/wp-content\/uploads\/2025\/11\/busta-y-the-wallapops_c8924360_251121135056_1200x674.webp.webp\" alt=\"Busta &amp; The Wallapops\" class=\"lazyload\" width=\"1200\" height=\"674\" data-aspectratio=\"1200\/674\"\/>&#13;Wallapop<\/p>\n<p>\u00a0<\/p>\n<p>Con guirnaldas de luces c\u00e1lidas y suaves<\/p>\n<p>Aunque es muy com\u00fan decorar el \u00e1rbol de Navidad con tiras de luces en diferentes colores, a cual m\u00e1s estridente, en este abeto navide\u00f1o se han cuidado todos los detalles y <strong>con sus luces tambi\u00e9n han querido transmitir sencillez<\/strong>, uno de los valores m\u00e1s bonitos de estas fechas del a\u00f1o tan se\u00f1aladas. Para ello, han recorrido todas las ramas del \u00e1rbol con <strong>varias guirnaldas de luces peque\u00f1itas, c\u00e1lidas y suaves<\/strong> que le dan un aspecto la mar de hogare\u00f1o.<\/p>\n<p><img loading=\"lazy\" decoding=\"async\"   src=\"https:\/\/www.europesays.com\/es\/wp-content\/uploads\/2025\/11\/un-arbol-de-navidad-de-estilo-clasico-y-mucho-rojo_e7bd24be_251121135140_1200x2005.webp.webp\" alt=\"Un \u00e1rbol de Navidad de estilo cl\u00e1sico y mucho rojo\" class=\"lazyload\" width=\"1200\" height=\"2005\" data-aspectratio=\"1200\/2005\"\/><\/p>\n<p>Un \u00e1rbol de Navidad de estilo cl\u00e1sico y mucho rojo<\/p>\n<p>&#13;Wallapop<\/p>\n<p><b id=\"docs-internal-guid-01148129-7fff-ea8d-073c-174cb80d6958\">Si no quieres perderte ninguna noticia de Lecturas, sigue a nuestro nuevo perfil en <a href=\"https:\/\/profile.google.com\/cp\/CgsvZy8xMjF0aHIxMA?pf=5\" rel=\"nofollow noopener\" target=\"_blank\">Google Discover <\/a><\/b><\/p>\n<p>Por \u00faltimo, destacar tambi\u00e9n la <strong>decoraci\u00f3n del pie del \u00e1rbol de Navidad<\/strong> donde han colocado varios regalos tambi\u00e9n en los <strong>colores m\u00e1s t\u00edpicos de la Navidad<\/strong>, rojo y verde, para ir a juego con todo el conjunto del \u00e1rbol. Como detalle extra, una<strong> zambomba de barro<\/strong> de las de toda la vida encima de uno de los paquetes.<\/p>\n","protected":false},"excerpt":{"rendered":"\u00abImagino que ya hab\u00e9is visto el v\u00eddeo del directo que se filtr\u00f3\u00bb, estas palabras son con las que&hellip;\n","protected":false},"author":2,"featured_media":250688,"comment_status":"","ping_status":"","sticky":false,"template":"","format":"standard","meta":{"footnotes":""},"categories":[174],"tags":[255,146,147,25,24,256,23],"class_list":{"0":"post-250687","1":"post","2":"type-post","3":"status-publish","4":"format-standard","5":"has-post-thumbnail","7":"category-famosos","8":"tag-celebrities","9":"tag-entertainment","10":"tag-entretenimiento","11":"tag-es","12":"tag-espana","13":"tag-famosos","14":"tag-spain"},"share_on_mastodon":{"url":"https:\/\/pubeurope.com\/@es\/115596523610333889","error":""},"_links":{"self":[{"href":"https:\/\/www.europesays.com\/es\/wp-json\/wp\/v2\/posts\/250687","targetHints":{"allow":["GET"]}}],"collection":[{"href":"https:\/\/www.europesays.com\/es\/wp-json\/wp\/v2\/posts"}],"about":[{"href":"https:\/\/www.europesays.com\/es\/wp-json\/wp\/v2\/types\/post"}],"author":[{"embeddable":true,"href":"https:\/\/www.europesays.com\/es\/wp-json\/wp\/v2\/users\/2"}],"replies":[{"embeddable":true,"href":"https:\/\/www.europesays.com\/es\/wp-json\/wp\/v2\/comments?post=250687"}],"version-history":[{"count":0,"href":"https:\/\/www.europesays.com\/es\/wp-json\/wp\/v2\/posts\/250687\/revisions"}],"wp:featuredmedia":[{"embeddable":true,"href":"https:\/\/www.europesays.com\/es\/wp-json\/wp\/v2\/media\/250688"}],"wp:attachment":[{"href":"https:\/\/www.europesays.com\/es\/wp-json\/wp\/v2\/media?parent=250687"}],"wp:term":[{"taxonomy":"category","embeddable":true,"href":"https:\/\/www.europesays.com\/es\/wp-json\/wp\/v2\/categories?post=250687"},{"taxonomy":"post_tag","embeddable":true,"href":"https:\/\/www.europesays.com\/es\/wp-json\/wp\/v2\/tags?post=250687"}],"curies":[{"name":"wp","href":"https:\/\/api.w.org\/{rel}","templated":true}]}}