{"id":250689,"date":"2025-11-23T01:57:19","date_gmt":"2025-11-23T01:57:19","guid":{"rendered":"https:\/\/www.europesays.com\/es\/250689\/"},"modified":"2025-11-23T01:57:19","modified_gmt":"2025-11-23T01:57:19","slug":"la-sensacion-que-tengo-es-que-a-los-ricos-les-da-pereza-pagar","status":"publish","type":"post","link":"https:\/\/www.europesays.com\/es\/250689\/","title":{"rendered":"La sensaci\u00f3n que tengo es que a los ricos les da pereza pagar"},"content":{"rendered":"\n<ul class=\"bodyList bodyList--unordered\">\n<li class=\"bodyList__item\"><a href=\"https:\/\/www.elconfidencial.com\/economia\/2025-11-06\/antonio-arias-notario-separacion-bien-desconfianza-sentido-comun_4242672\/\" target=\"_self\" rel=\"nofollow noopener\">Antonio Arias, notario: \u00abLa separaci\u00f3n de bienes no es desconfianza, es sentido com\u00fan\u00bb<\/a><\/li>\n<li class=\"bodyList__item\"><a href=\"https:\/\/profile.google.com\/cp\/CgsvZy8xMjI2ZzRoMA\" target=\"_blank\" rel=\"nofollow noopener\">Sigue a El Confidencial en Google Discover para enterarte de todas las noticias<\/a><\/li>\n<\/ul>\n<p> Antonio Jim\u00e9nez, pensionista y participante en <strong>&#8216;laSextta Xplica&#8217;<\/strong>, se convirti\u00f3 en una de las voces m\u00e1s destacadas del debate al afirmar que <strong>\u201ca los ricos les da pereza pagar\u201d<\/strong>. Su comentario, cargado de cr\u00edtica y humor, surgi\u00f3 en un programa centrado en la <strong>desigualdad fiscal<\/strong>, tema que abri\u00f3 un intenso intercambio sobre qui\u00e9n sostiene realmente el sistema. Sus palabras provocaron risas entre los tertulianos, pero tambi\u00e9n invitaron a reflexionar sobre la <strong>brecha social<\/strong> y el reparto de la carga tributaria en Espa\u00f1a. El debate, conducido por <strong>Jos\u00e9 Y\u00e9lamo<\/strong>, avanz\u00f3 analizando la<a href=\"https:\/\/www.elconfidencial.com\/economia\/2025-11-22\/quien-asume-la-perdida-haces-transferencia-cuenta-erronea-banco-no-avisa-ley-1qrt_4252201\/\" target=\"_self\" rel=\"nofollow noopener\"> situaci\u00f3n econ\u00f3mica actual<\/a>. <\/p>\n<p> Jim\u00e9nez recurri\u00f3 a su situaci\u00f3n personal para explicar por qu\u00e9 considera necesaria una mayor responsabilidad fiscal. <strong>\u201cTengo una econom\u00eda muy delgada\u201d<\/strong>, se\u00f1al\u00f3, antes de matizar su postura con una frase que marc\u00f3 el debate: <strong>\u201cLa sensaci\u00f3n que tengo es que a los ricos les da pereza pagar\u201d<\/strong>. Con estas palabras, el pensionista quiso subrayar que <strong>quienes poseen m\u00e1s recursos no siempre contribuyen en proporci\u00f3n a su capacidad<\/strong>, lo que <a href=\"https:\/\/www.elconfidencial.com\/espana\/andalucia\/2020-02-17\/remunicipalizacion-servicios-publicos-malaga-bra_2453471\/\" target=\"_self\" rel=\"nofollow noopener\">repercute directamente en los servicios p\u00fablicos<\/a>. Su intervenci\u00f3n puso el foco en la importancia de sostener un sistema m\u00e1s equilibrado y justo. <\/p>\n<blockquote class=\"twitter-tweet\">\n<p lang=\"es\" dir=\"ltr\">La reflexi\u00f3n de un pensionista sobre los impuestos: \u00abLa sensaci\u00f3n que tengo es que a los ricos les da mucha pereza pagar&#8230;\u00bb <a href=\"https:\/\/t.co\/benTwwwlO2\" rel=\"nofollow\">https:\/\/t.co\/benTwwwlO2<\/a><\/p>\n<p>\u2014 laSexta Xplica (@laSextaXplica) <a href=\"https:\/\/twitter.com\/laSextaXplica\/status\/1990703011350401051?ref_src=twsrc%5Etfw\" rel=\"nofollow noopener\" target=\"_blank\">November 18, 2025<\/a><\/p><\/blockquote>\n<p> En esa misma l\u00ednea intervino <strong>Ari<\/strong><strong>z<\/strong>,<strong> estudiante y trabajador<\/strong>, quien record\u00f3 que la falta de ingresos suficientes afecta de forma directa a la sanidad p\u00fablica. Explic\u00f3 que quienes no pueden permitirse atenci\u00f3n privada dependen completamente del sistema p\u00fablico y que <strong>la desigualdad fiscal acaba convirti\u00e9ndose en desigualdad social<\/strong>. Sus declaraciones reforzaron la idea de que la brecha econ\u00f3mica tiene consecuencias reales en el d\u00eda a d\u00eda. Ambos participantes coincidieron en la necesidad de una <strong>contribuci\u00f3n equitativa<\/strong> para garantizar derechos b\u00e1sicos. <\/p>\n<p> Jim\u00e9nez concluy\u00f3 su intervenci\u00f3n apelando a una mayor <strong>conciencia ciudadana<\/strong>, destacando que los recortes en \u00e1reas sensibles, como los comedores escolares, muestran la necesidad de una <strong>fiscalidad justa y adecuada<\/strong>. \u201cLa pereza se me va cuando veo desnutrici\u00f3n infantil\u201d, coment\u00f3, se\u00f1alando que pagar impuestos es fundamental para sostener un Estado que garantice <strong>igualdad de oportunidades<\/strong>. Su mensaje cerr\u00f3 uno de los momentos m\u00e1s comentados de <strong>&#8216;laSexta Xplica&#8217;<\/strong>, donde se puso de manifiesto la urgencia de reforzar la responsabilidad social ante los retos econ\u00f3micos del pa\u00eds. <\/p>\n<ul class=\"bodyList bodyList--unordered\">\n<li class=\"bodyList__item\"><a href=\"https:\/\/www.elconfidencial.com\/economia\/2025-11-06\/antonio-arias-notario-separacion-bien-desconfianza-sentido-comun_4242672\/\" target=\"_self\" rel=\"nofollow noopener\">Antonio Arias, notario: \u00abLa separaci\u00f3n de bienes no es desconfianza, es sentido com\u00fan\u00bb<\/a><\/li>\n<li class=\"bodyList__item\"><a href=\"https:\/\/profile.google.com\/cp\/CgsvZy8xMjI2ZzRoMA\" target=\"_blank\" rel=\"nofollow noopener\">Sigue a El Confidencial en Google Discover para enterarte de todas las noticias<\/a><\/li>\n<\/ul>\n<p> Antonio Jim\u00e9nez, pensionista y participante en <strong>&#8216;laSextta Xplica&#8217;<\/strong>, se convirti\u00f3 en una de las voces m\u00e1s destacadas del debate al afirmar que <strong>\u201ca los ricos les da pereza pagar\u201d<\/strong>. Su comentario, cargado de cr\u00edtica y humor, surgi\u00f3 en un programa centrado en la <strong>desigualdad fiscal<\/strong>, tema que abri\u00f3 un intenso intercambio sobre qui\u00e9n sostiene realmente el sistema. Sus palabras provocaron risas entre los tertulianos, pero tambi\u00e9n invitaron a reflexionar sobre la <strong>brecha social<\/strong> y el reparto de la carga tributaria en Espa\u00f1a. El debate, conducido por <strong>Jos\u00e9 Y\u00e9lamo<\/strong>, avanz\u00f3 analizando la<a href=\"https:\/\/www.elconfidencial.com\/economia\/2025-11-22\/quien-asume-la-perdida-haces-transferencia-cuenta-erronea-banco-no-avisa-ley-1qrt_4252201\/\" target=\"_self\" rel=\"nofollow noopener\"> situaci\u00f3n econ\u00f3mica actual<\/a>. <\/p>\n<p>              <script async src=\"https:\/\/platform.twitter.com\/widgets.js\" charset=\"utf-8\"><\/script><\/p>\n","protected":false},"excerpt":{"rendered":"Antonio Arias, notario: \u00abLa separaci\u00f3n de bienes no es desconfianza, es sentido com\u00fan\u00bb Sigue a El Confidencial en&hellip;\n","protected":false},"author":2,"featured_media":250690,"comment_status":"","ping_status":"","sticky":false,"template":"","format":"standard","meta":{"footnotes":""},"categories":[171],"tags":[146,147,25,24,23,214],"class_list":{"0":"post-250689","1":"post","2":"type-post","3":"status-publish","4":"format-standard","5":"has-post-thumbnail","7":"category-tv","8":"tag-entertainment","9":"tag-entretenimiento","10":"tag-es","11":"tag-espana","12":"tag-spain","13":"tag-tv"},"share_on_mastodon":{"url":"https:\/\/pubeurope.com\/@es\/115596534872298782","error":""},"_links":{"self":[{"href":"https:\/\/www.europesays.com\/es\/wp-json\/wp\/v2\/posts\/250689","targetHints":{"allow":["GET"]}}],"collection":[{"href":"https:\/\/www.europesays.com\/es\/wp-json\/wp\/v2\/posts"}],"about":[{"href":"https:\/\/www.europesays.com\/es\/wp-json\/wp\/v2\/types\/post"}],"author":[{"embeddable":true,"href":"https:\/\/www.europesays.com\/es\/wp-json\/wp\/v2\/users\/2"}],"replies":[{"embeddable":true,"href":"https:\/\/www.europesays.com\/es\/wp-json\/wp\/v2\/comments?post=250689"}],"version-history":[{"count":0,"href":"https:\/\/www.europesays.com\/es\/wp-json\/wp\/v2\/posts\/250689\/revisions"}],"wp:featuredmedia":[{"embeddable":true,"href":"https:\/\/www.europesays.com\/es\/wp-json\/wp\/v2\/media\/250690"}],"wp:attachment":[{"href":"https:\/\/www.europesays.com\/es\/wp-json\/wp\/v2\/media?parent=250689"}],"wp:term":[{"taxonomy":"category","embeddable":true,"href":"https:\/\/www.europesays.com\/es\/wp-json\/wp\/v2\/categories?post=250689"},{"taxonomy":"post_tag","embeddable":true,"href":"https:\/\/www.europesays.com\/es\/wp-json\/wp\/v2\/tags?post=250689"}],"curies":[{"name":"wp","href":"https:\/\/api.w.org\/{rel}","templated":true}]}}