{"id":25069,"date":"2025-08-04T13:23:09","date_gmt":"2025-08-04T13:23:09","guid":{"rendered":"https:\/\/www.europesays.com\/es\/25069\/"},"modified":"2025-08-04T13:23:09","modified_gmt":"2025-08-04T13:23:09","slug":"el-sevilla-avanza-firme-por-el-portero-deseado-vlachodimos","status":"publish","type":"post","link":"https:\/\/www.europesays.com\/es\/25069\/","title":{"rendered":"El Sevilla avanza firme por el portero deseado: Vlachodimos"},"content":{"rendered":"<p class=\"parrafo\"><strong>Antonio <\/strong><strong>Cord\u00f3n<\/strong>, director deportivo del <strong>Sevilla F\u00fatbol Club<\/strong>, aguarda su momento para acelerar en los refuerzos de la plantilla. Avisaba en su presentaci\u00f3n y no era un farol que la gran mayor\u00eda de los movimientos en el plantel, tanto de entradas como de salidas se producir\u00edan en la \u00faltima quincena de agosto, cuando el mercado entra en ebullici\u00f3n aunque durante este tiempo, el director deportivo ha ido cocinando a fuego lento los objetivos a los que puede aspirar el club de Nervi\u00f3n este verano.<\/p>\n<p class=\"parrafo\">Uno de esos movimientos se espera que sea en la porter\u00eda, aunque si por <strong>Antonio<\/strong> <strong>Cord\u00f3n<\/strong> fuera, la renovar\u00eda completamente. Parece complicado que llegue alguna oferta por <strong>Orjan <\/strong><strong>Nyland <\/strong>en el cierre de mercado por ello la entidad hispalense <a href=\"https:\/\/www.estadiodeportivo.com\/futbol\/sevilla-fc\/almeyda-insiste-quien-quien-lista-para-marsella-20250801-506283.html\" target=\"_blank\" class=\"intext-link\" rel=\"nofollow noopener\">ha puesto todo su empe\u00f1o en encontrarle una salida a su suplente, <strong>\u00c1lvaro <\/strong><\/a><strong><a href=\"https:\/\/www.estadiodeportivo.com\/futbol\/sevilla-fc\/almeyda-insiste-quien-quien-lista-para-marsella-20250801-506283.html\" target=\"_blank\" class=\"intext-link\" rel=\"nofollow noopener\">Fern\u00e1ndez<\/a><\/strong>, a quien V\u00edctor Orta renov\u00f3 antes de que acabara la pasada temporada pese a su discreto rendimiento.<\/p>\n<p><img decoding=\"async\" src=\"https:\/\/www.europesays.com\/es\/wp-content\/uploads\/2025\/08\/62ddbca0-284c-4567-807e-0e6439637ffa_800x533.jpeg\" loading=\"lazy\"\/><\/p>\n<p class=\"parrafo\">Y c\u00f3mo es l\u00f3gico, paralelamente el m\u00e1ximo responsable de la planificaci\u00f3n deportiva avanza para la contrataci\u00f3n de su recambio. <a href=\"https:\/\/www.estadiodeportivo.com\/futbol\/sevilla-fc\/movimientos-relevantes-odyssea-cordon-para-porteria-del-sevilla-20250723-505161.html\" target=\"_blank\" class=\"intext-link\" rel=\"nofollow noopener\">Hace ya un par de semanas que sali\u00f3 a la palestra el nombre del griego <strong>Odysseas<\/strong> <strong>Vlachodimos<\/strong> como uno de los candidatos a competirle la titularidad a <strong>Nyland<\/strong> esta temporada<\/a>, y seg\u00fan las \u00faltimas informaciones que llegan desde <strong>Reino<\/strong> <strong>Unido<\/strong>, parece que la opci\u00f3n del meta del <strong>Newcastle<\/strong> <strong>United<\/strong> gana enteros y se perfila como la opci\u00f3n n\u00famero uno para recalar en Nervi\u00f3n.<\/p>\n<p><a class=\"elementos-rel-t2\" href=\"https:\/\/www.estadiodeportivo.com\/futbol\/sevilla-fc\/movimientos-relevantes-odyssea-cordon-para-porteria-del-sevilla-20250723-505161.html\" title=\"Movimientos relevantes en la &#039;Odyssea&#039; de Cord\u00f3n para la porter\u00eda del Sevilla\" rel=\"nofollow noopener\" target=\"_blank\">Movimientos relevantes en la &#8216;Odyssea&#8217; de Cord\u00f3n para la porter\u00eda del Sevilla<img decoding=\"async\" src=\"https:\/\/www.europesays.com\/es\/wp-content\/uploads\/2025\/08\/9797d6a5-38eb-4717-ab90-0e4d93881795_320x180.jpeg\" alt=\"Movimientos relevantes en la 'Odyssea' de Cord\u00f3n para la porter\u00eda del Sevilla\"\/><\/a><a class=\"elementos-rel-t2\" href=\"https:\/\/www.estadiodeportivo.com\/futbol\/sevilla-fc\/sevilla-mueve-ficha-para-sustituir-alvaro-ferllo-20250711-503648.html\" title=\"El Sevilla mueve ficha para sustituir a \u00c1lvaro Ferllo\" rel=\"nofollow noopener\" target=\"_blank\">El Sevilla mueve ficha para sustituir a \u00c1lvaro Ferllo<img decoding=\"async\" src=\"https:\/\/www.europesays.com\/es\/wp-content\/uploads\/2025\/08\/f4ad3fa7-2bc0-4ec2-96d3-d1bfd24a62ef_320x180.jpeg\" alt=\"El Sevilla mueve ficha para sustituir a \u00c1lvaro Ferllo\"\/><\/a><a class=\"elementos-rel-t2\" href=\"https:\/\/www.estadiodeportivo.com\/futbol\/sevilla-fc\/los-dos-objetivos-prioritarios-antonio-cordon-mercado-fichajes-20250722-505047.html\" title=\"Los dos objetivos prioritarios de Antonio Cord\u00f3n en el mercado de fichajes\" rel=\"nofollow noopener\" target=\"_blank\">Los dos objetivos prioritarios de Antonio Cord\u00f3n en el mercado de fichajes<img decoding=\"async\" src=\"https:\/\/www.europesays.com\/es\/wp-content\/uploads\/2025\/08\/e2ef40be-67f9-4580-b901-e2716255c583_320x180.jpeg\" alt=\"Los dos objetivos prioritarios de Antonio Cord\u00f3n en el mercado de fichajes\"\/><\/a><\/p>\n<p class=\"parrafo\">As\u00ed lo apunta el Daily Mail, que avanza que el Sevilla sigue explorando con el <strong>Newcastle <\/strong>un acuerdo en forma de cesi\u00f3n despu\u00e9s de que el propio guardameta heleno se muestre interesado en fichar por el Sevilla con la intenci\u00f3n de volver a ser protagonista y relanzar su carrera despu\u00e9s de un a\u00f1o casi en blanco en St. James&#8217; Park, donde tan s\u00f3lo jug\u00f3 un partido pese a que el club ingl\u00e9s se gast\u00f3 la friolera de casi 24 millones de euros en el griego. <\/p>\n<p><img decoding=\"async\" src=\"https:\/\/www.europesays.com\/es\/wp-content\/uploads\/2025\/08\/06b9e425-4608-425e-9154-0ec5275a8fa3_800x533.jpeg\" loading=\"lazy\"\/>Quiere ser titular en un a\u00f1o de Mundial<\/p>\n<p class=\"parrafo\">Al mismo tiempo, el <strong>Newcastle <\/strong>se muestra abierto a dejarlo salir a pr\u00e9stamo ya que no cuenta para <strong>Eddie <\/strong><strong>Howe<\/strong>, aunque todav\u00eda habr\u00eda que negociar los t\u00e9rminos de ese contrato de cesi\u00f3n. Tras salir de la cantera del <strong>Stuttgart<\/strong> y consagrarse en el <strong>Panathinaikos<\/strong>, <strong>Vlachodimos<\/strong> se march\u00f3 al Benfica, donde disput\u00f3 un total de 225 partidos en cinco temporadas antes de emigrar a la <strong>Premier<\/strong> <strong>League<\/strong>, donde no ha encontrado esa regularidad ni en el Nottingham Forest, donde tan s\u00f3lo jug\u00f3 siete partidos en la 23\/24, y mucho menos esta pasada temporada en el Newcastle. <\/p>\n<p class=\"parrafo\">Esta \u00faltima temporada le ha costado el puesto de titular en la selecci\u00f3n griega en detrimento de <strong>Tzolakis <\/strong>pero el portero nacido en Alemania no quiere perder m\u00e1s terreno en su selecci\u00f3n, de ah\u00ed que apueste por salir para ser importante, en un a\u00f1o donde buscar\u00e1n estar en el Mundial de 2026.<\/p>\n","protected":false},"excerpt":{"rendered":"Antonio Cord\u00f3n, director deportivo del Sevilla F\u00fatbol Club, aguarda su momento para acelerar en los refuerzos de la&hellip;\n","protected":false},"author":2,"featured_media":25070,"comment_status":"","ping_status":"","sticky":false,"template":"","format":"standard","meta":{"footnotes":""},"categories":[268],"tags":[14055,5974,168,25,24,284,285,280,282,14056,2993,281,23,167],"class_list":{"0":"post-25069","1":"post","2":"type-post","3":"status-publish","4":"format-standard","5":"has-post-thumbnail","7":"category-futbol","8":"tag-alvaro-fernandez","9":"tag-antonio-cordon","10":"tag-deportes","11":"tag-es","12":"tag-espana","13":"tag-estadio-deportivo","14":"tag-fichajes","15":"tag-football","16":"tag-futbol","17":"tag-nyland","18":"tag-sevilla-futbol-club","19":"tag-soccer","20":"tag-spain","21":"tag-sports"},"share_on_mastodon":{"url":"","error":""},"_links":{"self":[{"href":"https:\/\/www.europesays.com\/es\/wp-json\/wp\/v2\/posts\/25069","targetHints":{"allow":["GET"]}}],"collection":[{"href":"https:\/\/www.europesays.com\/es\/wp-json\/wp\/v2\/posts"}],"about":[{"href":"https:\/\/www.europesays.com\/es\/wp-json\/wp\/v2\/types\/post"}],"author":[{"embeddable":true,"href":"https:\/\/www.europesays.com\/es\/wp-json\/wp\/v2\/users\/2"}],"replies":[{"embeddable":true,"href":"https:\/\/www.europesays.com\/es\/wp-json\/wp\/v2\/comments?post=25069"}],"version-history":[{"count":0,"href":"https:\/\/www.europesays.com\/es\/wp-json\/wp\/v2\/posts\/25069\/revisions"}],"wp:featuredmedia":[{"embeddable":true,"href":"https:\/\/www.europesays.com\/es\/wp-json\/wp\/v2\/media\/25070"}],"wp:attachment":[{"href":"https:\/\/www.europesays.com\/es\/wp-json\/wp\/v2\/media?parent=25069"}],"wp:term":[{"taxonomy":"category","embeddable":true,"href":"https:\/\/www.europesays.com\/es\/wp-json\/wp\/v2\/categories?post=25069"},{"taxonomy":"post_tag","embeddable":true,"href":"https:\/\/www.europesays.com\/es\/wp-json\/wp\/v2\/tags?post=25069"}],"curies":[{"name":"wp","href":"https:\/\/api.w.org\/{rel}","templated":true}]}}