{"id":250691,"date":"2025-11-23T02:00:11","date_gmt":"2025-11-23T02:00:11","guid":{"rendered":"https:\/\/www.europesays.com\/es\/250691\/"},"modified":"2025-11-23T02:00:11","modified_gmt":"2025-11-23T02:00:11","slug":"lanus-conquisto-la-sudamericana-y-alcanzo-la-octava-estrella-de-su-historia-asi-quedo-la-tabla-historica-de-titulos-del-futbol-argentino","status":"publish","type":"post","link":"https:\/\/www.europesays.com\/es\/250691\/","title":{"rendered":"Lan\u00fas conquist\u00f3 la Sudamericana y alcanz\u00f3 la octava estrella de su historia: as\u00ed qued\u00f3 la tabla hist\u00f3rica de t\u00edtulos del f\u00fatbol argentino"},"content":{"rendered":"<p><img alt=\"\" class=\"global-image\" decoding=\"async\" fetchpriority=\"high\" height=\"1080\" loading=\"eager\" src=\"https:\/\/www.europesays.com\/es\/wp-content\/uploads\/2025\/11\/OEUNED6D5REVJIB3ASYMHKYC3Y.jpg\" width=\"1920\"\/><\/p>\n<p class=\"paragraph\"><a rel=\"noopener noreferrer nofollow\" href=\"https:\/\/www.infobae.com\/deportes\/2025\/11\/22\/lanus-enfrentara-a-atletico-mineiro-en-paraguay-con-el-sueno-de-ser-campeon-de-la-copa-sudamericana-hora-tv-y-todo-lo-que-hay-que-saber\/\" target=\"_blank\" title=\"https:\/\/www.infobae.com\/deportes\/2025\/11\/22\/lanus-enfrentara-a-atletico-mineiro-en-paraguay-con-el-sueno-de-ser-campeon-de-la-copa-sudamericana-hora-tv-y-todo-lo-que-hay-que-saber\/\"><b>Lan\u00fas venci\u00f3 a Atl\u00e9tico Mineiro<\/b><\/a>, se consagr\u00f3 <b>campe\u00f3n de la Copa Sudamericana<\/b> y asegur\u00f3 su <b>clasificaci\u00f3n <\/b>a la pr\u00f3xima <b>Copa Libertadores<\/b>. En el estadio Defensores de Chaco, de Asunci\u00f3n, el conjunto comandado por Mauricio Pellegrino super\u00f3 el \u00faltimo gran escollo brasile\u00f1o y <b>alcanz\u00f3 la octava estrella de su historia<\/b>.<\/p>\n<p class=\"paragraph\">El Granate, que ya se hab\u00eda convertido en el equipo argentino con m\u00e1s participaciones en la Copa Sudamericana (14) y el que m\u00e1s finales alcanz\u00f3 (3), <b>repiti\u00f3 el t\u00edtulo logrado en 2013<\/b> bajo la conducci\u00f3n t\u00e9cnica de Guillermo Barros Schelotto.<\/p>\n<p class=\"paragraph\">Lan\u00fas, que <b>tambi\u00e9n cuenta con una Copa Conmebol de 1996<\/b> en su lista de palmar\u00e9s internacionales, ven\u00eda de perder su \u00faltima final de Sudamericana en 2021 frente a Defensa y Justicia. Con su victoria, traer\u00e1 nuevamente el trofeo para la Argentina, como lo hizo Racing en la edici\u00f3n pasada, y <b>se garantiz\u00f3 disputar la Recopa Sudamericana<\/b> (cuyo vigente campe\u00f3n tambi\u00e9n es la Academia) frente al ganador de la final de la Copa Libertadores entre Flamengo y Palmeiras.<\/p>\n<p class=\"paragraph\">Como se dijo, con este nuevo t\u00edtulo, el Granate alcanz\u00f3 <b>la octava estrella de su historia. <\/b>Estos son: Copa Campeonato Juan Domingo Per\u00f3n 1955, Copa Conmebol 1996, Torneo Apertura 2007, Copa Sudamericana 2013, Campeonato de Primera Divisi\u00f3n 2016, Copa Bicentenario 2016, Supercopa Argentina 2016 y la Copa Sudamericana 2025.<\/p>\n<p class=\"paragraph\">Si se toman en cuenta <b>todos los t\u00edtulos de la historia<\/b>, sumando Ligas, Copas Nacionales e internacionales, contando el amateurismo y profesionalismo, <b>Boca Juniors lidera el listado con 74, seguido por River Plate (72) e Independiente (45). <\/b>Detr\u00e1s aparece Racing con 41 y San Lorenzo con 22. <b>Lan\u00fas qued\u00f3 a un t\u00edtulo de alcanzar a Newell\u2019s y subirse al top ten<\/b> de los m\u00e1s ganadores del f\u00fatbol argentino y contin\u00faa alej\u00e1ndose de su m\u00e1ximo rival Banfield, que suma dos trofeos en total.<\/p>\n<p class=\"paragraph\">Siguiendo <b>en materia internacional, Lan\u00fas <\/b>se alej\u00f3 del pelot\u00f3n que compon\u00edan Argentinos, Arsenal y Defensa y Justicia y ahora marcha<b> octavo<\/b>. En esta lista, <b>Boca Juniors tambi\u00e9n lidera con 22<\/b>, <b>seguido por Independiente (20) y River Plate (18).<\/b> M\u00e1s atr\u00e1s, aparecen Racing (8), Estudiantes (6), San Lorenzo (5), V\u00e9lez (5), <b>Lan\u00fas (3)<\/b>, Argentinos Juniors (2), Arsenal (2) y Defensa y Justicia (2), Rosario Central y Talleres de C\u00f3rdoba (1). <\/p>\n<p class=\"paragraph\"><b>\u2022 LOS CLUBES ARGENTINOS CON M\u00c1S T\u00cdTULOS INTERNACIONALES<\/b><\/p>\n<p class=\"paragraph\"><b>1. BOCA JUNIORS: 22 T\u00cdTULOS<\/b><\/p>\n<p class=\"paragraph\">Copa Libertadores (6) \/ Recopa Sudamericana (4) \/ Intercontinental (3) \/ Sudamericana (2) \/ Supercopa (1) \/ Nicol\u00e1s Leoz (1) \/ Copa M\u00e1ster (1) \/ Copa de Confraternidad Escobar-Gerona (2) \/ Copa Tie Competition (1) \/ Copa Cousenier (1)<\/p>\n<p class=\"paragraph\"><b>2. INDEPENDIENTE: 20 T\u00cdTULOS<\/b><\/p>\n<p class=\"paragraph\">Copa Libertadores (7) \/ Intercontinental (2) \/ Copa Sudamericana (2) \/ Interamericana (3) \/ Supercopa (2) \/ Recopa Sudamericana (1) \/ Suruga Bank (1) \/ Copa Ricardo Aldao (2)<\/p>\n<p class=\"paragraph\"><b>3. RIVER PLATE: 18 T\u00cdTULOS<\/b><\/p>\n<p class=\"paragraph\">Copa Intercontinental (1) \/ Copa Libertadores (4) \/ Recopa Sudamericana (3) \/ Copa Interamericana (1) \/ Copa Sudamericana (1) \/ Supercopa Sudamericana (1) \/ Copa J. League Sudamericana (1) \/ Copa Ricardo Aldao (5) \/ Copa Tie Competition (1)<\/p>\n<p class=\"paragraph\"><b>4. RACING CLUB: 8 T\u00cdTULOS<\/b><\/p>\n<p class=\"paragraph\">Copa Intercontinental (1) \/ Copa Libertadores (1) \/ Supercopa Sudamericana (1) \/ Copa Cousenier (1) \/ Copa Ricardo Aldao (2) \/ Copa Sudamericana (1) \/ Recopa Sudamericana (1)<\/p>\n<p class=\"paragraph\"><b>5. ESTUDIANTES: 6 T\u00cdTULOS<\/b><\/p>\n<p class=\"paragraph\">Copa Intercontinental (1) \/ Copa Libertadores (4) \/ Copa Interamericana (1)<\/p>\n<p class=\"paragraph\"><b>6. V\u00c9LEZ S\u00c1RSFIELD: 5 T\u00cdTULOS<\/b><\/p>\n<p class=\"paragraph\">Copa Intercontinental (1) \/ Copa Libertadores (1) \/ Copa Interamericana (1) \/ Supercopa Sudamericana (1) \/ Recopa Sudamericana (1)<\/p>\n<p class=\"paragraph\"><b>6. SAN LORENZO: 5 T\u00cdTULOS<\/b><\/p>\n<p class=\"paragraph\">Copa Libertadores (1) \/ Copa Sudamericana (1) \/ Copa Mercosur (1) \/ Copa Ricardo Aldao (1) \/ Copa Campeonato del R\u00edo de la Plata (1)<\/p>\n<p class=\"paragraph\"><b>8. LAN\u00daS: 3 T\u00cdTULOS<\/b><\/p>\n<p class=\"paragraph\">Copa Conmebol (1) \/ Copa Sudamericana (2)<\/p>\n<p class=\"paragraph\"><b>9. ARGENTINOS JUNIORS: 2 T\u00cdTULOS<\/b><\/p>\n<p class=\"paragraph\">Copa Libertadores (1) \/ Copa Interamericana (1)<\/p>\n<p class=\"paragraph\"><b>9. ARSENAL DE SARAND\u00cd: 2 T\u00cdTULOS<\/b><\/p>\n<p class=\"paragraph\">Copa Sudamericana (1) \/ Copa Suruga Bank (1)<\/p>\n<p class=\"paragraph\"><b>9. DEFENSA Y JUSTICIA: 2 T\u00cdTULOS<\/b><\/p>\n<p class=\"paragraph\">Copa Sudamericana (1) \/ Recopa Sudamericana (1)<\/p>\n<p class=\"paragraph\"><b>12. ROSARIO CENTRAL: 1 T\u00cdTULO<\/b><\/p>\n<p class=\"paragraph\">Copa Conmebol (1)<\/p>\n<p class=\"paragraph\"><b>12. TALLERES DE C\u00d3RDOBA: 1 T\u00cdTULO<\/b><\/p>\n<p class=\"paragraph\">Copa Conmebol (1)<\/p>\n","protected":false},"excerpt":{"rendered":"Lan\u00fas venci\u00f3 a Atl\u00e9tico Mineiro, se consagr\u00f3 campe\u00f3n de la Copa Sudamericana y asegur\u00f3 su clasificaci\u00f3n a la&hellip;\n","protected":false},"author":2,"featured_media":250692,"comment_status":"","ping_status":"","sticky":false,"template":"","format":"standard","meta":{"footnotes":""},"categories":[93],"tags":[168,25,24,23,167],"class_list":{"0":"post-250691","1":"post","2":"type-post","3":"status-publish","4":"format-standard","5":"has-post-thumbnail","7":"category-deportes","8":"tag-deportes","9":"tag-es","10":"tag-espana","11":"tag-spain","12":"tag-sports"},"share_on_mastodon":{"url":"https:\/\/pubeurope.com\/@es\/115596547096381152","error":""},"_links":{"self":[{"href":"https:\/\/www.europesays.com\/es\/wp-json\/wp\/v2\/posts\/250691","targetHints":{"allow":["GET"]}}],"collection":[{"href":"https:\/\/www.europesays.com\/es\/wp-json\/wp\/v2\/posts"}],"about":[{"href":"https:\/\/www.europesays.com\/es\/wp-json\/wp\/v2\/types\/post"}],"author":[{"embeddable":true,"href":"https:\/\/www.europesays.com\/es\/wp-json\/wp\/v2\/users\/2"}],"replies":[{"embeddable":true,"href":"https:\/\/www.europesays.com\/es\/wp-json\/wp\/v2\/comments?post=250691"}],"version-history":[{"count":0,"href":"https:\/\/www.europesays.com\/es\/wp-json\/wp\/v2\/posts\/250691\/revisions"}],"wp:featuredmedia":[{"embeddable":true,"href":"https:\/\/www.europesays.com\/es\/wp-json\/wp\/v2\/media\/250692"}],"wp:attachment":[{"href":"https:\/\/www.europesays.com\/es\/wp-json\/wp\/v2\/media?parent=250691"}],"wp:term":[{"taxonomy":"category","embeddable":true,"href":"https:\/\/www.europesays.com\/es\/wp-json\/wp\/v2\/categories?post=250691"},{"taxonomy":"post_tag","embeddable":true,"href":"https:\/\/www.europesays.com\/es\/wp-json\/wp\/v2\/tags?post=250691"}],"curies":[{"name":"wp","href":"https:\/\/api.w.org\/{rel}","templated":true}]}}