{"id":250693,"date":"2025-11-23T02:02:09","date_gmt":"2025-11-23T02:02:09","guid":{"rendered":"https:\/\/www.europesays.com\/es\/250693\/"},"modified":"2025-11-23T02:02:09","modified_gmt":"2025-11-23T02:02:09","slug":"prision-comunicada-y-sin-fianza-para-el-presunto-autor-de-la-muerte-de-encarnita-polo","status":"publish","type":"post","link":"https:\/\/www.europesays.com\/es\/250693\/","title":{"rendered":"Prisi\u00f3n comunicada y sin fianza para el presunto autor de la muerte de Encarnita Polo"},"content":{"rendered":"<p>22\/11\/2025<br \/>\n<br \/><strong><br \/>\nActualizado a las 22:43h.<br \/>\n<\/strong><\/p>\n<p class=\"voc-p\" style=\"\">El titular del Juzgado de Primera Instancia e Instrucci\u00f3n n\u00famero 2 de \u00c1vila ha decretado <strong>prisi\u00f3n comunicada y sin fianza<\/strong>, en unidad de psiquiatr\u00eda, para el hombre de 66 a\u00f1os al que se considera presunto responsable de matar a la cantante y actriz Encarnita  &#8230; Polo, el pasado 14 de noviembre en una residencia de \u00c1vila.<\/p>\n<p class=\"voc-p\" style=\"\">Fuentes de la Fiscal\u00eda han confirmado este s\u00e1bado a EFE que el auto de prisi\u00f3n se acord\u00f3 despu\u00e9s de que en la tarde del viernes el acusado pasara a disposici\u00f3n del juez, una semana despu\u00e9s de los hechos.<\/p>\n<p class=\"voc-p\" style=\"\">Durante este tiempo, <strong>el hombre ha permanecido ingresado en la Unidad de Psiquiatr\u00eda del Hospital Nuestra Se\u00f1ora de Sonsoles, en \u00c1vila<\/strong>, lo que ha impedido que pudiera declarar ante el juez que instruye este caso. El mismo ha tenido una gran repercusi\u00f3n medi\u00e1tica desde que se conoci\u00f3 la muerte de la artista, de 86 a\u00f1os.<\/p>\n<p class=\"voc-p\" style=\"\">Las mismas fuentes han dicho desconocer la prisi\u00f3n en la que ingresar\u00e1 el hombre de 66 a\u00f1os, ya que se trata de una decisi\u00f3n que corresponde a Instituciones Penitenciarias.<\/p>\n<p>\nArt\u00edculo solo para suscriptores\n<\/p>\n<p>Reportar un error<\/p>\n","protected":false},"excerpt":{"rendered":"22\/11\/2025 Actualizado a las 22:43h. El titular del Juzgado de Primera Instancia e Instrucci\u00f3n n\u00famero 2 de \u00c1vila&hellip;\n","protected":false},"author":2,"featured_media":250694,"comment_status":"","ping_status":"","sticky":false,"template":"","format":"standard","meta":{"footnotes":""},"categories":[91],"tags":[1697,63516,61345,146,147,25,24,18963,4920,5425,15039,16733,23],"class_list":{"0":"post-250693","1":"post","2":"type-post","3":"status-publish","4":"format-standard","5":"has-post-thumbnail","7":"category-entretenimiento","8":"tag-autor","9":"tag-comunicada","10":"tag-encarnita","11":"tag-entertainment","12":"tag-entretenimiento","13":"tag-es","14":"tag-espana","15":"tag-fianza","16":"tag-muerte","17":"tag-polo","18":"tag-presunto","19":"tag-prision","20":"tag-spain"},"share_on_mastodon":{"url":"https:\/\/pubeurope.com\/@es\/115596554829558132","error":""},"_links":{"self":[{"href":"https:\/\/www.europesays.com\/es\/wp-json\/wp\/v2\/posts\/250693","targetHints":{"allow":["GET"]}}],"collection":[{"href":"https:\/\/www.europesays.com\/es\/wp-json\/wp\/v2\/posts"}],"about":[{"href":"https:\/\/www.europesays.com\/es\/wp-json\/wp\/v2\/types\/post"}],"author":[{"embeddable":true,"href":"https:\/\/www.europesays.com\/es\/wp-json\/wp\/v2\/users\/2"}],"replies":[{"embeddable":true,"href":"https:\/\/www.europesays.com\/es\/wp-json\/wp\/v2\/comments?post=250693"}],"version-history":[{"count":0,"href":"https:\/\/www.europesays.com\/es\/wp-json\/wp\/v2\/posts\/250693\/revisions"}],"wp:featuredmedia":[{"embeddable":true,"href":"https:\/\/www.europesays.com\/es\/wp-json\/wp\/v2\/media\/250694"}],"wp:attachment":[{"href":"https:\/\/www.europesays.com\/es\/wp-json\/wp\/v2\/media?parent=250693"}],"wp:term":[{"taxonomy":"category","embeddable":true,"href":"https:\/\/www.europesays.com\/es\/wp-json\/wp\/v2\/categories?post=250693"},{"taxonomy":"post_tag","embeddable":true,"href":"https:\/\/www.europesays.com\/es\/wp-json\/wp\/v2\/tags?post=250693"}],"curies":[{"name":"wp","href":"https:\/\/api.w.org\/{rel}","templated":true}]}}