{"id":250699,"date":"2025-11-23T02:05:12","date_gmt":"2025-11-23T02:05:12","guid":{"rendered":"https:\/\/www.europesays.com\/es\/250699\/"},"modified":"2025-11-23T02:05:12","modified_gmt":"2025-11-23T02:05:12","slug":"los-aliados-de-zelenski-se-reunen-en-el-g20-y-rechazan-el-plan-para-ucrania-de-trump-porque-la-deja-vulnerable-a-futuros-ataques","status":"publish","type":"post","link":"https:\/\/www.europesays.com\/es\/250699\/","title":{"rendered":"Los aliados de Zelenski se re\u00fanen en el G20 y rechazan el plan para Ucrania de Trump porque la \u00abdeja vulnerable a futuros ataques\u00bb"},"content":{"rendered":"<p class=\"ue-c-article__paragraph\">Johannesburgo acoge la celebraci\u00f3n de la cumbre del G20, una cita enmarcada bajo el lema \u00abSolidaridad, igualdad y sostenibilidad\u00bb, en la que los dirigentes participan en tres sesiones para debatir los retos y las prioridades mundiales, principalmente el crecimiento econ\u00f3mico sostenible, el desarrollo y la financiaci\u00f3n. Un encuentro que est\u00e1 marcado por la ausencia de EEUU, que no ha enviado a ning\u00fan representante, un hito sin precedentes. En las \u00faltimas horas se ha conocido una propuesta de plan de paz de 28 puntos, negociado entre EEUU y Rusia para <a href=\"https:\/\/www.elmundo.es\/internacional\/2025\/11\/22\/69215b37a75cca89413aa9d2-directo.html\" rel=\"nofollow noopener\" target=\"_blank\">Ucrania<\/a>. <strong>Antonio Costa<\/strong>, presidente del Consejo Europeo, que se encuentra en Sud\u00e1frica, convoc\u00f3 a los<strong> pa\u00edses aliados de Volodimir Zelenski<\/strong> para abordar este asunto.<\/p>\n<p class=\"ue-c-article__paragraph\">A la cita, que ha tenido en torno a una hora de duraci\u00f3n, han acudido <strong>Francia<\/strong>, <strong>Alemania<\/strong>, <strong>Reino Unido<\/strong>, <strong>Italia<\/strong>, <strong>Canad\u00e1<\/strong>, <strong>Jap\u00f3n<\/strong>, <strong>Noruega, Finlandia Irlanda<\/strong>, <strong>Pa\u00edses Bajos<\/strong> y <strong>Espa\u00f1a<\/strong>, entre otros. \u00abSe est\u00e1n llevando a cabo intensos esfuerzos diplom\u00e1ticos en torno al plan de paz para Ucrania al margen de la reuni\u00f3n del G20\u00bb, exponen a este diario fuentes europeas.<\/p>\n<p class=\"ue-c-article__paragraph\">El resultado de esta cumbre paralela ha sido un comunicado conjunto en el que estos pa\u00edses muestran su rechazo a que las fronteras de un pa\u00eds, en este caso Ucrania, \u00absean modificadas por la fuerza\u00bb. El plan de paz para Ucrania impulsado por <strong>Donald Trump <\/strong>contiene 28 puntos, entre los cuales est\u00e1n una serie de planteamientos que suponen l\u00edneas rojas marcadas por Zelenski, como que Ucrania deber\u00eda ceder a Rusia regiones del oeste del pa\u00eds, incluidas zonas que hasta ahora no han sido invadidas por las fuerzas del Kremlin.<\/p>\n<p class=\"ue-c-article__paragraph\">En concreto, el punto 21 de ese plan de paz apadrinado por la Casa Blanca y con el respaldo de Rusia establece que <strong>Crimea<\/strong>, <strong>Lugansk <\/strong>y <strong>Donetsk <\/strong>ser\u00e1n reconocidos de facto como rusos, incluso por Estados Unidos.<\/p>\n<p class=\"ue-c-article__paragraph\">Los aliados de Ucrania tambi\u00e9n muestran su \u00abpreocupaci\u00f3n\u00bb por las limitaciones propuestas para las fuerzas armadas de Ucrania, \u00abque dejar\u00edan al pa\u00eds vulnerable a futuros ataques\u00bb. El planteamiento apadrinado por la <strong>Casa Blanca<\/strong> contempla reducir el Ej\u00e9rcito ucraniano a un m\u00e1ximo de 600.000 efectivos.<\/p>\n<p class=\"ue-c-article__paragraph\">El viernes por la tarde, <strong>Ursula von der Leyen<\/strong>, presidenta de la Comisi\u00f3n Europea, y Costa mantuvieron una conversaci\u00f3n telef\u00f3nica con Zelenski, y despu\u00e9s se reunieron con <strong>Giorgia Meloni <\/strong>(Italia) y en la ma\u00f1ana de este s\u00e1bado hicieron lo propio con <strong>Emmanuel Macron<\/strong> (Francia), informan fuentes comunitarias consultadas. Tras esos contactos, Costa invit\u00f3 a los l\u00edderes del G20 que apoyan a Ucrania a una reuni\u00f3n \u00abpara debatir el camino a seguir en Ucrania\u00bb.<\/p>\n<p><img decoding=\"async\" width=\"1536\" height=\"1024\" class=\"ue-c-article__image lazyload\" alt=\"La reuni\u00f3n de los aliados de Ucrania, son S\u00e1nchez a la derecha.\" loading=\"lazy\" src=\"https:\/\/www.europesays.com\/es\/wp-content\/uploads\/2025\/11\/17638212879854.jpg\"\/><\/p>\n<p>La reuni\u00f3n de los aliados de Ucrania, son S\u00e1nchez a la derecha.Moncloa.<\/p>\n<p class=\"ue-c-article__paragraph\">Creen que la propuesta de EEUU tiene \u00abelementos importantes que ser\u00e1n esenciales para una paz justa y duradera\u00bb, pero marcan tambi\u00e9n distancia, aunque con un tono medido para evitar confrontaci\u00f3n. \u00abAcogemos con satisfacci\u00f3n los continuos esfuerzos de Estados Unidos por llevar la paz a Ucrania\u00bb, dicen con mano tendida, pero a la vez insisten en que seguir\u00e1n coordin\u00e1ndose \u00abestrechamente con Ucrania y los Estados Unidos en los pr\u00f3ximos d\u00edas\u00bb.<\/p>\n<p class=\"ue-c-article__paragraph\">Antes de este c\u00f3nclave, el presidente franc\u00e9s, Emmanuel Macron, el canciller alem\u00e1n, Friedrich Merz, y el primer ministro brit\u00e1nico, Keir Starmer, mantuvieron un primer encuentro.<\/p>\n<p class=\"ue-c-article__paragraph\">Seg\u00fan las informaciones publicadas, los<a href=\"https:\/\/www.elmundo.es\/internacional\/2025\/11\/21\/6920c028fdddff974f8b4578.html\" rel=\"nofollow noopener\" target=\"_blank\"> 28 puntos del plan de Trump<\/a> \u00abse agrupan en cuatro categor\u00edas principales: paz en Ucrania, garant\u00edas de seguridad, seguridad en Europa y futuras relaciones de Estados Unidos con Rusia y Ucrania\u00bb. El plan recoger\u00eda una serie de planteamientos que suponen l\u00edneas rojas marcadas por Zelenski, como que<strong> Ucrania deber\u00eda ceder a Rusia regiones del oeste del pa\u00eds<\/strong>, incluidas zonas que hasta ahora no han sido invadidas por las fuerzas del Kremlin, y reducir el Ej\u00e9rcito ucraniano a un m\u00e1ximo de 600.000 efectivos.<\/p>\n<p class=\"ue-c-article__paragraph\">\u00abDesde el primer d\u00eda, Europa ha apoyado a Ucrania frente a la agresi\u00f3n rusa. Hemos estado trabajando por una paz justa y sostenible con Ucrania y para Ucrania, junto con nuestros amigos y socios. Hoy hemos debatido la situaci\u00f3n actual y tenemos claro que<strong> no debe haber nada sobre Ucrania sin Ucrania<\/strong>\u00ab, dijeron Von der Leyen y Costa en redes sociales tras hablar con Zelenski.<\/p>\n<p>Espa\u00f1a defiende dar voz a Ucrania<\/p>\n<p class=\"ue-c-article__paragraph\">Los l\u00edderes europeos se reunir\u00e1n en los m\u00e1rgenes de este G20 y tambi\u00e9n lo har\u00e1n quienes acudan a la Cumbre UE-Uni\u00f3n Africana que se celebra el lunes en Luanda (Angola). <strong>Espa\u00f1a participar\u00e1 en estos encuentros<\/strong>, tal y como han confirmado desde la delegaci\u00f3n espa\u00f1ola. El gobierno espa\u00f1ol siempre ha defendido la necesidad de una \u00abpaz justa y duradera\u00bb y que \u00e9sta \u00abno puede hacerse a espaldas de la UE y los ucranianos\u00bb.<\/p>\n<p class=\"ue-c-article__paragraph\">Fuentes de la delegaci\u00f3n espa\u00f1ola explican que en las \u00faltimas horas han estado estudiando los 28 puntos del plan que, se\u00f1alan, conllevan debates jur\u00eddicos, pol\u00edtico y econ\u00f3micos. Asimismo, ha habido contactos entre los distintos l\u00edderes aliados de Ucrania \u00abcomparando impresiones sobre los \u00faltimos acontecimientos\u00bb.<\/p>\n<p class=\"ue-c-article__paragraph\">El ministro de Exteriores espa\u00f1ol, <strong>Jos\u00e9 Manuel Albares<\/strong>, ha conversado este s\u00e1bado con su hom\u00f3logo ucraniano, Andrii Sybiha, para reiterarle el \u00abapoyo firme a Ucrania para alcanzar una paz justa y duradera. Espa\u00f1a est\u00e1 comprometida con la seguridad de Europa que es la de nuestros ciudadanos\u00bb.<\/p>\n<p class=\"ue-c-article__paragraph\">\u00abNo podemos no podemos permitir que una guerra de agresi\u00f3n tenga premio\u00bb, ha reflexionado Albares al ser preguntado por el plan de Trump durante el G20. \u00abLa guerra no puede ser una forma de resolver disputas entre estados o de conducir una pol\u00edtica exterior. Todo est\u00e1 en juego y los europeos vamos a hablar con una voz unida\u00bb.<\/p>\n<p class=\"ue-c-article__paragraph\">Zelenski no est\u00e1 conforme con el plan acordado por EEUU y Rusia. \u00abUcrania podr\u00eda enfrentarse a una decisi\u00f3n dif\u00edcil: o perder la dignidad o correr el riesgo de perder un socio clave\u00bb. El punto m\u00e1s controvertido, y que resulta intragable para Ucrania y Europa, es<strong> otorgarle el control de la regi\u00f3n de Donetsk<\/strong> a\u00fan no ocupada por Rusia (punto 21); de hecho, Hayovyshyn, la embajadora de Ucrania en la ONU rechaz\u00f3 el acuerdo: \u00abUcrania no aceptar\u00e1 l\u00edmites a su derecho a la leg\u00edtima defensa ni al tama\u00f1o y las capacidades de sus Fuerzas Armadas. Tampoco toleraremos ninguna infracci\u00f3n a nuestra soberan\u00eda, incluido nuestro derecho soberano a elegir las alianzas a las que queremos unirnos\u00bb.<\/p>\n<p class=\"ue-c-article__paragraph\">Por su parte, <strong>Donald Trump<\/strong> dijo este viernes que Zelenski, \u00abva a tener que aprobar\u00bb el plan que obliga a Ucrania a ceder territorio para Rusia. \u00abHe hablado con su gente, tenemos un plan Es horrible lo que est\u00e1 pasando. Es una guerra que nunca debi\u00f3 haber ocurrido&#8230; creemos que tenemos una manera de lograr la paz \u00e9l tendr\u00e1 que aprobarlo\u00bb, dijo a la prensa.<\/p>\n<p class=\"ue-c-article__paragraph\">El G20 es un foro intergubernamental que conecta las <strong>principales econom\u00edas del mundo<\/strong>. Forman parte del G20 Alemania, Arabia Saud\u00ed, Argentina, Australia, Brasil, Canad\u00e1, China, Estados Unidos, Francia, India, Indonesia, Italia, Jap\u00f3n, M\u00e9xico, Reino Unido, la Rep\u00fablica de Corea, Rusia, Sud\u00e1frica, Turqu\u00eda, la Uni\u00f3n Africana y la Uni\u00f3n Europea. Espa\u00f1a tambi\u00e9n asiste como invitada permanente, e Irlanda y los Pa\u00edses Bajos est\u00e1n presentes como invitados a esta cita en Johannesburgo.<\/p>\n","protected":false},"excerpt":{"rendered":"Johannesburgo acoge la celebraci\u00f3n de la cumbre del G20, una cita enmarcada bajo el lema \u00abSolidaridad, igualdad y&hellip;\n","protected":false},"author":2,"featured_media":250700,"comment_status":"","ping_status":"","sticky":false,"template":"","format":"standard","meta":{"footnotes":""},"categories":[42],"tags":[17,18,24,13,14,15996,11,61,62,63,64,19,20,9,10,15,16,12,7081,21,22,1707,14181,65,66,67],"class_list":{"0":"post-250699","1":"post","2":"type-post","3":"status-publish","4":"format-standard","5":"has-post-thumbnail","7":"category-internacional","8":"tag-breaking-news","9":"tag-breakingnews","10":"tag-espana","11":"tag-featured-news","12":"tag-featurednews","13":"tag-guerra-ucrania-rusia","14":"tag-headlines","15":"tag-internacional","16":"tag-international","17":"tag-international-news","18":"tag-internationalnews","19":"tag-latest-news","20":"tag-latestnews","21":"tag-news","22":"tag-noticias","23":"tag-noticias-destacadas","24":"tag-noticiasdestacadas","25":"tag-titulares","26":"tag-ucrania","27":"tag-ultimas-noticias","28":"tag-ultimasnoticias","29":"tag-ursula-von-der-leyen","30":"tag-volodimir-zelenski","31":"tag-world","32":"tag-world-news","33":"tag-worldnews"},"share_on_mastodon":{"url":"","error":"Validation failed: Text character limit of 500 exceeded"},"_links":{"self":[{"href":"https:\/\/www.europesays.com\/es\/wp-json\/wp\/v2\/posts\/250699","targetHints":{"allow":["GET"]}}],"collection":[{"href":"https:\/\/www.europesays.com\/es\/wp-json\/wp\/v2\/posts"}],"about":[{"href":"https:\/\/www.europesays.com\/es\/wp-json\/wp\/v2\/types\/post"}],"author":[{"embeddable":true,"href":"https:\/\/www.europesays.com\/es\/wp-json\/wp\/v2\/users\/2"}],"replies":[{"embeddable":true,"href":"https:\/\/www.europesays.com\/es\/wp-json\/wp\/v2\/comments?post=250699"}],"version-history":[{"count":0,"href":"https:\/\/www.europesays.com\/es\/wp-json\/wp\/v2\/posts\/250699\/revisions"}],"wp:featuredmedia":[{"embeddable":true,"href":"https:\/\/www.europesays.com\/es\/wp-json\/wp\/v2\/media\/250700"}],"wp:attachment":[{"href":"https:\/\/www.europesays.com\/es\/wp-json\/wp\/v2\/media?parent=250699"}],"wp:term":[{"taxonomy":"category","embeddable":true,"href":"https:\/\/www.europesays.com\/es\/wp-json\/wp\/v2\/categories?post=250699"},{"taxonomy":"post_tag","embeddable":true,"href":"https:\/\/www.europesays.com\/es\/wp-json\/wp\/v2\/tags?post=250699"}],"curies":[{"name":"wp","href":"https:\/\/api.w.org\/{rel}","templated":true}]}}