{"id":250703,"date":"2025-11-23T02:07:10","date_gmt":"2025-11-23T02:07:10","guid":{"rendered":"https:\/\/www.europesays.com\/es\/250703\/"},"modified":"2025-11-23T02:07:10","modified_gmt":"2025-11-23T02:07:10","slug":"analisis-del-osasuna-real-huele-a-invierno","status":"publish","type":"post","link":"https:\/\/www.europesays.com\/es\/250703\/","title":{"rendered":"An\u00e1lisis del Osasuna-Real: Huele a invierno"},"content":{"rendered":"<p>\n        Hay derrotas que entran como un vaso de agua fr\u00eda despu\u00e9s de correr: molestan, pero te reaniman. Y luego est\u00e1 el 1-3 de Osasuna frente a la Real Sociedad, que ha sido m\u00e1s bien como abrir la ventana y descubrir que ya es invierno y no te hab\u00edas enterado. Un bofet\u00f3n h\u00famedo, de esos que te dejan pensando si has salido de casa con camiseta de manga corta.\n<\/p>\n<p class=\"article-body__text \">\n        Osasuna pareci\u00f3 vivir en diferido, como si el partido fuese una obligaci\u00f3n administrativa m\u00e1s que un pulso de f\u00fatbol.Ni el recibimiento previo ni nada. El alma de Osasuna se ha perdido entre tecnicismo, mapas de calor y ese tipo de moderneces y nadie parece de estar cerca de encontarla.\n<\/p>\n<p class=\"article-body__text \">\n        La Real entr\u00f3 al choque sabiendo perfectamente qu\u00e9 quer\u00eda ser. Osasuna, en cambio, entr\u00f3 como quien abre la nevera y se queda mirando dentro sin saber qu\u00e9 va a cenar. Pese a eso, a los rojillos no les hizo mucho peligro los visitantes. Incluso en una acci\u00f3n a bal\u00f3n parado Catena marcar\u00eda el primer gol de partido.\n<\/p>\n<p class=\"article-body__text \">\n        Mejor no se pod\u00eda poner el partido. Eso se pod\u00eda pensar. Pero lleg\u00f3 la segunda mitad y el fr\u00edo de Pamplona se traslad\u00f3 al c\u00e9sped de El Sadar. En trece minutos Osasuna perd\u00eda ya el partido. Alguno se qued\u00f3 con los ojos irritados de tanto frot\u00e1rselos.\n<\/p>\n<p class=\"article-body__text \">\n        Mientras Aimar segu\u00eda abandonado en una banda, el juego en ataque fue todo el rato espeso, atrancado, sin fluidez. Y el 10 alejado del bal\u00f3n. Vicente Moreno se dio cuenta del error en media parte, a Lisci le cost\u00f3 algo m\u00e1s.\n<\/p>\n<p class=\"article-body__text \">\n        La clasificaci\u00f3n se aprieta, el calendario afila los dientes y el margen de mejora \u2014ese concepto tan bonito en agosto\u2014 empieza a tener fecha de caducidad. Adem\u00e1s, el partido contra la Real deja consecuencias. Arguibide vio la roja por una entrada que solo puede ser expulsi\u00f3n si eres joven y no te respetan. A Carvajal por eso no le expulsan ni aunque lesione al rival. Y encima Catena vio la quinta amarilla por lo que no estar\u00e1 en Mallorca.\n<\/p>\n<p class=\"article-body__text \">\n        Osasuna ha sobrevivido a noches peores que esta. Lo inquietante no es el marcador, sino esa sensaci\u00f3n de que el equipo se est\u00e1 volviendo demasiado racional, demasiado calculador. Y este club, hist\u00f3ricamente, ha vivido mejor desde la emoci\u00f3n: desde el salto al vac\u00edo, desde esa intensidad que obliga al rival a cometer errores y al aficionado a respirar hondo.\n<\/p>\n<p class=\"article-body__text \">\n        Y ah\u00ed est\u00e1 el desaf\u00edo: recuperar esa chispa que convierte los balones divididos en ox\u00edgeno, y los duelos en una especie de religi\u00f3n. Porque la Liga no espera y los puntos, menos. El descenso acecha y, sin alarmismos, no puede haber relajaci\u00f3n.\n<\/p>\n<p class=\"article-body__text \">\n        Y Lisci tiene que dar con la tecla pronto. A lo mejor estar\u00eda bien recurrir a los b\u00e1sicos, tirar de lo que siempre ha sido Osasuna y ya luego construir como se quiera. Por el camino que se va est\u00e1 helado.\n<\/p>\n<p class=\"article-body__text \">\n        El invierno ya ha llegado. La cuesti\u00f3n es si Osasuna decide tiritar\u2026 o empezar a correr.<\/p>\n","protected":false},"excerpt":{"rendered":"Hay derrotas que entran como un vaso de agua fr\u00eda despu\u00e9s de correr: molestan, pero te reaniman. Y&hellip;\n","protected":false},"author":2,"featured_media":250704,"comment_status":"","ping_status":"","sticky":false,"template":"","format":"standard","meta":{"footnotes":""},"categories":[5],"tags":[1705,17,18,25,24,13,14,11,6451,16250,19,20,9,10,15,16,621,798,23,12,21,22],"class_list":{"0":"post-250703","1":"post","2":"type-post","3":"status-publish","4":"format-standard","5":"has-post-thumbnail","7":"category-titulares","8":"tag-analisis","9":"tag-breaking-news","10":"tag-breakingnews","11":"tag-es","12":"tag-espana","13":"tag-featured-news","14":"tag-featurednews","15":"tag-headlines","16":"tag-huele","17":"tag-invierno","18":"tag-latest-news","19":"tag-latestnews","20":"tag-news","21":"tag-noticias","22":"tag-noticias-destacadas","23":"tag-noticiasdestacadas","24":"tag-osasuna","25":"tag-real","26":"tag-spain","27":"tag-titulares","28":"tag-ultimas-noticias","29":"tag-ultimasnoticias"},"share_on_mastodon":{"url":"https:\/\/pubeurope.com\/@es\/115596574276913114","error":""},"_links":{"self":[{"href":"https:\/\/www.europesays.com\/es\/wp-json\/wp\/v2\/posts\/250703","targetHints":{"allow":["GET"]}}],"collection":[{"href":"https:\/\/www.europesays.com\/es\/wp-json\/wp\/v2\/posts"}],"about":[{"href":"https:\/\/www.europesays.com\/es\/wp-json\/wp\/v2\/types\/post"}],"author":[{"embeddable":true,"href":"https:\/\/www.europesays.com\/es\/wp-json\/wp\/v2\/users\/2"}],"replies":[{"embeddable":true,"href":"https:\/\/www.europesays.com\/es\/wp-json\/wp\/v2\/comments?post=250703"}],"version-history":[{"count":0,"href":"https:\/\/www.europesays.com\/es\/wp-json\/wp\/v2\/posts\/250703\/revisions"}],"wp:featuredmedia":[{"embeddable":true,"href":"https:\/\/www.europesays.com\/es\/wp-json\/wp\/v2\/media\/250704"}],"wp:attachment":[{"href":"https:\/\/www.europesays.com\/es\/wp-json\/wp\/v2\/media?parent=250703"}],"wp:term":[{"taxonomy":"category","embeddable":true,"href":"https:\/\/www.europesays.com\/es\/wp-json\/wp\/v2\/categories?post=250703"},{"taxonomy":"post_tag","embeddable":true,"href":"https:\/\/www.europesays.com\/es\/wp-json\/wp\/v2\/tags?post=250703"}],"curies":[{"name":"wp","href":"https:\/\/api.w.org\/{rel}","templated":true}]}}