{"id":250707,"date":"2025-11-23T02:16:13","date_gmt":"2025-11-23T02:16:13","guid":{"rendered":"https:\/\/www.europesays.com\/es\/250707\/"},"modified":"2025-11-23T02:16:13","modified_gmt":"2025-11-23T02:16:13","slug":"real-zaragoza-eibar-viven","status":"publish","type":"post","link":"https:\/\/www.europesays.com\/es\/250707\/","title":{"rendered":"Real Zaragoza-Eibar: \u00a1Viven!"},"content":{"rendered":"<p>            Real Zaragoza-Eibar: \u00a1Viven!                <\/p>\n<p>Real Zaragoza-Eibar: \u00a1Viven!<\/p>\n<p>                    <img decoding=\"async\" loading=\"lazy\" src=\"https:\/\/www.europesays.com\/es\/wp-content\/uploads\/2025\/08\/javier-l-velasco.jpeg\" width=\"144\" height=\"144\"\/><\/p>\n<p>Jefe de la secci\u00f3n de Deportes de HERALDO DE ARAG\u00d3N<\/p>\n<p class=\"epigraph\">El equipo de Sell\u00e9s tiene un camino que todav\u00eda ser\u00e1 largo y no exento de peligros \u2013aqu\u00ed cada partido es una aventura\u2013, pero el rumbo ya est\u00e1 fijado.<\/p>\n<p>Exclusivo suscriptoresOPINI\u00d3N<\/p>\n<p class=\"paragraph\">Si hace siete d\u00edas el Real Zaragoza juega en Eibar y se le pone el partido como se le puso este s\u00e1bado, hubiera salido goleado de Ipurua, no s\u00e9 si 3-0, 4-0 o quiz\u00e1 5-0. El f\u00fatbol es incre\u00edble. El f\u00fatbol es un estado mental y el Real Zaragoza es un equipo de psiqui\u00e1trico. <a href=\"https:\/\/www.heraldo.es\/noticias\/deportes\/futbol\/real-zaragoza\/2025\/11\/22\/heroico-y-vital-triunfo-del-real-zaragoza-por-1-2-en-eibar-1872695.html\" title=\"Heroico y vital triunfo del Real Zaragoza por 1-2 en \u00c9ibar\" rel=\"nofollow noopener\" target=\"_blank\">De la locura de Eibar<\/a> sale un equipo que estaba muerto pero que vive, y que ahora s\u00ed permite so\u00f1ar con que otra temporada es posible. <b>Estuvo bien Rub\u00e9n Sell\u00e9s ayer en la pizarra, pero tambi\u00e9n en <a href=\"https:\/\/www.heraldo.es\/noticias\/deportes\/futbol\/real-zaragoza\/2025\/11\/22\/ruben-selles-entrenador-del-real-zaragoza-estos-jugadores-representan-los-valores-del-equipo-y-del-club-1872715.html\" title=\"Rub\u00e9n Sell\u00e9s, entrenador del Real Zaragoza: &quot;Estos jugadores representan los valores del equipo y del club&quot;\" rel=\"nofollow noopener\" target=\"_blank\">la rueda de prensa posterior al partido<\/a><\/b>: que nadie se olvide que el Real Zaragoza es colista de Segunda Divisi\u00f3n superada ya la jornada 15; pero que a nadie se le impida celebrar el triunfo de Eibar como una especie de liberaci\u00f3n, de terapia colectiva en el frenop\u00e1tico zaragocista.<\/p>\n<p>            Conforme a los criterios de<br \/>\n            <a class=\"trustproject_img\" id=\"trustproject_img\" href=\"https:\/\/thetrustproject.org\/\" target=\"_blank\" rel=\"nofollow noopener\" aria-label=\"Trust Project\"><img decoding=\"async\" loading=\"lazy\" src=\"https:\/\/www.heraldo.es\/images\/Trust-Logo-Horizontal.svg\" alt=\"Logo Trust Project\" width=\"200\" height=\"34\"\/><\/a><\/p>\n<p>                <img decoding=\"async\" loading=\"lazy\" src=\"https:\/\/www.europesays.com\/es\/wp-content\/uploads\/2025\/08\/javier-l-velasco.jpeg\" class=\"author-image\" width=\"120\" height=\"120\" alt=\"Javier L. Velasco\"\/><\/p>\n<p>        <a href=\"https:\/\/www.henneo.com\/\" title=\"Grupo Henneo\" class=\"logo\" rel=\"nofollow noopener\" target=\"_blank\"><br \/>\n            <img decoding=\"async\" src=\"https:\/\/www.heraldo.es\/images\/logo_henneo_gris.svg\" alt=\"Logo Henneo\" width=\"559\" height=\"389\" loading=\"lazy\"\/><br \/>\n        <\/a><\/p>\n<p>\u00a9 HERALDO DE ARAGON EDITORA, S.L.U.<br \/>Tel\u00e9fono 976 765 000 \/ &#8211; P\u00ba. Independencia, 29, 50001 Zaragoza &#8211; CIF: B99288763 &#8211; Inscrita en el Registro Mercantil de Zaragoza al Tomo 3796, Libro 0, Folio 177, Secci\u00f3n 8, Hoja Z-50564<br \/>Queda prohibida toda reproducci\u00f3n sin permiso escrito de la empresa a los efectos del art\u00edculo 32.1, p\u00e1rrafo segundo, de la Ley de Propiedad Intelectual<\/p>\n<p>\n                P\u00ba Independencia, 29, 50001 Zaragoza<br \/> Tel\u00e9fono 976 765 000\n            <\/p>\n<p>                    Actualmente tu navegador no permite ejecutar JavaScript. Para poder disfrutar de nuestro contenido es necesario que lo permita.<br \/>\n                                        <img decoding=\"async\" loading=\"lazy\" alt=\"Heraldo logo\" src=\"https:\/\/dkumiip2e9ary.cloudfront.net\/xalok\/heraldo\/especiales\/hola-de-nuevo\/logo-heraldo.svg\" width=\"215\" height=\"43\"\/><\/p>\n","protected":false},"excerpt":{"rendered":"Real Zaragoza-Eibar: \u00a1Viven! Real Zaragoza-Eibar: \u00a1Viven! Jefe de la secci\u00f3n de Deportes de HERALDO DE ARAG\u00d3N El equipo&hellip;\n","protected":false},"author":2,"featured_media":250708,"comment_status":"","ping_status":"","sticky":false,"template":"","format":"standard","meta":{"footnotes":""},"categories":[268],"tags":[168,14315,25,24,280,282,798,281,23,167,8037,491],"class_list":{"0":"post-250707","1":"post","2":"type-post","3":"status-publish","4":"format-standard","5":"has-post-thumbnail","7":"category-futbol","8":"tag-deportes","9":"tag-eibar","10":"tag-es","11":"tag-espana","12":"tag-football","13":"tag-futbol","14":"tag-real","15":"tag-soccer","16":"tag-spain","17":"tag-sports","18":"tag-viven","19":"tag-zaragoza"},"share_on_mastodon":{"url":"https:\/\/pubeurope.com\/@es\/115596610850686814","error":""},"_links":{"self":[{"href":"https:\/\/www.europesays.com\/es\/wp-json\/wp\/v2\/posts\/250707","targetHints":{"allow":["GET"]}}],"collection":[{"href":"https:\/\/www.europesays.com\/es\/wp-json\/wp\/v2\/posts"}],"about":[{"href":"https:\/\/www.europesays.com\/es\/wp-json\/wp\/v2\/types\/post"}],"author":[{"embeddable":true,"href":"https:\/\/www.europesays.com\/es\/wp-json\/wp\/v2\/users\/2"}],"replies":[{"embeddable":true,"href":"https:\/\/www.europesays.com\/es\/wp-json\/wp\/v2\/comments?post=250707"}],"version-history":[{"count":0,"href":"https:\/\/www.europesays.com\/es\/wp-json\/wp\/v2\/posts\/250707\/revisions"}],"wp:featuredmedia":[{"embeddable":true,"href":"https:\/\/www.europesays.com\/es\/wp-json\/wp\/v2\/media\/250708"}],"wp:attachment":[{"href":"https:\/\/www.europesays.com\/es\/wp-json\/wp\/v2\/media?parent=250707"}],"wp:term":[{"taxonomy":"category","embeddable":true,"href":"https:\/\/www.europesays.com\/es\/wp-json\/wp\/v2\/categories?post=250707"},{"taxonomy":"post_tag","embeddable":true,"href":"https:\/\/www.europesays.com\/es\/wp-json\/wp\/v2\/tags?post=250707"}],"curies":[{"name":"wp","href":"https:\/\/api.w.org\/{rel}","templated":true}]}}