{"id":250709,"date":"2025-11-23T02:17:17","date_gmt":"2025-11-23T02:17:17","guid":{"rendered":"https:\/\/www.europesays.com\/es\/250709\/"},"modified":"2025-11-23T02:17:17","modified_gmt":"2025-11-23T02:17:17","slug":"la-decision-del-juzgado-respecto-al-detenido","status":"publish","type":"post","link":"https:\/\/www.europesays.com\/es\/250709\/","title":{"rendered":"la decisi\u00f3n del juzgado respecto al detenido"},"content":{"rendered":"<p data-journey-content=\"true\" data-node-id=\"3\" class=\"css-6wxqfj emevuu60\">El pasado viernes 14 de noviembre se hizo p\u00fablica la dura noticia del <strong data-node-id=\"3.1\">fallecimiento de la cantante y actriz Encarnita Polo<\/strong> (86) en la residencia Decanos de \u00c1vila en la que viv\u00eda. Lamentablemente, aquello gener\u00f3 mucho impacto, puesto que hab\u00eda ocurrido en circunstancias que induc\u00edan a pensar que no hab\u00eda sido por causa natural. Ante los signos de agresividad que respond\u00edan a un posible ataque, se inici\u00f3 una <a href=\"https:\/\/www.diezminutos.es\/famosos-corazon\/famosos-espanoles\/a69444361\/encarnita-polo-investigacion-muerte\/\" target=\"_blank\" data-vars-ga-outbound-link=\"https:\/\/www.diezminutos.es\/famosos-corazon\/famosos-espanoles\/a69444361\/encarnita-polo-investigacion-muerte\/\" data-vars-ga-ux-element=\"Hyperlink\" data-vars-ga-call-to-action=\"investigaci\u00f3n policial\" data-node-id=\"3.3\" class=\"body-link css-177bzfx emevuu60\" rel=\"nofollow noopener\">investigaci\u00f3n policial<\/a> que repasar\u00eda las<a href=\"https:\/\/www.diezminutos.es\/famosos-corazon\/famosos-espanoles\/a69445898\/seis-claves-muerte-encarnita-polo\/\" target=\"_blank\" data-vars-ga-outbound-link=\"https:\/\/www.diezminutos.es\/famosos-corazon\/famosos-espanoles\/a69445898\/seis-claves-muerte-encarnita-polo\/\" data-vars-ga-ux-element=\"Hyperlink\" data-vars-ga-call-to-action=\" claves de la muerte de Encarnita\" data-node-id=\"3.5\" class=\"body-link css-177bzfx emevuu60\" rel=\"nofollow noopener\"> claves de la muerte de Encarnita<\/a> para esclarecer lo ocurrido. Tras aquello, las pesquisas se saldaron con un detenido. El sospechoso era un hombre de 66 a\u00f1os que podr\u00eda estar afectado por un problema de salud mental, por lo que pas\u00f3 a disposici\u00f3n judicial telem\u00e1tica. Tras seguir el protocolo y completar su declaraci\u00f3n,<strong data-node-id=\"3.7\"> el Juzgado de primera instancia n\u00famero 2 de \u00c1vila, a cargo del caso, ha tomado su primera decisi\u00f3n respecto al hombre presuntamente implicado. <\/strong><\/p>\n<p><img draggable=\"true\" alt=\"seis datos clave sobre la muerte de encarnita polo\" title=\"Seis datos clave sobre la muerte de Encarnita Polo\" loading=\"lazy\" width=\"2832\" height=\"4256\" decoding=\"async\" data-nimg=\"1\" style=\"color:transparent;width:100%;height:auto;\"   src=\"https:\/\/www.europesays.com\/es\/wp-content\/uploads\/2025\/11\/encarnita-polo-home-6918bb8b9ab58.jpg\" class=\"css-0 e1g79fud0\"\/><\/p>\n<p>Foto: Gtres<\/p>\n<p>\u00daltima hora sobre el caso de la muerte de Encarnita Polo: la decisi\u00f3n del juzgado respecto al detenido<\/p>\n<p data-journey-content=\"true\" data-node-id=\"9\" class=\"css-6wxqfj emevuu60\">El periodista Juan Luis Galiacho ha aprovechado su presencia en &#8216;Fiesta&#8217; el s\u00e1bado 22 de noviembre para explicar los \u00faltimos datos que se conocen del <a href=\"https:\/\/www.diezminutos.es\/famosos-corazon\/famosos-espanoles\/a69456136\/encarnita-polo-investigacion-muerte-detalles\/\" target=\"_blank\" data-vars-ga-outbound-link=\"https:\/\/www.diezminutos.es\/famosos-corazon\/famosos-espanoles\/a69456136\/encarnita-polo-investigacion-muerte-detalles\/\" data-vars-ga-ux-element=\"Hyperlink\" data-vars-ga-call-to-action=\"proceso judicial abierto por la muerte de Encarnita Polo\" data-node-id=\"9.1\" class=\"body-link css-177bzfx emevuu60\" rel=\"nofollow noopener\">proceso judicial abierto por la muerte de Encarnita Polo<\/a>. Pese a que el sospechoso que fue detenido no ten\u00eda un historial de agresividad del que estuviese al tanto el centro, la Subdelegaci\u00f3n del Gobierno revel\u00f3 que el paciente se encontraba en pleno ajuste de medicaci\u00f3n.<\/p>\n<p data-journey-content=\"true\" data-node-id=\"13\" class=\"css-6wxqfj emevuu60\">Seg\u00fan ha compartido el colaborador con Emma Garc\u00eda y el resto de sus compa\u00f1eros, el Juzgado de primera instancia n\u00famero 2 de \u00c1vila<strong data-node-id=\"13.1\"> ha ordenado prisi\u00f3n comunicada en una unidad psiqui\u00e1trica sin fianza. <\/strong>Esto se debe a que el sospechoso, como explicaba Galiacho, cuando fue detenido, pas\u00f3 a disposici\u00f3n policial, por lo que <strong data-node-id=\"13.3\">ha pasado los \u00faltimos d\u00edas en la Unidad Psiqui\u00e1trica del Hospital Sonsoles de \u00c1vila<\/strong>. Al estar a disposici\u00f3n judicial telem\u00e1tica, durante la jornada de ayer, viernes, se le tom\u00f3 declaraci\u00f3n, y eso es lo que ha determinado la decisi\u00f3n del juez de instrucci\u00f3n.<br data-node-id=\"13.5\"\/><\/p>\n<p><img draggable=\"true\" alt=\"encarnita polo\" title=\"Encarnita Polo\" loading=\"lazy\" width=\"3000\" height=\"4429\" decoding=\"async\" data-nimg=\"1\" style=\"color:transparent;width:100%;height:auto;\"   src=\"https:\/\/www.europesays.com\/es\/wp-content\/uploads\/2025\/11\/encarnita-polo-691b311b82ef3.jpg\" class=\"css-0 e1g79fud0\"\/><\/p>\n<p>Ana Ruiz_HF<\/p>\n<p data-journey-content=\"true\" data-node-id=\"16\" class=\"css-6wxqfj emevuu60\">Seg\u00fan explicaba Galiacho, \u00abcon toda probabilidad ir\u00e1 a la prisi\u00f3n de Segovia porque en Enfermer\u00eda tiene una unidad psiqui\u00e1trica. Solamente en caso de cumplir condena podr\u00eda pasar a uno de los dos tipos de prisiones de este estilo: Fontcalent en Alicante y Acaip en Sevilla\u00bb.<\/p>\n<p data-journey-content=\"true\" data-node-id=\"19\" class=\"css-6wxqfj emevuu60\"><strong data-node-id=\"19.0\">La noticia ha trascendido, precisamente, el d\u00eda en que est\u00e1 convocada la doble misa homenaje en honor a <a href=\"https:\/\/www.diezminutos.es\/famosos-corazon\/famosos-espanoles\/a69444402\/siete-detalles-vida-encarnita-polo\/\" target=\"_blank\" data-vars-ga-outbound-link=\"https:\/\/www.diezminutos.es\/famosos-corazon\/famosos-espanoles\/a69444402\/siete-detalles-vida-encarnita-polo\/\" data-vars-ga-ux-element=\"Hyperlink\" data-vars-ga-call-to-action=\"Encarnita Polo\" data-node-id=\"19.0.1\" class=\"body-link css-177bzfx emevuu60\" rel=\"nofollow noopener\">Encarnita Polo<\/a> <\/strong>en M\u00e1laga a petici\u00f3n del pintor Antonio Montiel mientras se celebra otra en Madrid, en la Bas\u00edlica de la Milagrosa, por expreso deseo de Raquel Waitzmanm Polo.<\/p>\n<p><img src=\"https:\/\/www.europesays.com\/es\/wp-content\/uploads\/2025\/11\/1763864237_445_c846bc45-0529-47f5-9c7d-b54f2b3afed7_1682587735.file\" alt=\"Headshot of Nora C\u00e1mara\" title=\"Headshot of Nora C\u00e1mara\" width=\"100%\" height=\"100%\" decoding=\"async\" loading=\"lazy\" class=\"css-o0wq4v ev8dhu53\"\/><\/p>\n<p>Nora es experta en contenidos de cine y televisi\u00f3n en la web de Diez Minutos. Sus intereses personales y profesionales se cruzan en su labor en esta revista, pues dedica su tiempo a estar al d\u00eda en los \u00faltimos estrenos en salas y plataformas, tanto para no perd\u00e9rselos como para recomendarlos. Pero que nadie sufra, tambi\u00e9n desconecta con la m\u00fasica en directo, la lectura y los viajes. \u00a0<\/p>\n<p>Prescriptora audiovisual por verdadera afici\u00f3n, siempre est\u00e1 dispuesta a arrastrarte con ella al apasionante mundo de las sagas como Harry Potter, Star Wars o Marvel, as\u00ed como a sugerirte la \u00faltima serie adictiva que no debes perderte de Netflix, HBO Max, Disney+, Movistar+ y Amazon Prime Video. Eso s\u00ed, si tienes un arrebato de nostalgia, tambi\u00e9n te recordar\u00e1 el cl\u00e1sico perfecto para cualquier estado de \u00e1nimo o tem\u00e1tica que te interese, desde el musical o la ciencia ficci\u00f3n a las adaptaciones literarias.\u00a0<\/p>\n<p>Nora C\u00e1mara se gradu\u00f3 en Periodismo y Comunicaci\u00f3n Audiovisual en la Universidad Carlos III de Madrid en 2015, donde defini\u00f3 su pasi\u00f3n por los contenidos de cine y televisi\u00f3n. Continu\u00f3 su especializaci\u00f3n en estas materias con diversas formaciones de Guion de televisi\u00f3n y Cr\u00edtica cinematogr\u00e1fica, llev\u00e1ndole a mejorar su experiencia en las revistas del grupo HEARST Teleprograma, Supertele y Telenovela, antes de su llegada a Diez Minutos, hace dos a\u00f1os. \u00a0<\/p>\n","protected":false},"excerpt":{"rendered":"El pasado viernes 14 de noviembre se hizo p\u00fablica la dura noticia del fallecimiento de la cantante y&hellip;\n","protected":false},"author":2,"featured_media":250710,"comment_status":"","ping_status":"","sticky":false,"template":"","format":"standard","meta":{"footnotes":""},"categories":[174],"tags":[255,253,146,147,25,24,256,23],"class_list":{"0":"post-250709","1":"post","2":"type-post","3":"status-publish","4":"format-standard","5":"has-post-thumbnail","7":"category-famosos","8":"tag-celebrities","9":"tag-discover","10":"tag-entertainment","11":"tag-entretenimiento","12":"tag-es","13":"tag-espana","14":"tag-famosos","15":"tag-spain"},"share_on_mastodon":{"url":"https:\/\/pubeurope.com\/@es\/115596613976109762","error":""},"_links":{"self":[{"href":"https:\/\/www.europesays.com\/es\/wp-json\/wp\/v2\/posts\/250709","targetHints":{"allow":["GET"]}}],"collection":[{"href":"https:\/\/www.europesays.com\/es\/wp-json\/wp\/v2\/posts"}],"about":[{"href":"https:\/\/www.europesays.com\/es\/wp-json\/wp\/v2\/types\/post"}],"author":[{"embeddable":true,"href":"https:\/\/www.europesays.com\/es\/wp-json\/wp\/v2\/users\/2"}],"replies":[{"embeddable":true,"href":"https:\/\/www.europesays.com\/es\/wp-json\/wp\/v2\/comments?post=250709"}],"version-history":[{"count":0,"href":"https:\/\/www.europesays.com\/es\/wp-json\/wp\/v2\/posts\/250709\/revisions"}],"wp:featuredmedia":[{"embeddable":true,"href":"https:\/\/www.europesays.com\/es\/wp-json\/wp\/v2\/media\/250710"}],"wp:attachment":[{"href":"https:\/\/www.europesays.com\/es\/wp-json\/wp\/v2\/media?parent=250709"}],"wp:term":[{"taxonomy":"category","embeddable":true,"href":"https:\/\/www.europesays.com\/es\/wp-json\/wp\/v2\/categories?post=250709"},{"taxonomy":"post_tag","embeddable":true,"href":"https:\/\/www.europesays.com\/es\/wp-json\/wp\/v2\/tags?post=250709"}],"curies":[{"name":"wp","href":"https:\/\/api.w.org\/{rel}","templated":true}]}}