{"id":250711,"date":"2025-11-23T02:20:17","date_gmt":"2025-11-23T02:20:17","guid":{"rendered":"https:\/\/www.europesays.com\/es\/250711\/"},"modified":"2025-11-23T02:20:17","modified_gmt":"2025-11-23T02:20:17","slug":"los-ujieres-decian-es-igual-pero-afortunadamente-era-ficcion","status":"publish","type":"post","link":"https:\/\/www.europesays.com\/es\/250711\/","title":{"rendered":"Los ujieres dec\u00edan &#8216;es igual&#8217;, pero afortunadamente era ficci\u00f3n"},"content":{"rendered":"<p class=\"article-text\">\n        <strong>Movistar Plus+ <\/strong>ten\u00eda \u201ctodo atado y bien atado\u201d para promocionar su nueva serie <strong>Anatom\u00eda de un instante<\/strong>, que se estren\u00f3 este jueves 20 de noviembre, <strong>20N<\/strong>, en el 50 aniversario de la muerte del dictador <strong>Francisco Franco<\/strong>. Era sin duda el d\u00eda perfecto para lanzar esta ficci\u00f3n que adapta el libro de <strong>Javier Cercas<\/strong> sobre la transici\u00f3n espa\u00f1ola con el <strong>23F <\/strong>como eje. Pero la plataforma no contaba con que el fallo de la sentencia del Tribunal Supremo contra el Fiscal General del Estado iba a llevarse todo el foco medi\u00e1tico.\n    <\/p>\n<p>    <a href=\"https:\/\/www.eldiario.es\/vertele\/analisis\/anatomia-de-un-instante-movistar-plus-serie-estreno-reto-superado-contar-transicion-espanola-23f-suarez-carrillo-gutierrez-mellado-tejero_1_12774511.html\" data-mrf-recirculation=\"saber-mas\" data-dl-event=\"saber-mas\" rel=\"nofollow noopener\" target=\"_blank\"><\/p>\n<p class=\"know-more__title\">Cr\u00edtica | &#8216;Anatom\u00eda de un instante&#8217;, el reto superado de hacer serie la transici\u00f3n espa\u00f1ola con el 23F como eje<\/p>\n<p>            <img decoding=\"async\" class=\"lazy\" loading=\"lazy\" data-src=\"https:\/\/static.eldiario.es\/clip\/a64f58af-47e4-40b8-aed5-64fe52155565_16-9-aspect-ratio_default_0.jpg\" src=\"data:image\/svg+xml,%3Csvg xmlns=\" http:=\"\" viewbox=\"0 0 880 495\" alt=\"'Anatom\u00eda de un instante', el reto superado de hacer serie la transici\u00f3n espa\u00f1ola con el 23F como eje\"\/><\/p>\n<p>                        <\/a><\/p>\n<p class=\"article-text\">\n        Pese a ello, Movistar Plus+ logr\u00f3 llevar al Congreso de los Diputados una presentaci\u00f3n de la ficci\u00f3n, con su guionista y director Alberto Rodr\u00edguez junto a Javier Cercas al lado del presidente del Gobierno, Pedro S\u00e1nchez. En <a href=\"https:\/\/www.eldiario.es\/vertele\" target=\"_blank\" data-mrf-recirculation=\"links-noticia\" class=\"link\" rel=\"nofollow noopener\"><strong>verTele<\/strong><\/a><strong> <\/strong>ya hemos visto sus cuatro cap\u00edtulos y podido <a href=\"https:\/\/www.eldiario.es\/vertele\/analisis\/anatomia-de-un-instante-movistar-plus-serie-estreno-reto-superado-contar-transicion-espanola-23f-suarez-carrillo-gutierrez-mellado-tejero_1_12774511.html\" data-mrf-recirculation=\"links-noticia\" class=\"link\" rel=\"nofollow noopener\" target=\"_blank\">analizar la serie<\/a>, adem\u00e1s de <a href=\"https:\/\/www.eldiario.es\/vertele\/entrevistas\/anatomia-de-un-instante-movistar-serie-actores-rey-suarez-carrillo-tejero-gutierrez-mellado-alvaro-morte-eduard-fernandez-manolo-solo-miki-esparbe-david-lorente-videos_1_12781445.html\" data-mrf-recirculation=\"links-noticia\" class=\"link\" rel=\"nofollow noopener\" target=\"_blank\">entrevistar a sus actores protagonistas<\/a>. Y en esta entrevista, pudimos conocer de primera mano c\u00f3mo se hab\u00eda hecho gracias a sus guionistas <strong>Rafael Cobos, Fran Ara\u00fajo y Alberto Rodr\u00edguez<\/strong>, que adem\u00e1s tambi\u00e9n es el director.\n    <\/p>\n<p class=\"article-text\">\n        Los tres explican que ten\u00edan clara la estructura de cuatro cap\u00edtulos, con los tres primeros dedicados a \u201clos traidores\u201d (Su\u00e1rez, Carrillo y Guti\u00e9rrez Mellado) y el cuarto para los golpistas y su juicio; principalmente para seguir el libro: \u201cCreo que m\u00e1s o menos s\u00ed, desde el principio. <strong>La estructura viene un poco heredada del libro<\/strong> de Cercas\u201d, aclara Alberto Rodr\u00edguez, que en todo momento lleva la voz cantante del proyecto.\n    <\/p>\n<p class=\"article-text\">\n        \u00c9l mismo reconoce que el cuarto episodio \u201ces un cap\u00edtulo que contiene varios cap\u00edtulos del libro\u201d, y precisamente por ello queremos saber si, en este contexto en el que se estira tanto el chicle de las series, no podr\u00edan haberlo dividido en tres con Tejero, Armada y el juicio -por ejemplo-; para as\u00ed tener seis entregas. Y entre sonrisas, Rafael Cobos reconoce que \u201cla verdad es que no s\u00e9 por qu\u00e9 no fueron cinco o seis, yo creo que fue la imposici\u00f3n que fueran cuatro\u201d, y Fran Ara\u00fajo (que tambi\u00e9n ejerce como productor ejecutivo) simplifica dirigi\u00e9ndose a Alberto Rodr\u00edguez: \u201cEnseguida t\u00fa encontraste esto en el libro de los cuatro, <strong>planteaste cuatro, y como ten\u00eda mucho sentido tiramos por ah\u00ed\u201d<\/strong>.\n    <\/p>\n<p class=\"article-text\">\n        Alberto Rodr\u00edguez matiza la decisi\u00f3n porque para \u00e9l \u201cno tiene la misma entidad el peso de los tres traidores que el de los golpistas\u201d, y por eso \u201ctiene sentido\u201d mantener esa distribuci\u00f3n. El guionista y director reconoce que \u201ca veces me ocurre que voy por el cap\u00edtulo dos de una serie y digo: es que el uno y el dos podr\u00edan ser uno\u201d, pero en el caso de Anatom\u00eda de un instante es diferente: \u201cEsta s\u00ed que est\u00e1 en ese punto en el que no cabe. <strong>Ni creo que debiera ser m\u00e1s larga, ni tampoco m\u00e1s corta<\/strong>. Creo que est\u00e1 en su medida justa\u201d.\n    <\/p>\n<blockquote class=\"quote\">\n<p class=\"quote-text\">Hasta que vio laserie, Javier Cercas no tuvo ning\u00fan contacto m\u00e1s con el material<\/p>\n<p>\n                        Rafael Cobos\n                                  <\/p>\n<\/blockquote>\n<p class=\"article-text\">\n        Aunque han querido ser rigurosos para adaptar el libro de Javier Cercas, pero dejan claro que la confianza del autor en su labor ha sido tal que ni ha querido intervenir o participar. Alberto Rodr\u00edguez explica que simplemente \u201ccen\u00e9 con \u00e9l un d\u00eda y fue s\u00faper amable. Contest\u00f3 a todas las preguntas que le hice\u201d, y Rafael Cobos rememora que \u00e9l y Fran Ara\u00fajo tambi\u00e9n cenaron otra noche con el autor: \u201cFue cuando el guion estaba ya m\u00e1s o menos avanzado, le contamos un poco por encima, y le pareci\u00f3 todo muy bien. <strong>Fue muy generoso y nos dio libertad y confianza\u201d<\/strong>. Tanta libertad, que el mismo Cobos desvela: \u201cHasta que la vio no tuvo ning\u00fan contacto m\u00e1s con el material\u201d, haciendo a Ara\u00fajo intervenir para confesar que \u201cnosotros quer\u00edamos que leyese los guiones, y \u00e9l dec\u00eda: no, me f\u00edo, me f\u00edo. Fue muy generoso con nosotros, la verdad\u201d.\n    <\/p>\n<p class=\"article-text\">\n        Sonriendo, Alberto Rodr\u00edguez concluye: \u201cNo ha querido leer nada, y no ha visto nada hasta el final. Hasta que el d\u00eda antes de ir a San Sebasti\u00e1n a estrenarla\u201d. Y por si quedaban dudas, aclara que la ha recibido con alegr\u00eda: \u201cDemostr\u00f3 desde el primer momento que estaba muy contento con la adaptaci\u00f3n. Porque tambi\u00e9n considera que es una adaptaci\u00f3n, por supuesto, no esperaba encontrarse su novela sino otra cosa, una relectura. Y eso es lo que se ha encontrado. <strong>Est\u00e1 muy contento con la serie\u201d<\/strong>.\n    <\/p>\n<p>            <img decoding=\"async\" class=\"lazy\" loading=\"lazy\" data-src=\"https:\/\/static.eldiario.es\/clip\/cfd9bb7b-df48-4d3b-8e6b-2008132cd70e_16-9-aspect-ratio_default_1130953.jpg\" src=\"data:image\/svg+xml,%3Csvg xmlns=\" http:=\"\" viewbox=\"0 0 2560 1440\" alt=\"El rodaje del golpe de estado en el Congreso de 'Anatom\u00eda de un instante'\"\/><\/p>\n<p>    Repitieron el golpe de estado en el Congreso real<\/p>\n<p class=\"article-text\">\n        Como nos cont\u00f3 <strong>David Lorente<\/strong>, la serie tuvo que empezar a rodarse en tres d\u00edas de enero porque era el \u00fanico momento en el que ten\u00edan <a href=\"https:\/\/www.eldiario.es\/vertele\/series\/congreso-revive-golpe-23-f-rodar-serie-anatomia-instante-alvaro-morte-adolfo-suarez_1_11978551.html\" data-mrf-recirculation=\"links-noticia\" class=\"link\" rel=\"nofollow noopener\" target=\"_blank\">permiso en el Congreso de los Diputados<\/a> real, y luego se reanud\u00f3 la grabaci\u00f3n en marzo. En esa escena, el actor que interpreta a <strong>Antonio Tejero<\/strong> irrumpe en el hemiciclo con una pistola y gritando \u201c\u00a1Quieto todo el mundo!\u201d para dar el golpe de estado del 23F. Sobre esa jornada, Alberto Rodr\u00edguez rememora: \u201cEra muy curioso ver la reacci\u00f3n de los ujieres del Congreso y de alg\u00fan polic\u00eda que estaban viendo todo aquello. Algunos por segunda vez, claro. Esta vez en la ficci\u00f3n, la primera lo vivieron realmente. Y ellos mismos <strong>dec\u00edan &#8216;es igual, es igual&#8217;, pero afortunadamente era todo una ficci\u00f3n\u201d<\/strong>, comenta sonriente.\n    <\/p>\n<p class=\"article-text\">\n        Esos tres d\u00edas en el Congreso se fijaron en la retina del guionista y director: \u201cEst\u00e1bamos muy limitados, en tres d\u00edas ten\u00edamos que resolverlo todo, y hab\u00eda mucho que rodar. La verdad es que fuimos muy r\u00e1pido. De hecho, <strong>ni siquiera hab\u00edamos ensayado cuando entramos en el Congreso<\/strong>, fuimos un poco a las bravas a hacerlo todo\u201d. Centr\u00e1ndose en ese instante de Tejero, Rodr\u00edguez explica: \u201cLo que s\u00ed hab\u00edamos ensayado 50 o 60 veces es el golpe, d\u00f3nde estaba cada uno, qu\u00e9 es lo que estaban haciendo f\u00edsicamente&#8230; No nos dio tiempo a mucho m\u00e1s. David ya hab\u00eda gritado &#8216;\u00a1Todo el mundo al suelo!&#8217; no s\u00e9 cu\u00e1ntas veces, cuarenta y tantas\u201d. Rafael Cobos aporta otra visi\u00f3n: \u201cEs un momento complejo porque es espeluznante, terror\u00edfico; pero sobre el que <strong>se han hecho tantos chistes, que ya casi forma parte de la cultura popular\u201d<\/strong>, y su compa\u00f1ero derriba un falso mito: \u201cDe hecho, lo que piensa todo el mundo es que lo que dice ah\u00ed es &#8216;\u00a1Se sienten, co\u00f1o!&#8217;, y eso no es verdad. Eso se lo dicen a Su\u00e1rez much\u00edsimo despu\u00e9s, cuando se levanta de su esca\u00f1o y dice que quiere hablar con la fuerza que mande. Ah\u00ed es donde le dicen  &#8216;\u00a1Se sienten, co\u00f1o!&#8217;, y se corta la imagen de las c\u00e1maras\u201d.\n    <\/p>\n<blockquote class=\"quote\">\n<p class=\"quote-text\">Con un empujoncito te vas a la parodia, al trazo grueso, y justamente era lo que quer\u00edamos evitar<\/p>\n<p>\n                        Rafael Cobos\n                                  <\/p>\n<\/blockquote>\n<p class=\"article-text\">\n        Precisamente el conocimiento que todos tenemos sobre ese instante hace que Rafael Cobos reconozca que el reto para ellos era \u201cc\u00f3mo iluminamos esos acontecimientos que todo el mundo conoce, y sobre los que todo el mundo tiene una teor\u00eda\u201d. Cuestionados sobre si tem\u00edan caer en una parodia, por ese acerbo en la cultura popular, el guionista explica: \u201cHab\u00eda que encontrar un tono, y no era f\u00e1cil. Con un empujoncito te vas a la parodia, al trazo grueso, y justamente era lo que quer\u00edamos evitar. Pero tampoco quer\u00edamos que fuera algo terriblemente solemne y grave. Yo creo que al final, probablemente <strong>de las decisiones m\u00e1s complejas fue encontrar el tono de esta serie<\/strong>. Desde el punto de vista de escritura, era lo m\u00e1s jodido\u201d.\n    <\/p>\n<p class=\"article-text\">\n        Para encontrar ese tono, y teniendo en cuenta que muchos personajes han fallecido y otros son inaccesibles, la base fue el libro de Cercas. \u201cNuestra partitura estaba contenida en el libro, y el tono ten\u00eda que salir de \u00e9l, l\u00f3gicamente, porque es un libro fant\u00e1stico\u201d, resume de forma po\u00e9tica Rafael Cobos, poniendo en valor los cuatro a\u00f1os document\u00e1ndose que estuvo el autor. Fran Ara\u00fajo a\u00f1ade que a eso sumaron su proceso de documentaci\u00f3n m\u00e1s audiovisual: <strong>\u201cHay muchos v\u00eddeos de Su\u00e1rez, y personajes de los que hay muchas im\u00e1genes<\/strong>. Eso fue muy importante para los actores, para \u00c1lvaro [Morte] hacer a Su\u00e1rez, o para Manolo [Solo] hacer de Guti\u00e9rrez Mellado\u201d. En el caso del militar, Alberto Rodr\u00edguez destaca de hecho que hablaron \u201cmucho de c\u00f3mo se mov\u00eda un hombre m\u00e1s \u00e1gil de lo que aparenta con la edad que tiene, cuando ocurren estos hechos\u201d, como ejemplo para se\u00f1alar que <strong>\u201ctodo ese tipo de archivo lo revisamos una y otra vez\u201d<\/strong>.\n    <\/p>\n<p>            <img decoding=\"async\" class=\"lazy\" loading=\"lazy\" data-src=\"https:\/\/static.eldiario.es\/clip\/ad36a33c-f872-4b9e-af65-bc9ea2877061_16-9-discover-aspect-ratio_default_0.jpg\" src=\"data:image\/svg+xml,%3Csvg xmlns=\" http:=\"\" viewbox=\"0 0 1200 675\" alt=\"Fran Ara\u00fajo, Alberto Rodr\u00edguez y Rafael Cobos, en nuestra entrevista\"\/><\/p>\n<p class=\"article-text\">\n        Esa abundante documentaci\u00f3n audiovisual les hizo estar tentados de incluir im\u00e1genes de archivo, como confiesa el tambi\u00e9n director: <strong>\u201cUna de las grandes tentaciones de la serie era usar material de archivo<\/strong>, y no se hizo porque cre\u00edamos que lo l\u00edcito era hacer lo que hac\u00eda Cercas, reconstruir todo. Nosotros deb\u00edamos hacer una ficci\u00f3n de la misma manera, sin usar archivo, porque eso era romper el relato\u201d.\n    <\/p>\n<p class=\"article-text\">\n        En nuestra cr\u00edtica ya vislumbramos que los mayores elogios podr\u00edan llev\u00e1rselos las interpretaciones y <strong>la caracterizaci\u00f3n<\/strong>. Y aunque valoramos que en realidad es &#8216;un todo&#8217; que permite brillar a los actores, Alberto Rodr\u00edguez tambi\u00e9n se muestra orgulloso: \u201cEstoy muy contento sobre todo porque <strong>no \u00edbamos buscando exactamente que se parecieran<\/strong>, que fueran iguales, sino m\u00e1s bien que tuvieran el aire del personaje. Y hay una cosa que le pasa mucho a la gente que empieza a ver la serie, y de repente \u00c1lvaro [Morte] ya es Su\u00e1rez. Sin embargo, si t\u00fa buscas un v\u00eddeo de Su\u00e1rez, hay mucha diferencia entre \u00c1lvaro y Su\u00e1rez. Much\u00edsima. Sin embargo, el aire del del presidente, por decirlo de alguna forma, la elegancia, la credibilidad, etc\u00e9tera, todo eso lo tiene\u201d. El guionista y director ve lo mismo con el resto: \u201cIgual que Eduard [Fern\u00e1ndez] tiene de Santiago Carrillo much\u00edsimas cosas, y Manolo [Solo] est\u00e1 completamente transformado como Guti\u00e9rrez Mellado\u201d. \u201cEl trabajo que ha hecho el equipo de maquillaje, vestuario, incluso arte, <strong>los han convertido en en ellos tres<\/strong>, aunque en realidad si los comparas, no se parecen mucho\u201d, celebra Alberto Rodr\u00edguez.\n    <\/p>\n<p>            <img decoding=\"async\" class=\"lazy\" loading=\"lazy\" data-src=\"https:\/\/static.eldiario.es\/clip\/a64f58af-47e4-40b8-aed5-64fe52155565_16-9-discover-aspect-ratio_default_0.jpg\" src=\"data:image\/svg+xml,%3Csvg xmlns=\" http:=\"\" viewbox=\"0 0 1200 675\" alt=\"Eduard Fern\u00e1ndez (Carrillo) y \u00c1lvaro Morte (Su\u00e1rez) en 'Anatom\u00eda de un instante'\"\/><\/p>\n<p>    \u00bfUna serie did\u00e1ctica que habla de la desconfianza pol\u00edtica?<\/p>\n<p class=\"article-text\">\n        Al preguntarles si su serie Anatom\u00eda de un instante puede ser incluso did\u00e1ctica para los j\u00f3venes que no conozcan a Su\u00e1rez o Carrillo, Alberto Rodr\u00edguez responde entre risas: \u201cYo creo que <strong>a los j\u00f3venes no hay que decirles nunca: tienes que ver esto<\/strong>, porque es una manera estupenda de que no lo vean\u201d. Para el guionista y director \u201ctienen que llegar de manera natural, si llegan\u201d, y reconoce que s\u00ed han querido pensar en ellos al realizar la ficci\u00f3n: \u201cS\u00ed que hab\u00eda cierta intenci\u00f3n, desde el primer momento, en hacer una serie <strong>que fuera atractiva y moderna visualmente<\/strong>, para que pudiera despertar el inter\u00e9s de alguien muy mayor, o de alguien muy joven. De cualquiera que lo hubiera vivido, o de alguien que no hubiera vivido esos acontecimientos para nada\u201d. Rodr\u00edguez explica que se nota \u201cdesde la escritura del guion, con cierto sentido del humor, hasta la forma de rodar el cap\u00edtulo uno, que pr\u00e1cticamente es pop\u201d.\n    <\/p>\n<p class=\"article-text\">\n        El director se moja al cuestionarle si el mensaje final se acerca m\u00e1s a no confiar en la clase pol\u00edtica que a creer que es posible el di\u00e1logo y el entendimiento: \u201cEl centro de la novela de Cercas habla de <strong>la traici\u00f3n del presente y del pasado para conseguir un futuro distinto<\/strong>. Yo creo que ese mensaje est\u00e1 claro. No s\u00e9 lo que deja la serie, pero esa idea est\u00e1 ah\u00ed, es el centro de la historia. <strong>El final es muy ir\u00f3nico, pero porque la historia a veces es as\u00ed de ir\u00f3nica<\/strong>. Es muy ir\u00f3nico que Guti\u00e9rrez Mellado, cuando se levanta, las razones que da son que eso es lo que aprendi\u00f3 en la Academia Militar&#8230; y el director de la Academia Militar cuando \u00e9l estudi\u00f3 era Franco. As\u00ed de ir\u00f3nico es todo\u201d.\n    <\/p>\n<p>    <a href=\"https:\/\/www.eldiario.es\/vertele\/entrevistas\/anatomia-de-un-instante-movistar-serie-actores-rey-suarez-carrillo-tejero-gutierrez-mellado-alvaro-morte-eduard-fernandez-manolo-solo-miki-esparbe-david-lorente-videos_1_12781445.html\" data-mrf-recirculation=\"saber-mas-abajo\" data-dl-event=\"saber-mas-abajo\" rel=\"nofollow noopener\" target=\"_blank\"><\/p>\n<p class=\"know-more__title\">Los actores de &#8216;Anatom\u00eda de un instante&#8217;, tras ser el rey, Su\u00e1rez o Carrillo: \u201cQue se vea cu\u00e1nto cost\u00f3 la democracia\u201d<\/p>\n<p>            <img decoding=\"async\" class=\"lazy\" loading=\"lazy\" data-src=\"https:\/\/static.eldiario.es\/clip\/7c0395c4-f1a0-41ea-b520-e05746987864_16-9-aspect-ratio_default_0.jpg\" src=\"data:image\/svg+xml,%3Csvg xmlns=\" http:=\"\" viewbox=\"0 0 880 495\" alt=\"Los actores de 'Anatom\u00eda de un instante', tras ser el rey, Su\u00e1rez o Carrillo: &quot;Que se vea cu\u00e1nto cost\u00f3 la democracia&quot;\"\/><\/p>\n<p>                        <\/a><\/p>\n<p class=\"article-text\">\n        .\n    <\/p>\n","protected":false},"excerpt":{"rendered":"Movistar Plus+ ten\u00eda \u201ctodo atado y bien atado\u201d para promocionar su nueva serie Anatom\u00eda de un instante, que&hellip;\n","protected":false},"author":2,"featured_media":250712,"comment_status":"","ping_status":"","sticky":false,"template":"","format":"standard","meta":{"footnotes":""},"categories":[171],"tags":[63530,47760,61410,11866,39371,146,147,25,24,6935,63532,19436,1878,63531,156,23,63528,214,63529],"class_list":{"0":"post-250711","1":"post","2":"type-post","3":"status-publish","4":"format-standard","5":"has-post-thumbnail","7":"category-tv","8":"tag-afortunadamente","9":"tag-alberto-rodriguez","10":"tag-anatomia-de-un-instante","11":"tag-congreso","12":"tag-decian","13":"tag-entertainment","14":"tag-entretenimiento","15":"tag-es","16":"tag-espana","17":"tag-ficcion","18":"tag-fran-araujo","19":"tag-igual","20":"tag-movistar-plus","21":"tag-rafael-cobos","22":"tag-serie","23":"tag-spain","24":"tag-tomo","25":"tag-tv","26":"tag-ujieres"},"share_on_mastodon":{"url":"https:\/\/pubeurope.com\/@es\/115596625904005452","error":""},"_links":{"self":[{"href":"https:\/\/www.europesays.com\/es\/wp-json\/wp\/v2\/posts\/250711","targetHints":{"allow":["GET"]}}],"collection":[{"href":"https:\/\/www.europesays.com\/es\/wp-json\/wp\/v2\/posts"}],"about":[{"href":"https:\/\/www.europesays.com\/es\/wp-json\/wp\/v2\/types\/post"}],"author":[{"embeddable":true,"href":"https:\/\/www.europesays.com\/es\/wp-json\/wp\/v2\/users\/2"}],"replies":[{"embeddable":true,"href":"https:\/\/www.europesays.com\/es\/wp-json\/wp\/v2\/comments?post=250711"}],"version-history":[{"count":0,"href":"https:\/\/www.europesays.com\/es\/wp-json\/wp\/v2\/posts\/250711\/revisions"}],"wp:featuredmedia":[{"embeddable":true,"href":"https:\/\/www.europesays.com\/es\/wp-json\/wp\/v2\/media\/250712"}],"wp:attachment":[{"href":"https:\/\/www.europesays.com\/es\/wp-json\/wp\/v2\/media?parent=250711"}],"wp:term":[{"taxonomy":"category","embeddable":true,"href":"https:\/\/www.europesays.com\/es\/wp-json\/wp\/v2\/categories?post=250711"},{"taxonomy":"post_tag","embeddable":true,"href":"https:\/\/www.europesays.com\/es\/wp-json\/wp\/v2\/tags?post=250711"}],"curies":[{"name":"wp","href":"https:\/\/api.w.org\/{rel}","templated":true}]}}