{"id":250715,"date":"2025-11-23T02:23:13","date_gmt":"2025-11-23T02:23:13","guid":{"rendered":"https:\/\/www.europesays.com\/es\/250715\/"},"modified":"2025-11-23T02:23:13","modified_gmt":"2025-11-23T02:23:13","slug":"un-lanus-para-la-historia","status":"publish","type":"post","link":"https:\/\/www.europesays.com\/es\/250715\/","title":{"rendered":"Un Lan\u00fas para la historia"},"content":{"rendered":"<p class=\"\"><b>Lan\u00fas <\/b>hizo historia en <b>Asunci\u00f3n <\/b>al conquistar la <b>Copa Sudamericana <\/b>por segunda vez tras vencer a <b>Atl\u00e9tico Mineiro<\/b> en la tanda de penaltis que defini\u00f3 al vencedor tras 120 minutos ap\u00e1ticos, en los que los brasile\u00f1os gozaron de las ocasiones m\u00e1s claras. Un triunfo del f\u00fatbol argentino sobre la tiran\u00eda de los clubes del <b>Brasileirao<\/b>.<\/p>\n<p class=\"\">El cuadro de <b>Buenos Aires<\/b> sali\u00f3 campe\u00f3n en 2013 y ahora repite haza\u00f1a con un cuadro veterano en el que destacan viejos <b>conocidos <\/b>como Salvio y otros de jerarqu\u00eda como <b>Izquierdoz<\/b>, <b>Bou <\/b>o <b>Acosta<\/b>. <b>Sampaoli<\/b>, que volvi\u00f3 a olvidarse de <b>Reinier<\/b>, se qued\u00f3 a las puertas de otro t\u00edtulo. Un varapalo para un equipo que era claro favorito.<\/p>\n<p class=\"\">En los primeros 45 minutos los dos equipos sufrieron para superar la intensidad rival. Nadie quer\u00eda acometer m\u00e1s riesgos de los estrictamente necesarios y con el paso de los minutos la fatiga, motivada en buena parte por el calor de <b>Asunci\u00f3n<\/b>, acrecent\u00f3 esta situaci\u00f3n. Cost\u00f3 incluso bajar la pelota a ras de suelo y la calidad t\u00e9cnica pas\u00f3 desapercibida.<\/p>\n<p><b>El Galo perdon\u00f3<\/b><\/p>\n<p class=\"\">La \u00fanica gran ocasi\u00f3n del primer tiempo la dej\u00f3 <b>Bernard <\/b>con un formidable golpeo de tiro libre desde el costado zurdo del ataque del <b>Galo<\/b>. El mediapunta mand\u00f3 la pelota al poste m\u00e1s alejado y roz\u00f3 un gol memorable.<\/p>\n<p class=\"\">Tras el descanso poco cambi\u00f3 el partido. Si bien creci\u00f3 el control de Atl\u00e9tico, que domin\u00f3 en todo momento, los problemas para generar peligro se mantuvieron. Solo <b>Dudu <\/b>fue capaz de generar verdadero peligro con un disparo que alej\u00f3 <b>Losada<\/b>. <b>Hulk<\/b> prob\u00f3 con un tiro libre que sali\u00f3 desviado y m\u00e1s all\u00e1 de esas dos pinceladas, poco m\u00e1s ofreci\u00f3 el equipo de <b>Sampaoli <\/b>ante un <b>Lan\u00fas<\/b> m\u00e1s lastrado con el paso de los minutos. El camino hacia la pr\u00f3rroga fue irremediable.<\/p>\n<p><img decoding=\"async\" src=\"https:\/\/www.europesays.com\/es\/wp-content\/uploads\/2025\/11\/MMBVEQT4C5NJLDROZTN2A2DUAA.jpg\" alt=\"Un Lan\u00fas para la historia\" height=\"2800\" width=\"4200\"   loading=\"lazy\"\/>JUAN MABROMATA<\/p>\n<p class=\"\">En el tiempo extra tampoco sobresali\u00f3 una figura capaz de definir la final. A <b>Hulk <\/b>le pesaron los minutos en varias conducciones que arrancaron con verdadero peligro y tampoco ninguno de los hombres que entr\u00f3 de refresco pudo echarse a su equipo a la espalda. El \u00fanico que encontr\u00f3 el camino al gol fue <b>Biel <\/b>y err\u00f3 dos remates claros. Un cabezazo que mand\u00f3 centrado y un mano a mano que le sac\u00f3 <b>Losada <\/b>de manera sobresaliente. Los penaltis llegaron como la \u00fanica forma posible de encontrar un ganador.<\/p>\n<p>Noticias relacionadas<\/p>\n<p class=\"\">Desde los once metros <b>Losada <\/b>termin\u00f3 como gran h\u00e9roe al detener hasta tres lanzamientos. Desde el primero a <b>Hulk <\/b>hasta el \u00faltimo a <b>Vitor Hugo<\/b>. El arquero sostuvo a los suyos y luego les permiti\u00f3 levantar el trofeo.<\/p>\n<p class=\"\"><b>\u00a1Tus opiniones importan!<\/b> Comenta en los art\u00edculos y suscr\u00edbete gratis a nuestra <a href=\"https:\/\/asfan.as.com\/newsletters\/\" target=\"_blank\" rel=\"nofollow noopener\" title=\"https:\/\/asfan.as.com\/newsletters\/\">newsletter<\/a> y a las alertas informativas en la <a href=\"https:\/\/as.com\/aplicacion-de-as-n\/\" target=\"_blank\" rel=\"nofollow noopener\" title=\"https:\/\/as.com\/aplicacion-de-as-n\/\">App<\/a> o el canal de <a href=\"https:\/\/www.whatsapp.com\/channel\/0029VaAasdA7j6g745nz9M10\" target=\"_blank\" rel=\"nofollow noopener\" title=\"https:\/\/www.whatsapp.com\/channel\/0029VaAasdA7j6g745nz9M10\">WhatsApp<\/a>. \u00bfBuscas licenciar contenido? Haz clic <a href=\"https:\/\/profesional.elpais.com\/landing-sindicacion?utm_medium=interno&amp;utm_source=crosslinking&amp;utm_campaign=sindicacion_as_pie_articulos\" target=\"_blank\" rel=\"nofollow noopener\" title=\"https:\/\/profesional.elpais.com\/landing-sindicacion?utm_medium=interno&amp;utm_source=crosslinking&amp;utm_campaign=sindicacion_as_pie_articulos\">aqu\u00ed<\/a><\/p>\n<p class=\"stat-tl ev-fw-tl\"><strong>Cambios<\/strong><\/p>\n<p class=\"ev-text-aux\">\n                            <strong>Gustavo Scarpa<\/strong> (77&#8242;, Bernard),                             <strong>Dylan Aquino<\/strong> (81&#8242;, Ramiro Carrera),                             <strong>Alexsander<\/strong> (86&#8242;, Alan Franco),                             <strong>Caio Paulista<\/strong> (86&#8242;, Guilherme Arana),                             <strong>Biel<\/strong> (93&#8242;, Dudu),                             <strong>Walter Bou<\/strong> (93&#8242;, Rodrigo Castillo),                             <strong>Franco Watson<\/strong> (93&#8242;, Eduardo Salvio),                             <strong>Armando M\u00e9ndez<\/strong> (102&#8242;, Gonzalo P\u00e9rez),                             <strong>Juan Ram\u00edrez<\/strong> (102&#8242;, Marcelino Moreno),                             <strong>Renzo Saravia<\/strong> (105&#8242;, Rony),                             <strong>Lautaro Acosta<\/strong> (118&#8242;, Agust\u00edn Medina)                        <\/p>\n<p class=\"stat-tl ev-fw-tl\"><strong>Tarjetas<\/strong><\/p>\n<p class=\"ev-text-aux\">\n                Arbitro: Piero Maza<br \/>Arbitro VAR: Juan Lara, Alan Sandoval<br \/><strong>Carlos Izquierdoz<\/strong> (70&#8242;,Amarilla),                                     <strong>Hulk<\/strong> (79&#8242;,Amarilla),                                     <strong>Alan Franco<\/strong> (84&#8242;,Amarilla)                            <\/p>\n","protected":false},"excerpt":{"rendered":"Lan\u00fas hizo historia en Asunci\u00f3n al conquistar la Copa Sudamericana por segunda vez tras vencer a Atl\u00e9tico Mineiro&hellip;\n","protected":false},"author":2,"featured_media":250716,"comment_status":"","ping_status":"","sticky":false,"template":"","format":"standard","meta":{"footnotes":""},"categories":[93],"tags":[168,25,24,23,167],"class_list":{"0":"post-250715","1":"post","2":"type-post","3":"status-publish","4":"format-standard","5":"has-post-thumbnail","7":"category-deportes","8":"tag-deportes","9":"tag-es","10":"tag-espana","11":"tag-spain","12":"tag-sports"},"share_on_mastodon":{"url":"https:\/\/pubeurope.com\/@es\/115596637587863979","error":""},"_links":{"self":[{"href":"https:\/\/www.europesays.com\/es\/wp-json\/wp\/v2\/posts\/250715","targetHints":{"allow":["GET"]}}],"collection":[{"href":"https:\/\/www.europesays.com\/es\/wp-json\/wp\/v2\/posts"}],"about":[{"href":"https:\/\/www.europesays.com\/es\/wp-json\/wp\/v2\/types\/post"}],"author":[{"embeddable":true,"href":"https:\/\/www.europesays.com\/es\/wp-json\/wp\/v2\/users\/2"}],"replies":[{"embeddable":true,"href":"https:\/\/www.europesays.com\/es\/wp-json\/wp\/v2\/comments?post=250715"}],"version-history":[{"count":0,"href":"https:\/\/www.europesays.com\/es\/wp-json\/wp\/v2\/posts\/250715\/revisions"}],"wp:featuredmedia":[{"embeddable":true,"href":"https:\/\/www.europesays.com\/es\/wp-json\/wp\/v2\/media\/250716"}],"wp:attachment":[{"href":"https:\/\/www.europesays.com\/es\/wp-json\/wp\/v2\/media?parent=250715"}],"wp:term":[{"taxonomy":"category","embeddable":true,"href":"https:\/\/www.europesays.com\/es\/wp-json\/wp\/v2\/categories?post=250715"},{"taxonomy":"post_tag","embeddable":true,"href":"https:\/\/www.europesays.com\/es\/wp-json\/wp\/v2\/tags?post=250715"}],"curies":[{"name":"wp","href":"https:\/\/api.w.org\/{rel}","templated":true}]}}