{"id":250719,"date":"2025-11-23T02:26:09","date_gmt":"2025-11-23T02:26:09","guid":{"rendered":"https:\/\/www.europesays.com\/es\/250719\/"},"modified":"2025-11-23T02:26:09","modified_gmt":"2025-11-23T02:26:09","slug":"la-obra-de-teatro-el-sueno-de-una-noche-de-verano-el-sabado-29-en-el-teatro","status":"publish","type":"post","link":"https:\/\/www.europesays.com\/es\/250719\/","title":{"rendered":"La obra de teatro \u2018El sue\u00f1o de una noche de verano\u2019, el s\u00e1bado 29 en el Teatro"},"content":{"rendered":"<p class=\"uk-article-meta\">\n\t\tEscrito en 22 Noviembre 2025.\t<\/p>\n<p>\t\t\t\t\t\t<img decoding=\"async\" class=\"uk-align-right\" src=\"https:\/\/www.europesays.com\/es\/wp-content\/uploads\/2025\/11\/CARTEL_sue\u00f1o_de_uan_noche_de_verano_intro.png\" alt=\"\"\/><\/p>\n<p>La Aurora Teatro ha organizado, junto con la colaboraci\u00f3n de la Delegaci\u00f3n de Cultura del Ayuntamiento, la representaci\u00f3n de la obra de teatro \u2018El sue\u00f1o de una noche de verano\u2019, que tendr\u00e1 lugar el s\u00e1bado 29 de noviembre a las 19:00 horas en el Teatro Municipal.<\/p>\n<p>&#13;<br \/>\n &#13;<\/p>\n<p>Las entradas se pondr\u00e1n a la venta al precio de 2 euros antes de la representaci\u00f3n de la obra en la taquilla del Teatro.\u00a0\u00a0\u00a0 \u00a0\u00a0<\/p>\n<p>&#13;<\/p>\n<p>\u2018El sue\u00f1o de una noche de verano\u2019 es una comedia de William Shakespeare, bajo la adaptaci\u00f3n del dramaturgo y director de escena Sergio Rom\u00e1n, e interpretada por los alumnos infantiles de la Escuela Municipal de Teatro de Vejer \u2018Paco Algora\u2019.<\/p>\n<p>&#13;<\/p>\n<p>La comedia narra los hechos que suceden durante el casamiento de Teseo, duque de Atenas, con Hip\u00f3lita, reina de las amazonas. En la obra se relata las aventuras de cuatro amantes atenienses y un grupo de actores aficionados controlados por las hadas que habitan en el bosque donde transcurre la mayor parte del desarrollo de las escenas. \u2018El sue\u00f1o de una noche de verano\u2019 es una de las obras m\u00e1s populares de William Shakespeare.<\/p>\n","protected":false},"excerpt":{"rendered":"Escrito en 22 Noviembre 2025. La Aurora Teatro ha organizado, junto con la colaboraci\u00f3n de la Delegaci\u00f3n de&hellip;\n","protected":false},"author":2,"featured_media":250720,"comment_status":"","ping_status":"","sticky":false,"template":"","format":"standard","meta":{"footnotes":""},"categories":[81],"tags":[39861,39864,39862,39863,119,123,124,25,24,117,121,122,23,118,120],"class_list":{"0":"post-250719","1":"post","2":"type-post","3":"status-publish","4":"format-standard","5":"has-post-thumbnail","7":"category-ciencia-y-tecnologia","8":"tag-ayuntamiento-de-benalup-casas-viejas","9":"tag-benalup","10":"tag-benalup-casas-viejas","11":"tag-benalup-casas-viejas-cadiz","12":"tag-ciencia","13":"tag-ciencia-y-tecnologia","14":"tag-cienciaytecnologia","15":"tag-es","16":"tag-espana","17":"tag-science","18":"tag-science-and-technology","19":"tag-scienceandtechnology","20":"tag-spain","21":"tag-technology","22":"tag-tecnologia"},"share_on_mastodon":{"url":"https:\/\/pubeurope.com\/@es\/115596649094506242","error":""},"_links":{"self":[{"href":"https:\/\/www.europesays.com\/es\/wp-json\/wp\/v2\/posts\/250719","targetHints":{"allow":["GET"]}}],"collection":[{"href":"https:\/\/www.europesays.com\/es\/wp-json\/wp\/v2\/posts"}],"about":[{"href":"https:\/\/www.europesays.com\/es\/wp-json\/wp\/v2\/types\/post"}],"author":[{"embeddable":true,"href":"https:\/\/www.europesays.com\/es\/wp-json\/wp\/v2\/users\/2"}],"replies":[{"embeddable":true,"href":"https:\/\/www.europesays.com\/es\/wp-json\/wp\/v2\/comments?post=250719"}],"version-history":[{"count":0,"href":"https:\/\/www.europesays.com\/es\/wp-json\/wp\/v2\/posts\/250719\/revisions"}],"wp:featuredmedia":[{"embeddable":true,"href":"https:\/\/www.europesays.com\/es\/wp-json\/wp\/v2\/media\/250720"}],"wp:attachment":[{"href":"https:\/\/www.europesays.com\/es\/wp-json\/wp\/v2\/media?parent=250719"}],"wp:term":[{"taxonomy":"category","embeddable":true,"href":"https:\/\/www.europesays.com\/es\/wp-json\/wp\/v2\/categories?post=250719"},{"taxonomy":"post_tag","embeddable":true,"href":"https:\/\/www.europesays.com\/es\/wp-json\/wp\/v2\/tags?post=250719"}],"curies":[{"name":"wp","href":"https:\/\/api.w.org\/{rel}","templated":true}]}}