{"id":250721,"date":"2025-11-23T02:27:12","date_gmt":"2025-11-23T02:27:12","guid":{"rendered":"https:\/\/www.europesays.com\/es\/250721\/"},"modified":"2025-11-23T02:27:12","modified_gmt":"2025-11-23T02:27:12","slug":"leapmotor-presenta-un-nuevo-suv-urbano-electrico-que-va-a-dar-que-hablar","status":"publish","type":"post","link":"https:\/\/www.europesays.com\/es\/250721\/","title":{"rendered":"Leapmotor presenta un nuevo SUV urbano el\u00e9ctrico que va a dar que hablar"},"content":{"rendered":"<p class=\"c-paragraph\">En la actualidad, a nadie escapa que <b>los fabricantes chinos son una apisonadora en el lanzamiento de nuevos modelos<\/b> que encuentran en sus ajustados precios de salida una de sus bazas imbatibles.<\/p>\n<p class=\"c-paragraph\">El caso de Leapmotor no es diferente, respaldado en su caso por estar bajo el paraguas (fuera del mercado local) de <b>un grupo tan potente como es Stellantis<\/b>. Tras el lanzamiento del T03 y del C10, con los que se dieron a conocer hace poco m\u00e1s de un a\u00f1o en nuestro mercado, y el reciente B10, ahora llega el turno del A10, <b>un urbano que se sumar\u00e1 en 2026 al no menos novedoso B05<\/b>, el hatchback compacto que ya pudimos conocer en el \u00faltimo Sal\u00f3n del Autom\u00f3vil de Munich.<\/p>\n<p class=\"c-paragraph\">Por tanto, muchas m\u00e1s opciones para este fabricante que poco a poco <b>ganar\u00e1 presencia en casi todos los segmentos del mercado<\/b>. Igualmente todos estos nuevos lanzamientos les permitir\u00e1n aumentar considerablemente sus ventas que ya comienzan a ser de lo m\u00e1s s\u00f3lidas con <b>m\u00e1s de medio mill\u00f3n de entregas en lo que llevamos de a\u00f1o<\/b>.\u00a0<\/p>\n<p>A la venta el pr\u00f3ximo a\u00f1o<\/p>\n<p class=\"c-paragraph\">En el caso del A10, que <b>fuera de China ser\u00e1 conocido como B03X<\/b>, estamos ante un coche de <b>unos 4,3 metros de longitud<\/b>, m\u00e1s una distancia entre ejes de 2,6 metros que debe proporcionar un desahogado espacio interior, provisto de una unidad el\u00e9ctrica con <b>autonom\u00edas previsibles de hasta 400 kil\u00f3metros.<\/b><\/p>\n<p class=\"c-paragraph\">Sin duda, uno de sus principales objetivos ser\u00e1 <b>medirse de t\u00fa a t\u00fa con el BYD Atto 2<\/b> que es uno de lo m\u00e1s demandados entre los modelos chinos.<\/p>\n<p class=\"c-paragraph\">Situado <b>entre el utilitario T03 y el todocamino B10<\/b>, el B03X presenta una agradable est\u00e9tica con l\u00edneas muy limpias, sin estridencias, acordes con su posicionamiento.\u00a0<\/p>\n<p class=\"c-paragraph\">En las primeras im\u00e1genes se puede apreciar que est\u00e1 dotado de destacadas herramientas tecnol\u00f3gicas en materia de seguridad como aventura <b>el sistema LiDAR que exhibe en el techo.<\/b><\/p>\n<p class=\"c-paragraph\">En cuanto al inicio de su comercializaci\u00f3n en Europa, las previsiones apuntan a que lo har\u00e1 <b>a lo largo del pr\u00f3ximo a\u00f1o con unos precios que estamos seguros dar\u00e1n que hablar<\/b> y animar\u00e1n a muchos usuarios a decantarse por el coche el\u00e9ctrico.<\/p>\n<p class=\"c-paragraph\">\u00a0 <\/p>\n","protected":false},"excerpt":{"rendered":"En la actualidad, a nadie escapa que los fabricantes chinos son una apisonadora en el lanzamiento de nuevos&hellip;\n","protected":false},"author":2,"featured_media":250722,"comment_status":"","ping_status":"","sticky":false,"template":"","format":"standard","meta":{"footnotes":""},"categories":[80],"tags":[63538,82,12446,95,94,25,24,32870,2362,23,27478,35625],"class_list":{"0":"post-250721","1":"post","2":"type-post","3":"status-publish","4":"format-standard","5":"has-post-thumbnail","7":"category-economia","8":"tag-a10","9":"tag-business","10":"tag-coches-electricos","11":"tag-economia","12":"tag-economy","13":"tag-es","14":"tag-espana","15":"tag-leapmotor","16":"tag-motor","17":"tag-spain","18":"tag-stellantis","19":"tag-suv"},"share_on_mastodon":{"url":"https:\/\/pubeurope.com\/@es\/115596652917216908","error":""},"_links":{"self":[{"href":"https:\/\/www.europesays.com\/es\/wp-json\/wp\/v2\/posts\/250721","targetHints":{"allow":["GET"]}}],"collection":[{"href":"https:\/\/www.europesays.com\/es\/wp-json\/wp\/v2\/posts"}],"about":[{"href":"https:\/\/www.europesays.com\/es\/wp-json\/wp\/v2\/types\/post"}],"author":[{"embeddable":true,"href":"https:\/\/www.europesays.com\/es\/wp-json\/wp\/v2\/users\/2"}],"replies":[{"embeddable":true,"href":"https:\/\/www.europesays.com\/es\/wp-json\/wp\/v2\/comments?post=250721"}],"version-history":[{"count":0,"href":"https:\/\/www.europesays.com\/es\/wp-json\/wp\/v2\/posts\/250721\/revisions"}],"wp:featuredmedia":[{"embeddable":true,"href":"https:\/\/www.europesays.com\/es\/wp-json\/wp\/v2\/media\/250722"}],"wp:attachment":[{"href":"https:\/\/www.europesays.com\/es\/wp-json\/wp\/v2\/media?parent=250721"}],"wp:term":[{"taxonomy":"category","embeddable":true,"href":"https:\/\/www.europesays.com\/es\/wp-json\/wp\/v2\/categories?post=250721"},{"taxonomy":"post_tag","embeddable":true,"href":"https:\/\/www.europesays.com\/es\/wp-json\/wp\/v2\/tags?post=250721"}],"curies":[{"name":"wp","href":"https:\/\/api.w.org\/{rel}","templated":true}]}}