{"id":250729,"date":"2025-11-23T02:40:13","date_gmt":"2025-11-23T02:40:13","guid":{"rendered":"https:\/\/www.europesays.com\/es\/250729\/"},"modified":"2025-11-23T02:40:13","modified_gmt":"2025-11-23T02:40:13","slug":"el-fundador-de-amazon-se-hace-con-el-control-de-la-met-gala","status":"publish","type":"post","link":"https:\/\/www.europesays.com\/es\/250729\/","title":{"rendered":"el fundador de Amazon\u00a0se hace con el control de la MET Gala"},"content":{"rendered":"<p>\t\t\t \t\t \t\t\t\t\t\t\tLauren S\u00e1nchez y Jeff Bezos <strong class=\"pd-l\">DANIEL DAL ZENNARO | EFE  <\/strong><\/p>\n<p>\t\t\t\t\t\tLa pareja tendr\u00e1 el poder de seleccionar\u00a0a los invitados al evento m\u00e1s importante del mundo de la moda. Se trata de la primera vez que el patrocinador no es una firma de moda<br \/>\n\t\t\t\t\t\t\t\t\t\t\t\t<strong>22 nov 2025<\/strong> . Actualizado a las 16:03 h.\t\t\t\t\t\t<\/p>\n<p class=\"first-paragraph txt\"><a href=\"https:\/\/www.lavozdegalicia.es\/temas\/karl-lagerfeld\" rel=\"nofollow noopener\" target=\"_blank\">Karl Lagerfeld<\/a> destacaba la honestidad de Anna Wintour. Una mujer sin pelos en la lengua que no tuvo reparos en afirmar que sac\u00f3 en portada a <a href=\"https:\/\/www.lavozdegalicia.es\/temas\/kim-kardashian\" rel=\"nofollow noopener\" target=\"_blank\">Kim Kardashian<\/a> y Kanye West porque tener solo gente \u00abde muy buen gusto\u00bb en la revista es \u00ababurrido\u00bb. Quiz\u00e1 por esa raz\u00f3n -adem\u00e1s de por su jugosa cuenta corriente-<strong> Wintour ha decidido que <a href=\"https:\/\/www.lavozdegalicia.es\/temas\/jeff-bezos\" rel=\"nofollow noopener\" target=\"_blank\">Jeff Bezos<\/a> y su mujer, Lauren S\u00e1nchez<\/strong>, sean los patrocinadores de la <strong>pr\u00f3xima gala del Museo Metropolitano de Arte de Nueva York<\/strong>, lo que les otorga el poder de seleccionar a los invitados al evento m\u00e1s importante del mundo de la moda, en el que est\u00e1 vetado Donald Trump, amigo de la pareja.<\/p>\n<p class=\"txt\">Se trata de la primera vez que el mayor donante de la gala no es una firma de moda, como este a\u00f1o lo fue Louis Vuitton o el anterior la casa espa\u00f1ola Loewe. Un privilegio que le ha concedido Anna Wintour, organizadora del evento, a su amigo Bezos, con el que mantiene una excelente relaci\u00f3n desde hace a\u00f1os. El magnate ya ascendi\u00f3 por la alfombra roja de la popular escalinata del museo en 2012 con su entonces mujer, Mackenzie Scott, y siete a\u00f1os despu\u00e9s lo hizo solo, tras anunciar su divorcio. Fue en 2024 cuando acudi\u00f3 con Lauren S\u00e1nchez enfundada en un \u00d3scar de la Renta a medida en blanco y negro escogido personalmente por la propia Wintour, una ocasi\u00f3n que el medio Page Six proclam\u00f3 como \u00absu coronaci\u00f3n como la nueva realeza de Estados Unidos\u00bb.<\/p>\n<p class=\"txt\">La pareja no acudi\u00f3 a la gala 2025 debido a sus fastuosas celebraciones nupciales, a cuya pol\u00e9mica boda en Venecia estaba invitada Anna Wintour, quien declin\u00f3 la invitaci\u00f3n por motivos laborales, aunque hizo un hueco en su agenda para ayudar a S\u00e1nchez a elegir un vestido de novia a la altura. El escogido fue un Dolce &amp; Gabbana inspirado en el que luci\u00f3 Sophia Loren en la pel\u00edcula de 1958 \u00abHogar flotante\u00bb confeccionado por Edith Head. Con el vestido de m\u00e1s de 900 horas de trabajo en el taller de los modistas italianos, la se\u00f1ora Bezos fue portada de la revista Vogue.<\/p>\n<p class=\"txt\">Precisamente por el enlace surgi\u00f3 el rumor, a\u00fan candente, de que Bezos quer\u00eda agasajar a su nueva esposa con la compra del grupo de comunicaci\u00f3n Cond\u00e9 Nast, propietario, entre otras cabeceras, de Vogue. Por el momento, el magnate s\u00ed le ha podido regalar a S\u00e1nchez el privilegio de poder seleccionar qui\u00e9nes ser\u00e1n los afortunados en poder disfrutar de la velada en una de las mesas, en las que no se sirve ajo, cebolla y cebollino, para evitar olores fuertes y cuyo coste por persona ronda los 75.000 d\u00f3lares.<\/p>\n<p class=\"txt\">\n<p>\t\t\t\t\t\t\t\t\t\t\t\t&#13;<br \/>\n\t\t\t\t\t\t\t\t&#13;<br \/>\n&#13;<br \/>\n&#13;<\/p>\n<p>\t\t\t&#13;<br \/>\n\t&#13;<\/p>\n<p>\t\t\t<a href=\"https:\/\/www.lavozdegalicia.es\/noticia\/sociedad\/2025\/11\/17\/met-gala-2026-explorara-moda-arte-relacion-ropa-cuerpo\/00031763395619109116958.htm\" data-analytics=\"link-embed\" rel=\"nofollow noopener\" target=\"_blank\">La MET Gala del 2026 explorar\u00e1 la moda como arte y la relaci\u00f3n entre la ropa y el cuerpo<\/a><\/p>\n<p class=\"a-min-author\">La Voz<\/p>\n<p>\t&#13;<br \/>\n\t&#13;<br \/>\n&#13;<\/p>\n<p class=\"txt\">Este a\u00f1o, el arte es el lema Tambi\u00e9n tendr\u00e1n voz y voto en la planificaci\u00f3n de la exposici\u00f3n, cuyo lema ser\u00e1 Custome Art (El arte del vestuario), una muestra que marcar\u00e1 la inauguraci\u00f3n de las galer\u00edas Cond\u00e9 Nast, de m\u00e1s de 1.100 metros cuadrados, adyacentes al Gran Sal\u00f3n del Met. Para celebrar la ocasi\u00f3n, el comisario Andrew Bolton rescatar\u00e1 pinturas, esculturas y otros objetos que abarcan los 5.000 a\u00f1os de arte representados en el museo, junto con prendas hist\u00f3ricas y contempor\u00e1neas del Costume Institute. Adem\u00e1s del matrimonio Bezos, Saint Laurent y Cond\u00e9 Nast tambi\u00e9n ser\u00e1n donantes de la gala, que siempre se celebra el primer domingo de mayo, y de la exposici\u00f3n, que se inaugurar\u00e1 el 10 del mismo mes y permanecer\u00e1 abierta hasta el 10 de enero de 2027.<\/p>\n<p class=\"txt\">\n<p>\t\t\t\t\t\t\t\t\t\t\t\t&#13;<br \/>\n\t\t\t\t\t\t\t\t&#13;<br \/>\n&#13;<br \/>\n&#13;<\/p>\n<p>\t\t\t&#13;<br \/>\n\t&#13;<\/p>\n<p>\t\t\t<a href=\"https:\/\/www.lavozdegalicia.es\/noticia\/sociedad\/2025\/11\/21\/rosalia-fingio-desmayo-met-gala-vestido-balmain-permitia-sentarse\/00031763724327765779738.htm\" data-analytics=\"link-embed\" rel=\"nofollow noopener\" target=\"_blank\">Rosal\u00eda fingi\u00f3 un desmayo en la Met Gala porque su vestido de Balmain no le permit\u00eda sentarse<\/a><\/p>\n<p class=\"a-min-author\">\n<p>\t\t\t\t\t\t\t\t\t\t\tP. V.<\/p>\n<p>\t&#13;<br \/>\n\t&#13;<br \/>\n&#13;<\/p>\n<p class=\"txt\">Adem\u00e1s de con su amiga Anna, los Bezos tendr\u00e1n que ponerse de acuerdo con Chlo\u00e9 Malle, la sustituta de Wintour como nueva redactora jefe de Vogue en Estados Unidos, a la que ya conocen puesto que fue quien entrevist\u00f3 a Lauren para el reportaje sobre la boda en la prestigiosa publicaci\u00f3n. Precisamente la madre de Malle, la actriz Candice Bergen, encarn\u00f3 a la editora jefe de Vogue en la serie Sexo en Nueva York. Caprichos de un destino que ha querido poner de filtro del evento m\u00e1s importante de la industria de la moda a una mujer de gusto cuestionable que est\u00e1 intentando ganar puntos usando piezas de archivo de afamados dise\u00f1adores, la misma t\u00e9cnica de la que suele echar mano Kim Kardashian.<\/p>\n<p>&#13;<br \/>\n\tArchivado en:&#13;<br \/>\n\t\t\t\t\t<a href=\"https:\/\/www.lavozdegalicia.es\/temas\/jeff-bezos\/\" target=\"_blank\" class=\"mg-l\" rel=\"nofollow noopener\">Jeff Bezos<\/a>&#13;<br \/>\n\t\t\t\t\t<a href=\"https:\/\/www.lavozdegalicia.es\/temas\/kim-kardashian\/\" target=\"_blank\" class=\"mg-l\" rel=\"nofollow noopener\">Kim Kardashian<\/a>&#13;<br \/>\n\t\t\t\t\t<a href=\"https:\/\/www.lavozdegalicia.es\/temas\/karl-lagerfeld\/\" target=\"_blank\" class=\"mg-l\" rel=\"nofollow noopener\">Karl Lagerfeld<\/a>&#13;<br \/>\n\t\t\t\t\t<a href=\"https:\/\/www.lavozdegalicia.es\/temas\/amazon\/\" target=\"_blank\" class=\"mg-l\" rel=\"nofollow noopener\">Amazon<\/a>&#13;<br \/>\n\t&#13;<\/p>\n","protected":false},"excerpt":{"rendered":"Lauren S\u00e1nchez y Jeff Bezos DANIEL DAL ZENNARO | EFE La pareja tendr\u00e1 el poder de seleccionar\u00a0a los&hellip;\n","protected":false},"author":2,"featured_media":250730,"comment_status":"","ping_status":"","sticky":false,"template":"","format":"standard","meta":{"footnotes":""},"categories":[174],"tags":[912,255,146,147,25,24,256,14373,36023,7903,23],"class_list":{"0":"post-250729","1":"post","2":"type-post","3":"status-publish","4":"format-standard","5":"has-post-thumbnail","7":"category-famosos","8":"tag-amazon","9":"tag-celebrities","10":"tag-entertainment","11":"tag-entretenimiento","12":"tag-es","13":"tag-espana","14":"tag-famosos","15":"tag-jeff-bezos","16":"tag-karl-lagerfeld","17":"tag-kim-kardashian","18":"tag-spain"},"share_on_mastodon":{"url":"https:\/\/pubeurope.com\/@es\/115596704057446296","error":""},"_links":{"self":[{"href":"https:\/\/www.europesays.com\/es\/wp-json\/wp\/v2\/posts\/250729","targetHints":{"allow":["GET"]}}],"collection":[{"href":"https:\/\/www.europesays.com\/es\/wp-json\/wp\/v2\/posts"}],"about":[{"href":"https:\/\/www.europesays.com\/es\/wp-json\/wp\/v2\/types\/post"}],"author":[{"embeddable":true,"href":"https:\/\/www.europesays.com\/es\/wp-json\/wp\/v2\/users\/2"}],"replies":[{"embeddable":true,"href":"https:\/\/www.europesays.com\/es\/wp-json\/wp\/v2\/comments?post=250729"}],"version-history":[{"count":0,"href":"https:\/\/www.europesays.com\/es\/wp-json\/wp\/v2\/posts\/250729\/revisions"}],"wp:featuredmedia":[{"embeddable":true,"href":"https:\/\/www.europesays.com\/es\/wp-json\/wp\/v2\/media\/250730"}],"wp:attachment":[{"href":"https:\/\/www.europesays.com\/es\/wp-json\/wp\/v2\/media?parent=250729"}],"wp:term":[{"taxonomy":"category","embeddable":true,"href":"https:\/\/www.europesays.com\/es\/wp-json\/wp\/v2\/categories?post=250729"},{"taxonomy":"post_tag","embeddable":true,"href":"https:\/\/www.europesays.com\/es\/wp-json\/wp\/v2\/tags?post=250729"}],"curies":[{"name":"wp","href":"https:\/\/api.w.org\/{rel}","templated":true}]}}