{"id":250731,"date":"2025-11-23T02:43:24","date_gmt":"2025-11-23T02:43:24","guid":{"rendered":"https:\/\/www.europesays.com\/es\/250731\/"},"modified":"2025-11-23T02:43:24","modified_gmt":"2025-11-23T02:43:24","slug":"valle-salvaje-resumen-de-los-capitulos-297-al-301-del-17-al-21-de-noviembre-en-tve-y-netflix","status":"publish","type":"post","link":"https:\/\/www.europesays.com\/es\/250731\/","title":{"rendered":"&#8216;Valle Salvaje&#8217;, resumen de los cap\u00edtulos 297 al 301 del 17 al 21 de noviembre en TVE y Netflix"},"content":{"rendered":"<p data-journey-content=\"true\" data-node-id=\"3\" class=\"css-6wxqfj emevuu60\">Esta semana en &#8216;<a href=\"https:\/\/www.diezminutos.es\/valle-salvaje\/\" target=\"_blank\" data-vars-ga-outbound-link=\"https:\/\/www.diezminutos.es\/valle-salvaje\/\" data-vars-ga-ux-element=\"Hyperlink\" data-vars-ga-call-to-action=\"Valle Salvaje\" data-node-id=\"3.1\" class=\"body-link css-177bzfx emevuu60\" rel=\"nofollow noopener\">Valle Salvaje<\/a>&#8216;, la historia se encamin\u00f3 a hacerles pagar a Victoria y Jos\u00e9 todos sus pecados. El ambiente en la hacienda se torn\u00f3 tenso y cada gesto parec\u00eda anunciar un desenlace inevitable. <a href=\"https:\/\/www.diezminutos.es\/telenovela\/espanolas\/a69469467\/valle-salvaje-capitulo-299-avance-del-miercoles-19-de-noviembre-serie-tve-netflix\/\" target=\"_blank\" data-vars-ga-outbound-link=\"https:\/\/www.diezminutos.es\/telenovela\/espanolas\/a69469467\/valle-salvaje-capitulo-299-avance-del-miercoles-19-de-noviembre-serie-tve-netflix\/\" data-vars-ga-ux-element=\"Hyperlink\" data-vars-ga-call-to-action=\"D\u00e1maso comparti\u00f3 con Mercedes\" data-node-id=\"3.3\" class=\"body-link css-177bzfx emevuu60\" rel=\"nofollow noopener\">D\u00e1maso comparti\u00f3 con Mercedes<\/a> la compra que hab\u00eda hecho de unas tierras y le asegur\u00f3 que no deb\u00eda temer al duque. Sus palabras, cargadas de confianza, <strong data-node-id=\"3.5\">pretendieron transmitir<\/strong> calma, pero en el fondo escond\u00edan una estrategia arriesgada. <\/p>\n<p data-journey-content=\"true\" data-node-id=\"6\" class=\"css-6wxqfj emevuu60\">Mercedes escuch\u00f3 con atenci\u00f3n, aunque en su mirada se reflej\u00f3 la inquietud de quien sabe que los secretos nunca permanecen ocultos demasiado tiempo. La aparente tranquilidad se quebr\u00f3 cuando <strong data-node-id=\"6.1\">Victoria se enter\u00f3 de la transacci\u00f3n<\/strong>. La mujer, siempre dispuesta a defender sus intereses, tom\u00f3 cartas en el asunto con determinaci\u00f3n. Su reacci\u00f3n fue inmediata y dej\u00f3 claro que no permitir\u00eda que nadie, ni siquiera D\u00e1maso, alterara el equilibrio de poder que tanto le hab\u00eda costado mantener.<\/p>\n<p><img draggable=\"true\" alt=\"valle salvaje\" title=\"Valle Salvaje\" loading=\"lazy\" width=\"4096\" height=\"2730\" decoding=\"async\" data-nimg=\"1\" style=\"color:transparent;width:100%;height:auto;\"   src=\"https:\/\/www.europesays.com\/es\/wp-content\/uploads\/2025\/11\/1763694860_484_g4m4bomwyaehz2z-6908745bd5280.jpeg\" class=\"css-0 e1g79fud0\"\/><\/p>\n<p>RTVE<\/p>\n<p>Luisa sufri\u00f3 mucho en prisi\u00f3n en &#8216;Valle Salvaje&#8217;<\/p>\n<p data-journey-content=\"true\" data-node-id=\"10\" class=\"css-6wxqfj emevuu60\">Mientras tanto, Luisa recibi\u00f3 una visita inesperada en la c\u00e1rcel. La llegada de Adriana la oblig\u00f3 a enfrentarse a una verdad inc\u00f3moda y a un di\u00e1logo cargado de reproches. El encuentro fue duro, lleno de palabras que golpearon como cuchillos y dejaron a la Salcedo profundamente preocupada. <strong data-node-id=\"10.1\">Luisa, atrapada entre la culpa y la necesidad de defenderse<\/strong>, comprendi\u00f3 que aquella conversaci\u00f3n marcar\u00eda un antes y un despu\u00e9s en su destino. Adriana, firme y desafiante, no dud\u00f3 en se\u00f1alar las contradicciones de su rival, dejando un eco de tensi\u00f3n que se extendi\u00f3 m\u00e1s all\u00e1 de los muros de la prisi\u00f3n.<\/p>\n<p data-journey-content=\"true\" data-node-id=\"14\" class=\"css-6wxqfj emevuu60\">La noticia de la compra de tierras y la reacci\u00f3n de Victoria se convirtieron en el centro de las habladur\u00edas. Cada miembro de la familia y del entorno cercano interpret\u00f3 los hechos a su manera, alimentando rumores y sospechas. <strong data-node-id=\"14.1\">Algunos vieron en D\u00e1maso un hombre valiente<\/strong> que se atrevi\u00f3 a desafiar al duque, mientras otros lo consideraron imprudente, incapaz de medir las consecuencias de sus actos.<\/p>\n<p>Victoria busco ayuda frente a D\u00e1maso en &#8216;Valle Salvaje&#8217;<img draggable=\"true\" alt=\"valle salvaje\" title=\"Valle Salvaje\" loading=\"lazy\" width=\"2050\" height=\"1367\" decoding=\"async\" data-nimg=\"1\" style=\"color:transparent;width:100%;height:auto;\"   src=\"https:\/\/www.europesays.com\/es\/wp-content\/uploads\/2025\/11\/g4rk12jxcaaui4e-6908778a01d1e.jpeg\" class=\"css-0 e1g79fud0\"\/><\/p>\n<p>RTVE<\/p>\n<p data-journey-content=\"true\" data-node-id=\"18\" class=\"css-6wxqfj emevuu60\">Mercedes, por su parte, se debati\u00f3 entre la lealtad hacia D\u00e1maso y el temor a las represalias de Victoria. Sab\u00eda que cualquier paso en falso pod\u00eda desencadenar una tormenta que arrastrar\u00eda a todos. La tensi\u00f3n se palpaba en cada rinc\u00f3n, y la sombra de los pecados de Victoria y Jos\u00e9 se proyectaba sobre el futuro de la familia. As\u00ed, la semana cerr\u00f3 con un aire de incertidumbre: <strong data-node-id=\"18.1\">Victoria, dispuesta a defender su poder<\/strong>; D\u00e1maso, convencido de su estrategia; Mercedes, atrapada en la duda; y Luisa, marcada por un enfrentamiento que la dej\u00f3 vulnerable. Todo apuntaba a que los pecados del pasado estaban a punto de cobrarse su precio.<\/p>\n<p><img src=\"https:\/\/www.europesays.com\/es\/wp-content\/uploads\/2025\/11\/1763865804_983_43af9b8f-983e-4e74-8e74-9a7479b0966b_1681831601.file\" alt=\"Headshot of Pilar Mart\u00ednez\" title=\"Headshot of Pilar Mart\u00ednez\" width=\"100%\" height=\"100%\" decoding=\"async\" loading=\"lazy\" class=\"css-o0wq4v ev8dhu53\"\/><\/p>\n<p>Pilar Mart\u00ednez es periodista especializada en contenidos de televisi\u00f3n y cultura, se gradu\u00f3 en la carrera en Periodismo en la Facultad de Ciencias de la Informaci\u00f3n (Universidad Complutense de Madrid) en el a\u00f1o 2018. Desde entonces ha pasado por las redacciones de Ecoteuve (El Economista), donde realiz\u00f3 sus primeras pr\u00e1cticas durante el verano del 2016.<\/p>\n<p>Posteriormente, concretamente, en el a\u00f1o 2017 se pas\u00f3 al grupo Hearst Espa\u00f1a, donde comenz\u00f3 su andadura en las revistas de televisi\u00f3n: Supertele, Teleprograma, Telenovela. Ahora colabora con Diez Minutos, en su versi\u00f3n web, donde se encarga de realizar los avances semanales de las ficciones diarias de moda, as\u00ed como entrevistas y art\u00edculos sobre los melodramas o telenovelas que aterrizan en nuestro pa\u00eds y aquellos que est\u00e1n por venir.<\/p>\n<p>Toda una cazadora de exclusivas. A esto, se suma su puesto como redactora jefe de la secci\u00f3n de novela narrativa en la revista Culturamas, medio digital de alto impacto al que lleva unida desde el a\u00f1o 2013. \u00c1vida lectora, cin\u00e9fila y seri\u00e9fila de primer nivel, ha hecho de su vocaci\u00f3n su oficio. \u00a0<\/p>\n","protected":false},"excerpt":{"rendered":"Esta semana en &#8216;Valle Salvaje&#8216;, la historia se encamin\u00f3 a hacerles pagar a Victoria y Jos\u00e9 todos sus&hellip;\n","protected":false},"author":2,"featured_media":231121,"comment_status":"","ping_status":"","sticky":false,"template":"","format":"standard","meta":{"footnotes":""},"categories":[171],"tags":[253,146,147,25,24,23,214],"class_list":{"0":"post-250731","1":"post","2":"type-post","3":"status-publish","4":"format-standard","5":"has-post-thumbnail","7":"category-tv","8":"tag-discover","9":"tag-entertainment","10":"tag-entretenimiento","11":"tag-es","12":"tag-espana","13":"tag-spain","14":"tag-tv"},"share_on_mastodon":{"url":"https:\/\/pubeurope.com\/@es\/115596717022530630","error":""},"_links":{"self":[{"href":"https:\/\/www.europesays.com\/es\/wp-json\/wp\/v2\/posts\/250731","targetHints":{"allow":["GET"]}}],"collection":[{"href":"https:\/\/www.europesays.com\/es\/wp-json\/wp\/v2\/posts"}],"about":[{"href":"https:\/\/www.europesays.com\/es\/wp-json\/wp\/v2\/types\/post"}],"author":[{"embeddable":true,"href":"https:\/\/www.europesays.com\/es\/wp-json\/wp\/v2\/users\/2"}],"replies":[{"embeddable":true,"href":"https:\/\/www.europesays.com\/es\/wp-json\/wp\/v2\/comments?post=250731"}],"version-history":[{"count":0,"href":"https:\/\/www.europesays.com\/es\/wp-json\/wp\/v2\/posts\/250731\/revisions"}],"wp:featuredmedia":[{"embeddable":true,"href":"https:\/\/www.europesays.com\/es\/wp-json\/wp\/v2\/media\/231121"}],"wp:attachment":[{"href":"https:\/\/www.europesays.com\/es\/wp-json\/wp\/v2\/media?parent=250731"}],"wp:term":[{"taxonomy":"category","embeddable":true,"href":"https:\/\/www.europesays.com\/es\/wp-json\/wp\/v2\/categories?post=250731"},{"taxonomy":"post_tag","embeddable":true,"href":"https:\/\/www.europesays.com\/es\/wp-json\/wp\/v2\/tags?post=250731"}],"curies":[{"name":"wp","href":"https:\/\/api.w.org\/{rel}","templated":true}]}}