{"id":250732,"date":"2025-11-23T02:44:10","date_gmt":"2025-11-23T02:44:10","guid":{"rendered":"https:\/\/www.europesays.com\/es\/250732\/"},"modified":"2025-11-23T02:44:10","modified_gmt":"2025-11-23T02:44:10","slug":"radio-sinfonola-ya-no-estara-mas-al-aire-asi-lo-confirmo-carlos-lafuente-nunca-podriamos-irnos-sin-decirle-adios","status":"publish","type":"post","link":"https:\/\/www.europesays.com\/es\/250732\/","title":{"rendered":"Radio Sinfonola ya no estar\u00e1 m\u00e1s al aire, as\u00ed lo confirm\u00f3 Carlos Lafuente: \u2018Nunca podr\u00edamos irnos sin decirle adi\u00f3s\u2019"},"content":{"rendered":"<p class=\"default__StyledText-sc-oqc75h-0 kDYpOE body-paragraph\">La ic\u00f3nica<a href=\"https:\/\/www.nacion.com\/viva\/entretenimiento\/carlos-lafuente-gerente-de-sinfonola-soy-al-que\/MILZUQIIVBGTPLP7OJD7VTRYAM\/story\/\" target=\"_blank\" rel=\"nofollow noopener\" title=\"https:\/\/www.nacion.com\/viva\/entretenimiento\/carlos-lafuente-gerente-de-sinfonola-soy-al-que\/MILZUQIIVBGTPLP7OJD7VTRYAM\/story\/\"><b> Radio Sinfonola saldr\u00e1 del aire,<\/b><\/a> as\u00ed lo confirm\u00f3 <b>Carlos Lafuente<\/b>, gerente de la emisora, en un emotivo mensaje que public\u00f3 al aire este s\u00e1bado 22 de noviembre. La decisi\u00f3n se debe a que la empresa <a href=\"https:\/\/www.nacion.com\/el-pais\/dos-historicas-emisoras-no-participaran-en-subasta\/5NTC5DV765DNTDYQE4C7M7IS7Y\/story\/\" target=\"_blank\" rel=\"nofollow noopener\" title=\"https:\/\/www.nacion.com\/el-pais\/dos-historicas-emisoras-no-participaran-en-subasta\/5NTC5DV765DNTDYQE4C7M7IS7Y\/story\/\"><b>no particip\u00f3 en la subasta de bandas de radio y televisi\u00f3n<\/b> <\/a>organizada por la Superintendencia de Telecomunicaciones (Sutel), cuyo periodo de recepci\u00f3n de ofertas concluy\u00f3 este viernes 21.<\/p>\n<p class=\"default__StyledText-sc-oqc75h-0 kDYpOE body-paragraph\">\u201cDesde el coraz\u00f3n de Radio Sinfonola a ustedes que sabemos nos aprecian, le escribimos estas notas, porque <b>nunca podr\u00edamos irnos sin decirle adi\u00f3s<\/b>\u201d, comenz\u00f3 Lafuente con su discurso. <\/p>\n<p class=\"default__StyledText-sc-oqc75h-0 kDYpOE body-paragraph\">\u201cEl tiempo pasa volando, dec\u00edan nuestros ancestros; cierto, ciert\u00edsimo, porque parece que fue ayer y<a href=\"https:\/\/www.nacion.com\/viva\/musica\/adios-al-festival-de-recuerdos-de-sinfonola\/ILTUOBUUSNH7DKMF5LTHLH6KRE\/story\/\" target=\"_blank\" rel=\"nofollow noopener\" title=\"https:\/\/www.nacion.com\/viva\/musica\/adios-al-festival-de-recuerdos-de-sinfonola\/ILTUOBUUSNH7DKMF5LTHLH6KRE\/story\/\"> <b>ya casi se cumplen 60 a\u00f1os<\/b><\/a><b> <\/b>desde aquella hoy lejana ma\u00f1ana del 12 de mayo de 1966, cuando un modesto transmisor artesanal encendimos para acompa\u00f1arle y serle \u00fatil a usted\u201d, agreg\u00f3.<\/p>\n<p>\n        <b>Radio Sinfonola se despide del p\u00fablico despu\u00e9s de casi 60 a\u00f1os<\/b>\n     <\/p>\n<p class=\"default__StyledText-sc-oqc75h-0 kDYpOE body-paragraph\">El reconocido tambi\u00e9n como locutor, manifest\u00f3 que Sinfonola es una peque\u00f1a y mediana empresa que <a href=\"https:\/\/www.nacion.com\/viva\/musica\/volvio-festival-de-recuerdos-de-sinfonola-regreso\/5KDFI5OZTZERTBFZVD7UCPXQDQ\/story\/\" target=\"_blank\" rel=\"nofollow noopener\" title=\"https:\/\/www.nacion.com\/viva\/musica\/volvio-festival-de-recuerdos-de-sinfonola-regreso\/5KDFI5OZTZERTBFZVD7UCPXQDQ\/story\/\"><b>\u201cno tiene la menor posibilidad de pagar los cientos de millones<\/b><\/a> que el gobierno del se\u00f1or (Rodrigo) Chaves le cobra si quiere seguir trabajando\u201d. <\/p>\n<p class=\"default__StyledText-sc-oqc75h-0 kDYpOE body-paragraph\">Sinfonola se suma as\u00ed a <b>otras emisoras radiof\u00f3nicas<\/b> que confirmaron que no iban a participar en la puja, como <b>Radio Musical y Radio Hit<\/b>, ambas de la Cadena Musical. Las condiciones de la puja las tild\u00f3 la empresa de \u201cruinosas e imposibles\u201d y se\u00f1al\u00f3 que emprendi\u00f3 acciones legales para ampararse en la renovaci\u00f3n de sus franjas radioel\u00e9ctricas.<\/p>\n<p class=\"default__StyledText-sc-oqc75h-0 kDYpOE body-paragraph\">En su adi\u00f3s, Lafuente continu\u00f3: \u201cEl oyente es nuestro amigo y <b>dejar un amigo nunca es f\u00e1cil.<\/b> Preg\u00fanteselo a su coraz\u00f3n. Pero as\u00ed es la vida, como una mala noche en una peor posada, en palabras de San Agust\u00edn. Y ya para terminar, <b>encendemos una vela porque a pesar de los pesares<\/b>, si las leyes de este pa\u00eds se cumplen, las voces de Radio Sinfonola van a seguir con usted hasta la fecha en que Dios as\u00ed lo quiera. Un adi\u00f3s y el fuerte abrazo de Radio Sinfonola\u201d, concluy\u00f3.<\/p>\n<p><img decoding=\"async\" data-chromatic=\"ignore\" alt=\"\" class=\"c-image\" loading=\"lazy\" src=\"https:\/\/www.europesays.com\/es\/wp-content\/uploads\/2025\/11\/H2RZNZEF2VB5RODI63M4YO5SYI.JPG\"  width=\"4000\" height=\"2667\"\/>Carlos Lafuente, gerente de Radio Sinfonola, manifest\u00f3 su dolor por la salida del aire de la emisora. (Archivo) Los or\u00edgenes de Sinfonola<\/p>\n<p class=\"default__StyledText-sc-oqc75h-0 kDYpOE body-paragraph\">El 12 de mayo de 1966 naci\u00f3 Rumbo, la emisora en la frecuencia AM que marcar\u00eda el camino para el nacimiento \u2013en el FM\u2013 de Sinfonola.<\/p>\n<p class=\"default__StyledText-sc-oqc75h-0 kDYpOE body-paragraph\"><b>El \u00e9xito de Rumbo se mantuvo hasta mediados de los a\u00f1os 90<\/b>, cuando se dio el auge del FM y los oyentes migraron hacia esa banda. El impacto fue letal: la publicidad comenz\u00f3 a desviar sus presupuestos a las nuevas estaciones y Rumbo comenz\u00f3 a perder su poder.<\/p>\n<p class=\"default__StyledText-sc-oqc75h-0 kDYpOE body-paragraph\">\u201cLe hac\u00eda trabajos a Televisa (empresa mexicana) y ellos me facilitaron un equipo de gente para que hiciera un estudio de mercado y analizaran la factibilidad de trasladar Rumbo al FM, pero ellos la consideraron una emisora t\u00edpica del AM con un popurr\u00ed de programaciones que no se adaptaba al momento. La sugerencia fue hacer una emisora nueva en el FM\u201d, rememor\u00f3 Lafuente en un art\u00edculo del 2016.<\/p>\n<p class=\"default__StyledText-sc-oqc75h-0 kDYpOE body-paragraph\"><b>Rumbo acab\u00f3 transmisiones a finales de la d\u00e9cada de los 90 y con su \u201capag\u00f3n\u201d naci\u00f3 Sinfonola<\/b> siempre comandada por Lafuente, considerado un visionario y precursor de la radio costarricense.<\/p>\n<p class=\"default__StyledText-sc-oqc75h-0 kDYpOE body-paragraph\">La fonoteca que posee Sinfonola es un tesoro nacional. Ah\u00ed mantienen m\u00e1s de 26.000 discos de acetato, as\u00ed como 3.000 cintas magnetof\u00f3nicas y 5.500 discos compactos. Ese archivo responde a la colecci\u00f3n que la familia Lafuente ha resguardado desde 1938, dijo don Carlos en un reportaje anterior, en el 2023.<\/p>\n<p class=\"default__StyledText-sc-oqc75h-0 kDYpOE body-paragraph\">Colabor\u00f3 con esta informaci\u00f3n Fernando Guti\u00e9rrez.<\/p>\n","protected":false},"excerpt":{"rendered":"La ic\u00f3nica Radio Sinfonola saldr\u00e1 del aire, as\u00ed lo confirm\u00f3 Carlos Lafuente, gerente de la emisora, en un&hellip;\n","protected":false},"author":2,"featured_media":250733,"comment_status":"","ping_status":"","sticky":false,"template":"","format":"standard","meta":{"footnotes":""},"categories":[170],"tags":[63540,146,147,25,24,184,185,63539,23],"class_list":{"0":"post-250732","1":"post","2":"type-post","3":"status-publish","4":"format-standard","5":"has-post-thumbnail","7":"category-musica","8":"tag-carlos-lafuente","9":"tag-entertainment","10":"tag-entretenimiento","11":"tag-es","12":"tag-espana","13":"tag-music","14":"tag-musica","15":"tag-sinfonola","16":"tag-spain"},"share_on_mastodon":{"url":"https:\/\/pubeurope.com\/@es\/115596719868020066","error":""},"_links":{"self":[{"href":"https:\/\/www.europesays.com\/es\/wp-json\/wp\/v2\/posts\/250732","targetHints":{"allow":["GET"]}}],"collection":[{"href":"https:\/\/www.europesays.com\/es\/wp-json\/wp\/v2\/posts"}],"about":[{"href":"https:\/\/www.europesays.com\/es\/wp-json\/wp\/v2\/types\/post"}],"author":[{"embeddable":true,"href":"https:\/\/www.europesays.com\/es\/wp-json\/wp\/v2\/users\/2"}],"replies":[{"embeddable":true,"href":"https:\/\/www.europesays.com\/es\/wp-json\/wp\/v2\/comments?post=250732"}],"version-history":[{"count":0,"href":"https:\/\/www.europesays.com\/es\/wp-json\/wp\/v2\/posts\/250732\/revisions"}],"wp:featuredmedia":[{"embeddable":true,"href":"https:\/\/www.europesays.com\/es\/wp-json\/wp\/v2\/media\/250733"}],"wp:attachment":[{"href":"https:\/\/www.europesays.com\/es\/wp-json\/wp\/v2\/media?parent=250732"}],"wp:term":[{"taxonomy":"category","embeddable":true,"href":"https:\/\/www.europesays.com\/es\/wp-json\/wp\/v2\/categories?post=250732"},{"taxonomy":"post_tag","embeddable":true,"href":"https:\/\/www.europesays.com\/es\/wp-json\/wp\/v2\/tags?post=250732"}],"curies":[{"name":"wp","href":"https:\/\/api.w.org\/{rel}","templated":true}]}}