{"id":250740,"date":"2025-11-23T02:50:23","date_gmt":"2025-11-23T02:50:23","guid":{"rendered":"https:\/\/www.europesays.com\/es\/250740\/"},"modified":"2025-11-23T02:50:23","modified_gmt":"2025-11-23T02:50:23","slug":"lo-que-nos-viene-es-muy-gordo-mas-de-lo-que-la-gente-se-cree-energias-renovables-el-periodismo-de-las-energias-limpias","status":"publish","type":"post","link":"https:\/\/www.europesays.com\/es\/250740\/","title":{"rendered":"&quot;Lo que nos viene es muy gordo, m\u00e1s de lo que la gente se cree&quot; &#8211; Energ\u00edas Renovables, el periodismo de las energ\u00edas limpias."},"content":{"rendered":"<ol>\n<li><a href=\"https:\/\/news.google.com\/rss\/articles\/CBMigwFBVV95cUxQZVhVeHJKdXNsbE5lbFVPNHhJVU9UMGZHOGNHVDNOQVVRNEh3M3h3akV0NjZUOXJjTzZJTDJuSVhJYkpNUGJ4OFo2TjNUT29FNjRhTlkteklqM1JmYnB4aFREYTRXeWZJTmxlcjlfVUdDR2R6eGNpSS0zbXNHOXBDd3U5NA?oc=5\" target=\"_blank\" rel=\"nofollow noopener\">\u00abLo que nos viene es muy gordo, m\u00e1s de lo que la gente se cree\u00bb<\/a>&nbsp;&nbsp;Energ\u00edas Renovables, el periodismo de las energ\u00edas limpias.<\/li>\n<li><a href=\"https:\/\/news.google.com\/rss\/articles\/CBMib0FVX3lxTE5qbm4xcmo4Uy1HU3VlMjU2MExla3dMQzAxdUxERmxsaHJ1Q1R0YVNhYVdBcUtlZEpaNGJZTUpQbHhHTU1PYW45dHdnZmtlUEJ0Q01zcHhaSjc3YWMzWEdfOWIwRkJWTXRYU2FGT0NaUQ?oc=5\" target=\"_blank\" rel=\"nofollow noopener\">La \u00faltima jornada de La Semana de GENERA y MATELEC<\/a>&nbsp;&nbsp;Ifema Madrid<\/li>\n<li><a href=\"https:\/\/news.google.com\/rss\/articles\/CBMi7wFBVV95cUxQcXllQ01xTFJCS3BLM2pFMEctMjIyRXo0Z3dPQXl1YU92YlZQLVhKR2ZzbWZGWkdHVmV5a2VSOHFmam5jRFJyLXVVN1Y0U0pMZTFldUNhVEtwRm1ZaXI3eVFtaU1fcF9LN3dmZkxyZkJKRDZsM1l3VEpxZDlQTHRQOHhqNWJ4THJFOUJiVEVVVXBpbnF3RUNXdndWS0xWYVNwRE1GYUdUZGRSR2xJbDVncGtFeXNnbmgwcGVUZmNRb0tXNHB5SVBxZUdBNUNQS2RvVVB2aGVBdEVBT1lTSE0wU1ZiOFduMlVxd3l0TnNwcw?oc=5\" target=\"_blank\" rel=\"nofollow noopener\">El avance de Espa\u00f1a en electrificaci\u00f3n y descarbonizaci\u00f3n marcan la segunda jornada de Genera y Matelec<\/a>&nbsp;&nbsp;Europa Press<\/li>\n<li><a href=\"https:\/\/news.google.com\/rss\/articles\/CBMinAFBVV95cUxNU21acTIwSkQzY3NNUkQwN3lrbDV4M2Vla3VUMXFGRVAwRlBKZlVBOVhMZ2xHTHVrdENiMk5vTmhaci1NXzg3M0RBbXpPX2s4TG5DeUkwVW9tdFJRZk83Yk9Ub0tPNXZ4MjFOQW9QelA1VTJjbUgtRXNjS0UzNGl0SnZXVDZMdHpIdUNiZlRBYkNfMEoxdi1IdlI0V1Q?oc=5\" target=\"_blank\" rel=\"nofollow noopener\">Genera 2025: R\u00e9cord de visitas y expositores con ausencias muy sonadas<\/a>&nbsp;&nbsp;pv magazine Espa\u00f1a<\/li>\n<li><a href=\"https:\/\/news.google.com\/rss\/articles\/CBMi9AFBVV95cUxNSGJPalRMRmNiVVVBeUROLXVGM0cwdWtUMXV0S1lZUFhMbUt6Y3VmN290Z1FTd21mUHhsdzFaT3V0NjBhU0VDeTB3VFdnN011T3FqbnMxVTBLWU5Yb3d5WTlkYXhYQzJwcGY2VWhNdnRad19pY2VKT1hqd2ZqSXVKQXUyU2R2alNqT1pNWEE3SmFVSXVUcVd6RFZCV2FkWkUtd2NrSDBBdFNlLUVfWk5nUXpxZ2hHVEFMNHEzcmtuNXhVdEJNZUxlb0V4cTRjMG0tOENhMmFxSU9FSWRKSEhKdTVzNHc5eG9vYXVGUWtiSW16UGRr0gH6AUFVX3lxTE9vRE4zQU5UNXc5UmQ1bFc2RVFwVmRCSnhUZzd0RE1QbWhQTFo1X3hISzFCclpWcGhBSEx5RFNabnJrdFh4TU1Kd2FHQjlfVUxtVnE1ckNzazV0MjlHLXRQNmtvbEZKMFpHay1XaXRENGkzU1FXU0ZaaDAxS1VHTUdrYUxWR2FNeXItcGlnZmJ2WE5MLTVBcE5jYkZNbUM1SzE3bFlFZkhmSXhYdGpMcXF2MWdzbjY3QXgwTEhWVGJmY3BVOXo2ZVJodkUwaHpQY0JxVDJvWXZPcXZMUzRGdmJIWDl6VTQ0UkMyVjM1aFl0RFJLUXF4YXlXd0E?oc=5\" target=\"_blank\" rel=\"nofollow noopener\">Conocemos el futuro de las placas solares en Ifema gracias a Matelec y Genera<\/a>&nbsp;&nbsp;Telemadrid<\/li>\n<\/ol>\n","protected":false},"excerpt":{"rendered":"\u00abLo que nos viene es muy gordo, m\u00e1s de lo que la gente se cree\u00bb&nbsp;&nbsp;Energ\u00edas Renovables, el periodismo&hellip;\n","protected":false},"author":2,"featured_media":248356,"comment_status":"","ping_status":"","sticky":false,"template":"","format":"standard","meta":{"footnotes":""},"categories":[80],"tags":[82,95,94,25,24,23],"class_list":{"0":"post-250740","1":"post","2":"type-post","3":"status-publish","4":"format-standard","5":"has-post-thumbnail","7":"category-economia","8":"tag-business","9":"tag-economia","10":"tag-economy","11":"tag-es","12":"tag-espana","13":"tag-spain"},"share_on_mastodon":{"url":"https:\/\/pubeurope.com\/@es\/115596743373913095","error":""},"_links":{"self":[{"href":"https:\/\/www.europesays.com\/es\/wp-json\/wp\/v2\/posts\/250740","targetHints":{"allow":["GET"]}}],"collection":[{"href":"https:\/\/www.europesays.com\/es\/wp-json\/wp\/v2\/posts"}],"about":[{"href":"https:\/\/www.europesays.com\/es\/wp-json\/wp\/v2\/types\/post"}],"author":[{"embeddable":true,"href":"https:\/\/www.europesays.com\/es\/wp-json\/wp\/v2\/users\/2"}],"replies":[{"embeddable":true,"href":"https:\/\/www.europesays.com\/es\/wp-json\/wp\/v2\/comments?post=250740"}],"version-history":[{"count":0,"href":"https:\/\/www.europesays.com\/es\/wp-json\/wp\/v2\/posts\/250740\/revisions"}],"wp:featuredmedia":[{"embeddable":true,"href":"https:\/\/www.europesays.com\/es\/wp-json\/wp\/v2\/media\/248356"}],"wp:attachment":[{"href":"https:\/\/www.europesays.com\/es\/wp-json\/wp\/v2\/media?parent=250740"}],"wp:term":[{"taxonomy":"category","embeddable":true,"href":"https:\/\/www.europesays.com\/es\/wp-json\/wp\/v2\/categories?post=250740"},{"taxonomy":"post_tag","embeddable":true,"href":"https:\/\/www.europesays.com\/es\/wp-json\/wp\/v2\/tags?post=250740"}],"curies":[{"name":"wp","href":"https:\/\/api.w.org\/{rel}","templated":true}]}}