{"id":250743,"date":"2025-11-23T03:01:20","date_gmt":"2025-11-23T03:01:20","guid":{"rendered":"https:\/\/www.europesays.com\/es\/250743\/"},"modified":"2025-11-23T03:01:20","modified_gmt":"2025-11-23T03:01:20","slug":"calathes-exjugador-del-barca-acababa-muerto-en-los-entrenamientos-no-los-disfrutaba","status":"publish","type":"post","link":"https:\/\/www.europesays.com\/es\/250743\/","title":{"rendered":"Calathes, exjugador del Bar\u00e7a: \u00abAcababa muerto en los entrenamientos. No los disfrutaba\u00bb"},"content":{"rendered":"<p data-gtm-element-container=\"modulo-texto-link\" class=\"paragraph\"><strong>Nick Calathes<\/strong> sigue siendo uno de los jugadores con m\u00e1s talento de toda la Euroliga. Ahora en el <strong>Partizan<\/strong>, tras su paso por el M\u00f3naco, el veterano base griego aporta su experiencia y calidad en el equipo que dirige Zeljko <strong>Obradovic<\/strong>. En una reciente entrevista para Eurohoops, Calathes se sincer\u00f3 sobre sus inicios en la competici\u00f3n y su trayectoria por el <strong>Bar\u00e7a<\/strong>, lamentando lo cerca que se qued\u00f3 el equipo azulgrana de conquistar la <strong>Euroliga <\/strong>en 2021.\u00a0<\/p>\n<p data-gtm-element-container=\"modulo-texto-link\" class=\"paragraph\">Al <strong>Bar\u00e7a <\/strong>le falt\u00f3 poco para llevarse el t\u00edtulo de la\u00a0<strong>Euroliga <\/strong>en 2021, cayendo en la final ante un Anadolu <strong>Efes <\/strong>liderado por Micic y Larkin. \u00abEs uno de los mayores &#8216;y si&#8230;&#8217; de mi carrera, para ser sincero, porque creo que si no me hubiera lesionado el tobillo en la semifinal&#8230;\u00bb, explica.<\/p>\n<p>        Lee tambi\u00e9n<\/p>\n<p>    MUNDODEPORTIVO.COM<\/p>\n<p>             <img loading=\"lazy\" decoding=\"async\" data-full-src=\"https:\/\/www.mundodeportivo.com\/uploads\/2025\/11\/22\/6921604a1ceba.jpeg\" alt=\"Horizontal\" width=\"334\" height=\"164\" src=\"https:\/\/www.europesays.com\/es\/wp-content\/uploads\/2025\/11\/6921604a1ceba.r_d.2577-1597.jpeg\" class=\"lazy\"\/><\/p>\n<p data-gtm-element-container=\"modulo-texto-link\" class=\"paragraph\">\u00ab<strong>Creo que ten\u00edamos el mejor equipo de toda la temporada ese a\u00f1o<\/strong>. No creo que nadie pudiera habernos ganado. Obviamente, gan\u00f3 el Efes y no les quito ning\u00fan m\u00e9rito, pero <strong>creo que esa fue mi mayor oportunidad de volver a ganar<\/strong>\u00ab, reconoce un <strong>Calathes <\/strong>que recuerda con cari\u00f1o su etapa en el Bar\u00e7a.\u00a0<\/p>\n<p>                <img loading=\"lazy\" decoding=\"async\" data-full-src=\"https:\/\/www.mundodeportivo.com\/uploads\/2016\/11\/30\/60ec0a5844d80.jpeg\" alt=\"Horizontal\" width=\"449\" height=\"254\" src=\"https:\/\/www.europesays.com\/es\/wp-content\/uploads\/2025\/11\/60ec0a5844d80.jpeg\" class=\"lazy\"\/><\/p>\n<p class=\"caption-title \">Xavi Pascual da instrucciones a Nick Calathes en sus respectivas etapas en el Panathinaikos<\/p>\n<p>                    Getty<\/p>\n<p data-gtm-element-container=\"modulo-texto-link\" class=\"paragraph\">A sus 36 a\u00f1os, <strong>Calathes <\/strong>afronta en Belgrado otra temporada ilusionante en la que asume que \u00abtodav\u00eda tiene mucho que ofrecer\u00bb. El griego no escondi\u00f3 su amor por el baloncesto: \u00abSigo amando este deporte. Ya no soy el tipo que juega 35 minutos como antes, <strong>pero creo que todav\u00eda puedo aportar mucho al equipo<\/strong>\u00ab.\u00a0<\/p>\n<p data-gtm-element-container=\"modulo-texto-link\" class=\"paragraph\">Nick <strong>Calathes <\/strong>ha vuelto a coincidir con Zeljko <strong>Obradovic<\/strong>, quien le entren\u00f3 en el <strong>Panathinaikos <\/strong>por primera vez en 2009. \u00abNo ten\u00eda ni idea de c\u00f3mo era el baloncesto europeo. Pensaba que era uno de los mejores jugadores universitarios. Y llegu\u00e9 a un equipo como el Panathinaikos\u00bb, explic\u00f3 sobre su primer etapa en la <strong>Euroliga <\/strong>tras su paso por la NCAA.\u00a0<\/p>\n<p>        Lee tambi\u00e9n<\/p>\n<p>    \u00d3scar P\u00e9riz<\/p>\n<p>             <img loading=\"lazy\" decoding=\"async\" data-full-src=\"https:\/\/www.mundodeportivo.com\/uploads\/2025\/11\/22\/6921682d7edbc.jpeg\" alt=\"Rub\u00e9n Dom\u00ednguez, ex de Bilbao Basket, firm\u00f3 su mejor actuaci\u00f3n de la temporada.\" width=\"334\" height=\"164\" src=\"https:\/\/www.europesays.com\/es\/wp-content\/uploads\/2025\/11\/1763866880_281_6921682d7edbc.jpeg\" class=\"lazy\"\/><\/p>\n<p data-gtm-element-container=\"modulo-texto-link\" class=\"paragraph\">\u00abPensaba que iba a jugar enseguida, que iba a llevar la batuta. <strong>Y no jugu\u00e9 nada el primer a\u00f1o. Acababa muerto en los entrenamientos. No los disfrutaba<\/strong>. Pensaba que no sab\u00eda si podr\u00eda aguantar en Europa, que quiz\u00e1 esto no era lo adecuado para m\u00ed\u00bb, se sincer\u00f3 <strong>Calathes<\/strong>, aunque recalc\u00f3 que poco a poco fue adapt\u00e1ndose a la exigencia de la competici\u00f3n: \u00abEn el segundo a\u00f1o, madur\u00e9 como jugador y como persona y empec\u00e9 a sentir lo que el entrenador quer\u00eda de m\u00ed. Y eso me ayud\u00f3 a crecer, porque <strong>si hubiera jugado antes, se me habr\u00eda subido a la cabeza<\/strong>\u00ab.<\/p>\n","protected":false},"excerpt":{"rendered":"Nick Calathes sigue siendo uno de los jugadores con m\u00e1s talento de toda la Euroliga. Ahora en el&hellip;\n","protected":false},"author":2,"featured_media":250744,"comment_status":"","ping_status":"","sticky":false,"template":"","format":"standard","meta":{"footnotes":""},"categories":[269],"tags":[299,298,168,25,24,23,167],"class_list":{"0":"post-250743","1":"post","2":"type-post","3":"status-publish","4":"format-standard","5":"has-post-thumbnail","7":"category-baloncesto","8":"tag-baloncesto","9":"tag-basketball","10":"tag-deportes","11":"tag-es","12":"tag-espana","13":"tag-spain","14":"tag-sports"},"share_on_mastodon":{"url":"https:\/\/pubeurope.com\/@es\/115596787069511941","error":""},"_links":{"self":[{"href":"https:\/\/www.europesays.com\/es\/wp-json\/wp\/v2\/posts\/250743","targetHints":{"allow":["GET"]}}],"collection":[{"href":"https:\/\/www.europesays.com\/es\/wp-json\/wp\/v2\/posts"}],"about":[{"href":"https:\/\/www.europesays.com\/es\/wp-json\/wp\/v2\/types\/post"}],"author":[{"embeddable":true,"href":"https:\/\/www.europesays.com\/es\/wp-json\/wp\/v2\/users\/2"}],"replies":[{"embeddable":true,"href":"https:\/\/www.europesays.com\/es\/wp-json\/wp\/v2\/comments?post=250743"}],"version-history":[{"count":0,"href":"https:\/\/www.europesays.com\/es\/wp-json\/wp\/v2\/posts\/250743\/revisions"}],"wp:featuredmedia":[{"embeddable":true,"href":"https:\/\/www.europesays.com\/es\/wp-json\/wp\/v2\/media\/250744"}],"wp:attachment":[{"href":"https:\/\/www.europesays.com\/es\/wp-json\/wp\/v2\/media?parent=250743"}],"wp:term":[{"taxonomy":"category","embeddable":true,"href":"https:\/\/www.europesays.com\/es\/wp-json\/wp\/v2\/categories?post=250743"},{"taxonomy":"post_tag","embeddable":true,"href":"https:\/\/www.europesays.com\/es\/wp-json\/wp\/v2\/tags?post=250743"}],"curies":[{"name":"wp","href":"https:\/\/api.w.org\/{rel}","templated":true}]}}