{"id":250745,"date":"2025-11-23T03:02:10","date_gmt":"2025-11-23T03:02:10","guid":{"rendered":"https:\/\/www.europesays.com\/es\/250745\/"},"modified":"2025-11-23T03:02:10","modified_gmt":"2025-11-23T03:02:10","slug":"la-cartuja-se-llenara-para-ver-el-regreso-de-isco-con-el-betis","status":"publish","type":"post","link":"https:\/\/www.europesays.com\/es\/250745\/","title":{"rendered":"La Cartuja se llenar\u00e1 para ver el regreso de Isco con el Betis"},"content":{"rendered":"<p>            <a href=\"https:\/\/mundobetis.com\/wp-content\/uploads\/2025\/11\/isco-fiesta-scaled.jpeg\" data-caption=\"Isco va por vez primera convocado a un partido esta temporada y seguramente goce de minutos ante el Girona (RBB)\" rel=\"nofollow noopener\" target=\"_blank\"><img loading=\"lazy\" decoding=\"async\" width=\"696\" height=\"464\" class=\"entry-thumb td-modal-image\" src=\"https:\/\/www.europesays.com\/es\/wp-content\/uploads\/2025\/11\/isco-fiesta-696x464.jpeg\"   alt=\"isco fiesta\" title=\"isco fiesta\"\/><\/a>Isco va por vez primera convocado a un partido esta temporada y seguramente goce de minutos ante el Girona (RBB)<\/p>\n<p>Tremenda expectaci\u00f3n ha levantado el <strong>Real Betis \u2013 Girona<\/strong> de este domingo en<strong> La Cartuja,<\/strong> donde se puede batir el hist\u00f3rico registro de asistencia logrado a finales de agosto ante el <strong>Athletic<\/strong> (65.222 espectadores), pues <a href=\"https:\/\/mundobetis.com\/2025\/11\/22\/se-espera-asistencia-record-este-domingo-en-el-betis-girona\/\" rel=\"nofollow noopener\" target=\"_blank\">la afici\u00f3n b\u00e9tica acudir\u00e1 en masa para asistir a la reaparici\u00f3n de <strong>Isco<\/strong> <\/a>y dedicarle una atronadora ovaci\u00f3n y podr\u00e1 tambi\u00e9n ver a su equipo por vez primera con luz solar en lo que va de temporada, ya que el partido arranca a las 16.15h. cuando hasta la fecha todos, menos el citado con el <strong>Athletic<\/strong>, se han jugado a las nueve de la noche o incluso m\u00e1s tarde.\u00a0<\/p>\n<p>Los verdiblancos tratar\u00e1n de sumar su quinta victoria liguera en su s\u00e9ptima comparecencia casera, pues a pesar de que fuera no pierden (un triunfo y cinco empates) es en <strong>La Cartuja<\/strong> donde han hecho mayor acopio de puntos, al sumar los tres ante<strong> Alav\u00e9s, Real Sociedad, Osasuna y Mallorca<\/strong>, rivales todos de la zona media-baja de la tabla, solo un escal\u00f3n por encima de este alica\u00eddo <strong>Girona<\/strong> que lleva pr\u00e1cticamente toda la temporada en zona de descenso, tras perder sus tres primeros partidos y no sumar la primera de sus dos victorias hasta la jornada octava.<\/p>\n<p>La \u00fanica baja en las filas b\u00e9ticas para el partido es la del guardameta <strong>Pau L\u00f3pez<\/strong> y la gran novedad es el regreso de <strong>Isco<\/strong> a la convocatoria, aunque en principio estar\u00e1 en el banquillo, pues el chileno seguramente repita con los mismos de la \u00faltima jornada en <strong>Mestalla<\/strong>, con la posibilidad de que <strong>Junior<\/strong> regrese al lateral izquierdo, donde ha rendido a buen nivel <strong>Valent\u00edn G\u00f3mez<\/strong> en los dos \u00faltimos partidos: Alvaro Valles; Beller\u00edn, Bartra, Natan, Valent\u00edn G\u00f3mez; Amrabat, Fornals; Antony, Lo Celso, Abde; y Cucho Hern\u00e1ndez.\u00a0<\/p>\n<p>El <strong>Girona<\/strong> llega a <strong>Sevilla<\/strong> con ocho bajas, las de los porteros<strong> Vladyslav Krapyvtsov y Juan Carlos<\/strong>, los defensas <strong>David L\u00f3pez, Alejandro Franc\u00e9s y Daley Blind,<\/strong> el mediocentro <strong>Donny van de Beek<\/strong>, el mediapunta <strong>Thomas Lemar<\/strong> y el delantero <strong>Portu<\/strong>, que esta semana se rompi\u00f3 el cruzado anterior de la rodilla izquierda y ser\u00e1 baja lo que resta de temporada<\/p>\n<p><strong>M\u00edchel<\/strong> ha tenido que completar la lista de 21 jugadores convocados para el partido con cuatro jugadores del filial: <strong>Gibert, Papa, Andreev y Salguero<\/strong>, este \u00faltimo canterano del <strong>Betis<\/strong> hasta 2024 y natural de <strong>Las Cabezas de San Juan.<\/strong><\/p>\n<p>El equipo gerundense gan\u00f3 en la \u00faltima jornada al <strong>Alav\u00e9s<\/strong> (1-0) en <strong>Montilivi<\/strong>, pero fuera de casa suma dos empates y tres derrotas y en lo que va de 2025 solo ha sido capaz de ganar en 2 de sus 15 desplazamientos.<\/p>\n<p>\u00a0<\/p>\n<p><strong>Real Betis:<\/strong> Alvaro Valles; Beller\u00edn, Bartra, Natan, Valent\u00edn G\u00f3mez; Amrabat, Fornals; Antony, Lo Celso, Abde; y Cucho Hern\u00e1ndez.\u00a0<\/p>\n<p><strong>Girona CF:<\/strong> Gazzaniga; Hugo Rinc\u00f3n, Vitor Reis, Arnau Mart\u00ednez, \u00c0lex Moreno;\u00a0 Witsel, Iv\u00e1n Mart\u00edn, Ounahi; Bryan Gil, Vanat y Tsygankov.<\/p>\n<p><strong>Arbitro<\/strong>: Iosu Galech, con Pulido Santana en el VAR.<\/p>\n<p><strong>Escenario<\/strong>: La Cartuja. <strong>Hora<\/strong>: 16.15. <strong>TV<\/strong>: Movistar LaLiga.<\/p>\n<p>\u00danete a nuestro canal de\u00a0<a href=\"https:\/\/whatsapp.com\/channel\/0029VbAS8066LwHnsfw7tS1S\" target=\"_blank\" rel=\"noopener nofollow\">WhatsApp<\/a>\u00a0para estar informado de toda la actualidad del Real\u00a0Betis\u00a0Balompi\u00e9.<\/p>\n","protected":false},"excerpt":{"rendered":"Isco va por vez primera convocado a un partido esta temporada y seguramente goce de minutos ante el&hellip;\n","protected":false},"author":2,"featured_media":250746,"comment_status":"","ping_status":"","sticky":false,"template":"","format":"standard","meta":{"footnotes":""},"categories":[268],"tags":[168,25,24,280,282,281,23,167],"class_list":{"0":"post-250745","1":"post","2":"type-post","3":"status-publish","4":"format-standard","5":"has-post-thumbnail","7":"category-futbol","8":"tag-deportes","9":"tag-es","10":"tag-espana","11":"tag-football","12":"tag-futbol","13":"tag-soccer","14":"tag-spain","15":"tag-sports"},"share_on_mastodon":{"url":"https:\/\/pubeurope.com\/@es\/115596790685923963","error":""},"_links":{"self":[{"href":"https:\/\/www.europesays.com\/es\/wp-json\/wp\/v2\/posts\/250745","targetHints":{"allow":["GET"]}}],"collection":[{"href":"https:\/\/www.europesays.com\/es\/wp-json\/wp\/v2\/posts"}],"about":[{"href":"https:\/\/www.europesays.com\/es\/wp-json\/wp\/v2\/types\/post"}],"author":[{"embeddable":true,"href":"https:\/\/www.europesays.com\/es\/wp-json\/wp\/v2\/users\/2"}],"replies":[{"embeddable":true,"href":"https:\/\/www.europesays.com\/es\/wp-json\/wp\/v2\/comments?post=250745"}],"version-history":[{"count":0,"href":"https:\/\/www.europesays.com\/es\/wp-json\/wp\/v2\/posts\/250745\/revisions"}],"wp:featuredmedia":[{"embeddable":true,"href":"https:\/\/www.europesays.com\/es\/wp-json\/wp\/v2\/media\/250746"}],"wp:attachment":[{"href":"https:\/\/www.europesays.com\/es\/wp-json\/wp\/v2\/media?parent=250745"}],"wp:term":[{"taxonomy":"category","embeddable":true,"href":"https:\/\/www.europesays.com\/es\/wp-json\/wp\/v2\/categories?post=250745"},{"taxonomy":"post_tag","embeddable":true,"href":"https:\/\/www.europesays.com\/es\/wp-json\/wp\/v2\/tags?post=250745"}],"curies":[{"name":"wp","href":"https:\/\/api.w.org\/{rel}","templated":true}]}}