{"id":250749,"date":"2025-11-23T03:06:29","date_gmt":"2025-11-23T03:06:29","guid":{"rendered":"https:\/\/www.europesays.com\/es\/250749\/"},"modified":"2025-11-23T03:06:29","modified_gmt":"2025-11-23T03:06:29","slug":"series-sobre-la-transicion-las-provincias","status":"publish","type":"post","link":"https:\/\/www.europesays.com\/es\/250749\/","title":{"rendered":"Series sobre la Transici\u00f3n | Las Provincias"},"content":{"rendered":"<p class=\"v-p\">&#8216;Anatom\u00eda de un instante&#8217; llega avalada por su paso por festivales, donde ha conseguido aplausos y premios. No es para menos: la puesta en  &#8230; escena es excelente y la caracterizaci\u00f3n e interpretaci\u00f3n de los personajes impresionante. Hay muchos medios y est\u00e1n bien empleados. Lo de Eduard Fern\u00e1ndez nos lo esper\u00e1bamos. No hay papel que se le resista. Este no era f\u00e1cil. Su composici\u00f3n de Carrillo es ejemplar. Ya coment\u00e9 por aqu\u00ed que este va a ser el a\u00f1o de David Lorente, por lo que hace en &#8216;El Centro&#8217; y &#8216;Yakarta&#8217;, pero sobre todo por su reencarnaci\u00f3n de Tejero. Luego est\u00e1 Manolo Solo poni\u00e9ndose en la piel de un Guti\u00e9rrez Mellado complejo, por su comprometida situaci\u00f3n en el inicio de la democracia ante sus antiguos compa\u00f1eros militares. Otra actuaci\u00f3n inolvidable. No es una exageraci\u00f3n ni un reparto de halagos gratuitos. Si &#8216;Furia&#8217; es la serie del a\u00f1o en cuanto a interpretaciones femeninas, &#8216;Anatom\u00eda&#8217; es la de los roles masculinos. <\/p>\n<p class=\"v-p\">La gran sorpresa es la de \u00c1lvaro Morte, actor eficaz en anteriores trabajos, pero que aqu\u00ed se mete en la piel de Su\u00e1rez con una fidelidad pasmosa. Todo lo que se puede decir de la producci\u00f3n de Movistar, en cuanto a la cuesti\u00f3n t\u00e9cnica, es bueno. Si acaso se hace innecesario en cada cap\u00edtulo ese narrador que presenta a unas figuras que no necesitan presentaci\u00f3n. Poco m\u00e1s sobre la ejecuci\u00f3n. Otra cosa es que esta vaya a ser la serie definitiva sobre la Transici\u00f3n, como se hab\u00eda vendido. Ese es otro cantar. Alberto Rodr\u00edguez ha decidido mantenerse fiel a una novela, muy bien escrita, de 2009. Pero en 2025 la informaci\u00f3n que tenemos sobre aquel momento hist\u00f3rico es m\u00e1s amplia y con puntos de vista m\u00e1s diversos, menos oficiales digamos. Y tal vez se echa de menos una mirada m\u00e1s cr\u00edtica.<\/p>\n<p class=\"v-crt__t\"> L\u00edmite de sesiones alcanzadas<\/p>\n<p class=\"v-crt__p\">El acceso al contenido Premium est\u00e1 abierto por cortes\u00eda del establecimiento donde te encuentras, pero ahora mismo hay demasiados usuarios conectados a las vez.<\/p>\n<p class=\"v-crt__p\">Por favor, int\u00e9ntalo pasados unos minutos.<\/p>\n<p>\nVolver a intentar\n<\/p>\n<p class=\"v-crt__t\">Sesi\u00f3n cerrada<\/p>\n<p class=\"v-crt__p\">Al iniciar sesi\u00f3n desde un dispositivo distinto, por seguridad, se cerr\u00f3 la \u00faltima sesi\u00f3n en este.<\/p>\n<p class=\"v-crt__p\">Para continuar disfrutando de su suscripci\u00f3n digital, inicie sesi\u00f3n en este dispositivo.<\/p>\n<p>\nEste contenido es exclusivo para suscriptores\n<\/p>\n<p>Reporta un error<\/p>\n","protected":false},"excerpt":{"rendered":"&#8216;Anatom\u00eda de un instante&#8217; llega avalada por su paso por festivales, donde ha conseguido aplausos y premios. No&hellip;\n","protected":false},"author":2,"featured_media":250750,"comment_status":"","ping_status":"","sticky":false,"template":"","format":"standard","meta":{"footnotes":""},"categories":[171],"tags":[146,147,25,24,805,57,23,20013,214],"class_list":{"0":"post-250749","1":"post","2":"type-post","3":"status-publish","4":"format-standard","5":"has-post-thumbnail","7":"category-tv","8":"tag-entertainment","9":"tag-entretenimiento","10":"tag-es","11":"tag-espana","12":"tag-series","13":"tag-sobre","14":"tag-spain","15":"tag-transicion","16":"tag-tv"},"share_on_mastodon":{"url":"https:\/\/pubeurope.com\/@es\/115596806334465908","error":""},"_links":{"self":[{"href":"https:\/\/www.europesays.com\/es\/wp-json\/wp\/v2\/posts\/250749","targetHints":{"allow":["GET"]}}],"collection":[{"href":"https:\/\/www.europesays.com\/es\/wp-json\/wp\/v2\/posts"}],"about":[{"href":"https:\/\/www.europesays.com\/es\/wp-json\/wp\/v2\/types\/post"}],"author":[{"embeddable":true,"href":"https:\/\/www.europesays.com\/es\/wp-json\/wp\/v2\/users\/2"}],"replies":[{"embeddable":true,"href":"https:\/\/www.europesays.com\/es\/wp-json\/wp\/v2\/comments?post=250749"}],"version-history":[{"count":0,"href":"https:\/\/www.europesays.com\/es\/wp-json\/wp\/v2\/posts\/250749\/revisions"}],"wp:featuredmedia":[{"embeddable":true,"href":"https:\/\/www.europesays.com\/es\/wp-json\/wp\/v2\/media\/250750"}],"wp:attachment":[{"href":"https:\/\/www.europesays.com\/es\/wp-json\/wp\/v2\/media?parent=250749"}],"wp:term":[{"taxonomy":"category","embeddable":true,"href":"https:\/\/www.europesays.com\/es\/wp-json\/wp\/v2\/categories?post=250749"},{"taxonomy":"post_tag","embeddable":true,"href":"https:\/\/www.europesays.com\/es\/wp-json\/wp\/v2\/tags?post=250749"}],"curies":[{"name":"wp","href":"https:\/\/api.w.org\/{rel}","templated":true}]}}