{"id":250759,"date":"2025-11-23T03:15:13","date_gmt":"2025-11-23T03:15:13","guid":{"rendered":"https:\/\/www.europesays.com\/es\/250759\/"},"modified":"2025-11-23T03:15:13","modified_gmt":"2025-11-23T03:15:13","slug":"los-fieles-a-garcia-ortiz-noqueados-tristes-y-en-shock","status":"publish","type":"post","link":"https:\/\/www.europesays.com\/es\/250759\/","title":{"rendered":"Los fieles a Garc\u00eda Ortiz, noqueados, tristes y en &#8216;shock&#8217;"},"content":{"rendered":"<p style=\"\">Veinticuatro horas despu\u00e9s de la notificaci\u00f3n del fallo del Tribunal Supremo sobre <a href=\"https:\/\/www.abc.es\/opinion\/editorial-pedir-perdon-jueces-20251120164906-nt.html\" target=\"_self\" data-voc-vtm-id=\"in-text-traffic\" title=\"Garc\u00eda Ortiz\" data-mrf-link=\"www.abc.es\" rel=\"nofollow noopener\">Garc\u00eda Ortiz<\/a>, el \u00fanico punto en com\u00fan entre los fiscales que forman parte del Ministerio P\u00fablico era, este viernes, la incertidumbre. Todo lo dem\u00e1s, <strong>divisi\u00f3n entre los afines al fiscal general del <\/strong> &#8230; <strong>Estado<\/strong>, que defienden con u\u00f1as y dientes su actuaci\u00f3n -aunque eso pase por desacreditar a los magistrados de la Sala Segunda del Supremo-, y los que creen que se ha hecho justicia y lamentan que el condenado haya arrastrado a la instituci\u00f3n a semejante descr\u00e9dito, algo que se podr\u00eda haber evitado con una renuncia a tiempo para no haber dado lugar a esto. El fallo no ha dejado indiferente a nadie. <\/p>\n<p class=\"voc-p\" style=\"\">Los incondicionales de \u00c1lvaro Garc\u00eda Ortiz, que anteriormente <a href=\"https:\/\/www.abc.es\/espana\/moncloa-instara-fiscal-general-recurra-constitucional-dispuesta-20251121042630-nt.html\" target=\"_self\" data-voc-vtm-id=\"in-text-traffic\" title=\"lo eran tambi\u00e9n de Dolores Delgado\" data-mrf-link=\"www.abc.es\" rel=\"nofollow noopener\">lo eran tambi\u00e9n de Dolores Delgado<\/a> y entre los que est\u00e1n quienes le aplaudieron en la sede de la Fiscal\u00eda el pasado 3 de noviembre, en el inicio del juicio en el Tribunal Supremo, afrontan la condena \u00abcon dolor pero con mucha fuerza\u00bb. En conversaci\u00f3n con ABC consideran \u00abtriste e injusta situaci\u00f3n\u00bb y llegan a cuestionar la actuaci\u00f3n de los magistrados del Supremo por condenar a quien \u00ab<strong>solo trataba de defender a la instituci\u00f3n<\/strong>\u00bb ante la difusi\u00f3n de \u00abbulos\u00bb. <\/p>\n<p class=\"voc-p\" style=\"\">\u00ab\u00c1lvaro es un hombre de grandes convicciones dem\u00f3cratas, por eso est\u00e1 muy tranquilo\u00bb, se\u00f1alaba este viernes a este diario una fiscal pr\u00f3xima a \u00e9l, dando a entender que, llegado el caso, volver\u00eda a hacer lo mismo, en referencia a la nota de prensa con la que <a href=\"https:\/\/www.abc.es\/espana\/supremo-condena-fiscal-general-estado-revelacion-secretos-20251120140311-nt.html\" target=\"_self\" data-voc-vtm-id=\"in-text-traffic\" title=\"trat\u00f3 de desmentir la informaci\u00f3n\" data-mrf-link=\"www.abc.es\" rel=\"nofollow noopener\">trat\u00f3 de desmentir la informaci\u00f3n<\/a> en la que se dec\u00eda que la Fiscal\u00eda hab\u00eda ofrecido un pacto a Alberto Gonz\u00e1lez Amador, pareja de la presidenta auton\u00f3mica Isabel D\u00edaz Ayuso, cuando hab\u00eda sido al contrario. Para ello no dud\u00f3 en revelar datos de car\u00e1cter reservado en el marco de una negociaci\u00f3n de conformidad entre abogado y <strong>fiscal laminando el derecho de defensa<\/strong>.<\/p>\n<p class=\"voc-p\" style=\"\">El sentir mayoritario de los fiscales m\u00e1s afines a Garc\u00eda Ortiz, quien fue portavoz de la UPF (de ah\u00ed que tenga tanto predicamento en la asociaci\u00f3n), es que el fiscal general ha afrontado este proceso \u00abcon una dignidad y una serenidad que s\u00f3lo est\u00e1n al alcance <strong>de quienes creen en el servicio p\u00fablico por encima de s\u00ed mismos<\/strong>\u00bb. As\u00ed lo expres\u00f3 F\u00e9lix Mart\u00edn, presidente de los fiscales progresistas, en una entrevista el jueves por la noche en Hora 25, en la Cadena Ser, el mismo programa en el que se filtr\u00f3 el 13 de marzo de 2024 el famoso correo del abogado de Gonz\u00e1lez Amador. <\/p>\n<p class=\"voc-p\" style=\"\">\u00abD\u00e9jenme decirles que (Garc\u00eda Ortiz) <a href=\"https:\/\/www.abc.es\/espana\/nota-informativa-ortiz-volco-clave-fallo-20251115184522-nt.html\" target=\"_self\" data-voc-vtm-id=\"in-text-traffic\" title=\"ha soportado una presi\u00f3n brutal\" data-mrf-link=\"www.abc.es\" rel=\"nofollow noopener\">ha soportado una presi\u00f3n brutal<\/a> sin perder en ning\u00fan momento ni la compostura ni el compromiso con la instituci\u00f3n y por eso quiere transmitirle a \u00e9l y a la sociedad que para nosotros no est\u00e1 solo, que quienes trabajamos en la justicia, quienes conocemos su trayectoria y su integridad, sentimos que esta condena nos golpea tambi\u00e9n a nosotros y decimos esto porque ha actuado como un aut\u00e9ntico escudo, como un paraguas que ha protegido al conjunto de la carrera fiscal. <strong>No ha intentado trasladar responsabilidades<\/strong> ni ha se\u00f1alado a terceros y ha asumido \u00e9l solo un peso que en realidad era colectivo, sabiendo que la instituci\u00f3n estaba siendo cuestionado a trav\u00e9s de su figura y eso no lo hace cualquiera. As\u00ed que, dicho esto, le digo que para m\u00ed es uno de los d\u00edas m\u00e1s tristes de mi carrera profesional\u00bb, confes\u00f3 compungido Mart\u00edn. <\/p>\n<p class=\"voc-p\" style=\"\">Otros fiscales, al igual que \u00e9l &#8216;progresistas&#8217;, consultados por ABC dicen sentirse \u00ab<strong>noqueados, tristes y en shock<\/strong>\u00bb, y en una estrategia muy similar a la de miembros del Gobierno, no dudan en utilizar el rechazo del tribunal a los testimonios de los periodistas que salieron en defensa de Garc\u00eda Ortiz (asegurando que ten\u00edan el correo antes que \u00e9l) para movilizar a la opini\u00f3n p\u00fablica en contra de la mayor\u00eda del tribunal. El mensaje que se est\u00e1 enviando, dicen es que \u00ab<a href=\"https:\/\/www.abc.es\/espana\/estatuto-fiscalia-obliga-expulsar-garcia-ortiz-carrera-20251121113523-nt.html\" target=\"_self\" data-voc-vtm-id=\"in-text-traffic\" title=\"informar con veracidad, desmentir un bulo, defender la verdad institucional\" data-mrf-link=\"www.abc.es\" rel=\"nofollow noopener\">informar con veracidad, desmentir un bulo, defender la verdad institucional<\/a>\u00bb puede convertirse en un riesgo desde el punto de vista penal. El propio presidente de la UPF ha llegado muy lejos al sostener en antena que \u00abno encontramos un solo elemento probatorio que permita sostener esta condena en un pa\u00eds donde la presunci\u00f3n de inocencia es un derecho fundamental\u00bb y esto va a tener consecuencias profundas para la confianza en la justicia.<\/p>\n<p class=\"voc-title\">\u00abNo encontramos un solo elemento probatorio que permita sostener esta condena\u00bb, ha llegado a decir el presidente de la UPF<\/p>\n<p class=\"voc-p\" style=\"\">Otra de las cuestiones que critican los afines a Garc\u00eda Ortiz es que se haya adelantado el fallo sin estar redactada la sentencia y que se est\u00e9 privando al fiscal general y a la sociedad durante semanas de una explicaci\u00f3n de la condena. <strong>Tildan la actuaci\u00f3n del tribunal de \u00abopaca\u00bb<\/strong> y creen que contribuye a generar desconfianza en el ciudadano. <\/p>\n<p class=\"voc-p\" style=\"\">Lo cierto es que un amplio sector de la carrera est\u00e1 satisfecho con la condena y consideran que los hechos no pod\u00edan quedar impunes. \u00abSe ha hecho justicia\u00bb, se\u00f1alan, porque el fiscal general \u00abno est\u00e1 por encima de la ley ni puede utilizar la instituci\u00f3n a su antojo\u00bb como ha hecho Garc\u00eda Ortiz. Lamentan el da\u00f1o que, al no renunciar antes, ha hecho a la Fiscal\u00eda, que \u00abtardar\u00e1 tiempo en recuperar\u00bb la confianza de los ciudadanos despu\u00e9s del <strong>\u00abdescr\u00e9dito y bochorno\u00bb<\/strong> que ha supuesto la actuaci\u00f3n del condenado o la de la teniente fiscal durante el juicio en el que se aline\u00f3 \u00abde forma descarada\u00bb con los intereses de la defensa de Garc\u00eda Ortiz.<\/p>\n<p>\n\u00abNo pod\u00eda salir gratis\u00bb\n<\/p>\n<p class=\"voc-p\" style=\"\">\u00abLo que hizo (el fiscal general) <a href=\"https:\/\/www.abc.es\/espana\/negativa-ponente-condenar-garcia-ortiz-precipito-difusion-20251120223507-nt.html\" target=\"_self\" data-voc-vtm-id=\"in-text-traffic\" title=\"es grav\u00edsimo\" data-mrf-link=\"www.abc.es\" rel=\"nofollow noopener\">es grav\u00edsimo<\/a>\u00bb, recuerda un fiscal en declaraciones a ABC en referencia a la difusi\u00f3n del contenido de un correo que \u00e9l sab\u00eda que era reservado y que nunca debi\u00f3 ver la luz. \u00ab<strong>Eso no pod\u00eda salir gratis<\/strong>\u00bb. Las fuentes consultadas enmarcan la condena en la \u00abnormalidad institucional\u00bb. Otras recuerdan que \u00abla justicia no est\u00e1 para dar gusto a los aut\u00f3cratas\u00bb y defienden la actuaci\u00f3n del Tribunal Supremo, sometido a una inmensa presi\u00f3n y a la \u00abirresponsabilidad\u00bb del presidente del Gobierno, que en el ecuador del juicio, proclam\u00f3 la inocencia de Garc\u00eda Ortiz \u00abdeslegitimando y pretendiendo condicionar\u00bb la sentencia de los magistrados de la Sala Segunda. <\/p>\n<p class=\"voc-p\" style=\"\">Los fiscales son conscientes de que ahora <strong>toca poner el marcador a cero<\/strong> con la incertidumbre de a qui\u00e9n nombrar\u00e1 el Gobierno. \u00abNos vale cualquiera que no sea del equipo de Lola Delgado y que no sea sectario porque esto nos ha hecho mucho da\u00f1o. Si es de fuera (de la carrera), casi mejor\u00bb, reflexiona un miembro de la carrera..<\/p>\n","protected":false},"excerpt":{"rendered":"Veinticuatro horas despu\u00e9s de la notificaci\u00f3n del fallo del Tribunal Supremo sobre Garc\u00eda Ortiz, el \u00fanico punto en&hellip;\n","protected":false},"author":2,"featured_media":250760,"comment_status":"","ping_status":"","sticky":false,"template":"","format":"standard","meta":{"footnotes":""},"categories":[8],"tags":[17,18,25,24,13,14,7420,3142,11,19,20,9,63542,10,15,16,5971,6745,23,12,63543,21,22],"class_list":{"0":"post-250759","1":"post","2":"type-post","3":"status-publish","4":"format-standard","5":"has-post-thumbnail","7":"category-espana","8":"tag-breaking-news","9":"tag-breakingnews","10":"tag-es","11":"tag-espana","12":"tag-featured-news","13":"tag-featurednews","14":"tag-fieles","15":"tag-garcia","16":"tag-headlines","17":"tag-latest-news","18":"tag-latestnews","19":"tag-news","20":"tag-noqueados","21":"tag-noticias","22":"tag-noticias-destacadas","23":"tag-noticiasdestacadas","24":"tag-ortiz","25":"tag-shock","26":"tag-spain","27":"tag-titulares","28":"tag-tristes","29":"tag-ultimas-noticias","30":"tag-ultimasnoticias"},"share_on_mastodon":{"url":"https:\/\/pubeurope.com\/@es\/115596841769628236","error":""},"_links":{"self":[{"href":"https:\/\/www.europesays.com\/es\/wp-json\/wp\/v2\/posts\/250759","targetHints":{"allow":["GET"]}}],"collection":[{"href":"https:\/\/www.europesays.com\/es\/wp-json\/wp\/v2\/posts"}],"about":[{"href":"https:\/\/www.europesays.com\/es\/wp-json\/wp\/v2\/types\/post"}],"author":[{"embeddable":true,"href":"https:\/\/www.europesays.com\/es\/wp-json\/wp\/v2\/users\/2"}],"replies":[{"embeddable":true,"href":"https:\/\/www.europesays.com\/es\/wp-json\/wp\/v2\/comments?post=250759"}],"version-history":[{"count":0,"href":"https:\/\/www.europesays.com\/es\/wp-json\/wp\/v2\/posts\/250759\/revisions"}],"wp:featuredmedia":[{"embeddable":true,"href":"https:\/\/www.europesays.com\/es\/wp-json\/wp\/v2\/media\/250760"}],"wp:attachment":[{"href":"https:\/\/www.europesays.com\/es\/wp-json\/wp\/v2\/media?parent=250759"}],"wp:term":[{"taxonomy":"category","embeddable":true,"href":"https:\/\/www.europesays.com\/es\/wp-json\/wp\/v2\/categories?post=250759"},{"taxonomy":"post_tag","embeddable":true,"href":"https:\/\/www.europesays.com\/es\/wp-json\/wp\/v2\/tags?post=250759"}],"curies":[{"name":"wp","href":"https:\/\/api.w.org\/{rel}","templated":true}]}}