{"id":250761,"date":"2025-11-23T03:16:34","date_gmt":"2025-11-23T03:16:34","guid":{"rendered":"https:\/\/www.europesays.com\/es\/250761\/"},"modified":"2025-11-23T03:16:34","modified_gmt":"2025-11-23T03:16:34","slug":"joan-garcia-y-raphinha-caras-nuevas-en-la-convocatoria-contra-el-athletic-club","status":"publish","type":"post","link":"https:\/\/www.europesays.com\/es\/250761\/","title":{"rendered":"Joan Garcia y Raphinha, caras nuevas en la convocatoria contra el Athletic Club"},"content":{"rendered":"<p style=\"text-align: justify;\">Ha llegado el d\u00eda m\u00e1s esperado: el regreso al <strong>Spotify Camp Nou<\/strong>. Una jornada que pasar\u00e1 a la historia del FC Barcelona. Y <strong>Joan Garcia<\/strong> y <strong>Raphinha<\/strong> son las grandes novedades en la convocatoria para recibir al Athletic Club en una jornada muy especial.<\/p>\n<p>No ser\u00e1 un partido f\u00e1cil por la entidad del rival, pero en la lista hay argumentos suficientes para llegar a la victoria. El t\u00e9cnico alem\u00e1n, que cuenta con la baja de \u00faltima hora de Marcus Rashford a causa de un proceso gripal, ha dise\u00f1ado una convocatoria con estos nombres:<strong> Balde, R. Araujo, Cubars\u00ed, Ferran, Lewandowski, Lamine Yamal, Raphinha, Joan Garcia, Christensen, Ferm\u00edn, M. Casad\u00f3, Gerard Mart\u00edn, Olmo, Bernal, Kounde, Eric, Szczesny, Dro, Roony, Kochen.<\/strong><\/p>\n<p>Sin duda que el alta m\u00e9dica del guardameta catal\u00e1n y del delantero brasile\u00f1o son dos de las notas positivas. Ambos futbolistas jugaron su \u00faltimo partido del Bar\u00e7a el pasado 25 de septiembre en el campo del Oviedo. Es decir, llevan 58 d\u00edas sin aparecer en las alineaciones del t\u00e9cnico alem\u00e1n. No hab\u00eda mejor d\u00eda para volver.<\/p>\n<p>\n            Anterior<\/p>\n<p>            label.aria.chevronleft\n        <\/p>\n<p>\n            Siguiente<\/p>\n<p>            label.aria.chevronright\n        <\/p>\n","protected":false},"excerpt":{"rendered":"Ha llegado el d\u00eda m\u00e1s esperado: el regreso al Spotify Camp Nou. Una jornada que pasar\u00e1 a la&hellip;\n","protected":false},"author":2,"featured_media":250762,"comment_status":"","ping_status":"","sticky":false,"template":"","format":"standard","meta":{"footnotes":""},"categories":[5],"tags":[17,18,25,24,13,14,11,19,20,9,10,15,16,23,2288,12,21,22],"class_list":{"0":"post-250761","1":"post","2":"type-post","3":"status-publish","4":"format-standard","5":"has-post-thumbnail","7":"category-titulares","8":"tag-breaking-news","9":"tag-breakingnews","10":"tag-es","11":"tag-espana","12":"tag-featured-news","13":"tag-featurednews","14":"tag-headlines","15":"tag-latest-news","16":"tag-latestnews","17":"tag-news","18":"tag-noticias","19":"tag-noticias-destacadas","20":"tag-noticiasdestacadas","21":"tag-spain","22":"tag-text","23":"tag-titulares","24":"tag-ultimas-noticias","25":"tag-ultimasnoticias"},"share_on_mastodon":{"url":"https:\/\/pubeurope.com\/@es\/115596845579773226","error":""},"_links":{"self":[{"href":"https:\/\/www.europesays.com\/es\/wp-json\/wp\/v2\/posts\/250761","targetHints":{"allow":["GET"]}}],"collection":[{"href":"https:\/\/www.europesays.com\/es\/wp-json\/wp\/v2\/posts"}],"about":[{"href":"https:\/\/www.europesays.com\/es\/wp-json\/wp\/v2\/types\/post"}],"author":[{"embeddable":true,"href":"https:\/\/www.europesays.com\/es\/wp-json\/wp\/v2\/users\/2"}],"replies":[{"embeddable":true,"href":"https:\/\/www.europesays.com\/es\/wp-json\/wp\/v2\/comments?post=250761"}],"version-history":[{"count":0,"href":"https:\/\/www.europesays.com\/es\/wp-json\/wp\/v2\/posts\/250761\/revisions"}],"wp:featuredmedia":[{"embeddable":true,"href":"https:\/\/www.europesays.com\/es\/wp-json\/wp\/v2\/media\/250762"}],"wp:attachment":[{"href":"https:\/\/www.europesays.com\/es\/wp-json\/wp\/v2\/media?parent=250761"}],"wp:term":[{"taxonomy":"category","embeddable":true,"href":"https:\/\/www.europesays.com\/es\/wp-json\/wp\/v2\/categories?post=250761"},{"taxonomy":"post_tag","embeddable":true,"href":"https:\/\/www.europesays.com\/es\/wp-json\/wp\/v2\/tags?post=250761"}],"curies":[{"name":"wp","href":"https:\/\/api.w.org\/{rel}","templated":true}]}}