{"id":250763,"date":"2025-11-23T03:24:13","date_gmt":"2025-11-23T03:24:13","guid":{"rendered":"https:\/\/www.europesays.com\/es\/250763\/"},"modified":"2025-11-23T03:24:13","modified_gmt":"2025-11-23T03:24:13","slug":"unicaja-baxi-manresa-105-82-acb-com","status":"publish","type":"post","link":"https:\/\/www.europesays.com\/es\/250763\/","title":{"rendered":"Unicaja-BAXI Manresa (105-82) | ACB.COM"},"content":{"rendered":"<p>El Unicaja logr\u00f3 un triunfo holgado en el Mart\u00edn Carpena ante el BAXI Manresa (105-82) para coger impulso en Liga Endesa y marchar al par\u00f3n de las Ventanas FIBA con un balance positivo de 5-3, en un partido donde se luci\u00f3 en ataque el internacional dominicano <strong>Chris Duarte<\/strong>, autor de 19 puntos y 19 cr\u00e9ditos de valoraci\u00f3n.<\/p>\n<p>Con la victoria de Zaragoza el fin de semana anterior y la de este s\u00e1bado frente a BAXI Manresa, el equipo andaluz se va en buena din\u00e1mica al receso de los compromisos internacionales de la FIBA, donde hasta seis cajistas han sido citados: <strong>Alberto D\u00edaz<\/strong> (Espa\u00f1a), <strong>Kendrick Perry<\/strong> (Montenegro), <strong>Emir Sulejmanovic<\/strong> y <strong>Xavier Casta\u00f1eda<\/strong> (Bosnia), <strong>Killian Tillie<\/strong> (Francia) y Chris Duarte (Rep\u00fablica Dominicana).<\/p>\n<p>A la hora de arrancar al ritmo que requiere para su estilo el equipo de <strong>Ibon Navarro<\/strong>, fue fundamental la concentraci\u00f3n de <strong>Tyler Kalinoski<\/strong>, siempre un jugador capaz de sumar por encima de las estad\u00edsticas, generando en recuperaciones y elevando la energ\u00eda del Unicaja.<\/p>\n<p>Cinco puntos suyos en los primeros cinco minutos ayudaron a que la batuta la llevara desde el comienzo el club de Los Guindos, y pese a que BAXI Manresa sigui\u00f3 pegajoso, la calidad de Chris Duarte, aunque con m\u00e1s volumen de tiro que acierto, ya empezaba a marcar la diferencia al final del primer cuarto (25-15, min 10).<\/p>\n<p>Una secuencia de buenos ataques de los manresanos, con un Unicaja que ca\u00eda en varias faltas innecesarias, meti\u00f3 de lleno a los de <strong>Diego Ocampo<\/strong> en disposici\u00f3n de remontar (25-24, minuto 12), pero justo ah\u00ed se activaron los locales para irse a los vestuarios ganando de doce puntos tras un magn\u00edfico parcial.<\/p>\n<p>No escatim\u00f3 en esfuerzos BAXI Manresa, que llegaba al Carpena sin haber ganado fuera de casa, pero demostrando un gen competitivo que le hizo pasar de caer por catorce a acercarse al Unicaja, por momentos inconsistente en su juego y ya sin Kalinoski, eliminado por faltas.<\/p>\n<p>Pero el equipo malague\u00f1o carburaba por r\u00e1fagas y eso le permiti\u00f3 seguir comandando el marcador (75-66) con los \u00faltimos diez minutos por delante, donde ya mostr\u00f3 la versi\u00f3n m\u00e1s arrolladora con un parcial de 30-16 y Kendrick Perry a los mandos para terminar de sellar el triunfo de una manera m\u00e1s contundente.<\/p>\n<p>El momento curioso y divertido de la noche fue ver al base cajista portando el apodo \u2018Boquer\u00f3n\u2019 en su camiseta, ya que d\u00edas antes, en una entrega de premios, el propio Perry pidi\u00f3 que lo llamaran as\u00ed como gui\u00f1o su amor a la ciudad de M\u00e1laga.<\/p>\n<p>Como aspecto a destacar en el conjunto catal\u00e1n, tuvo minutos el p\u00edvot internacional <strong>Pierre Oriola<\/strong>, que regres\u00f3 a Manresa para vivir su tercera etapa en el club. Aport\u00f3 cuatro puntos en catorce minutos.<\/p>\n<p><strong>105 &#8211; Unicaja (25+23+27+30):<\/strong> Perry (13), Kalinoski (5), Djedovic (8), Tillie (12), Balcerowski (15) -quinteto inicial- D\u00edaz (4), Tyson P\u00e9rez (5), Webb III (11), Sulejmanovic (8), Duarte (19), Barreiro (5).<\/p>\n<p><strong>82 &#8211; BAXI Manresa (15+21+30+16):<\/strong> Dani P\u00e9rez (8), Obasohan (15), Reyes (11), Steinbergs (6), Golden (5) -quinteto inicial- Akobundu (4), Ben\u00edtez (10), Ubal (8), Knudsen (2), Olinde (3), Oriola (4), Plummer (6).<\/p>\n<p><strong>\u00c1rbitros:<\/strong> Jordi Aliaga, Ra\u00fal Zamorano y Ariadna Chueca. Eliminado por faltas Tyler Kalinoski, de Unicaja.<\/p>\n<p><strong>Incidencias:<\/strong> Partido correspondiente a la Jornada 8 de la Liga Endesa, disputado en el Palacio de los Deportes Jos\u00e9 Mar\u00eda Mart\u00edn Carpena ante 9.009 espectadores.<\/p>\n","protected":false},"excerpt":{"rendered":"El Unicaja logr\u00f3 un triunfo holgado en el Mart\u00edn Carpena ante el BAXI Manresa (105-82) para coger impulso&hellip;\n","protected":false},"author":2,"featured_media":250764,"comment_status":"","ping_status":"","sticky":false,"template":"","format":"standard","meta":{"footnotes":""},"categories":[269],"tags":[299,298,168,25,24,23,167],"class_list":{"0":"post-250763","1":"post","2":"type-post","3":"status-publish","4":"format-standard","5":"has-post-thumbnail","7":"category-baloncesto","8":"tag-baloncesto","9":"tag-basketball","10":"tag-deportes","11":"tag-es","12":"tag-espana","13":"tag-spain","14":"tag-sports"},"share_on_mastodon":{"url":"https:\/\/pubeurope.com\/@es\/115596877122685693","error":""},"_links":{"self":[{"href":"https:\/\/www.europesays.com\/es\/wp-json\/wp\/v2\/posts\/250763","targetHints":{"allow":["GET"]}}],"collection":[{"href":"https:\/\/www.europesays.com\/es\/wp-json\/wp\/v2\/posts"}],"about":[{"href":"https:\/\/www.europesays.com\/es\/wp-json\/wp\/v2\/types\/post"}],"author":[{"embeddable":true,"href":"https:\/\/www.europesays.com\/es\/wp-json\/wp\/v2\/users\/2"}],"replies":[{"embeddable":true,"href":"https:\/\/www.europesays.com\/es\/wp-json\/wp\/v2\/comments?post=250763"}],"version-history":[{"count":0,"href":"https:\/\/www.europesays.com\/es\/wp-json\/wp\/v2\/posts\/250763\/revisions"}],"wp:featuredmedia":[{"embeddable":true,"href":"https:\/\/www.europesays.com\/es\/wp-json\/wp\/v2\/media\/250764"}],"wp:attachment":[{"href":"https:\/\/www.europesays.com\/es\/wp-json\/wp\/v2\/media?parent=250763"}],"wp:term":[{"taxonomy":"category","embeddable":true,"href":"https:\/\/www.europesays.com\/es\/wp-json\/wp\/v2\/categories?post=250763"},{"taxonomy":"post_tag","embeddable":true,"href":"https:\/\/www.europesays.com\/es\/wp-json\/wp\/v2\/tags?post=250763"}],"curies":[{"name":"wp","href":"https:\/\/api.w.org\/{rel}","templated":true}]}}