{"id":250765,"date":"2025-11-23T03:25:12","date_gmt":"2025-11-23T03:25:12","guid":{"rendered":"https:\/\/www.europesays.com\/es\/250765\/"},"modified":"2025-11-23T03:25:12","modified_gmt":"2025-11-23T03:25:12","slug":"ibai-gomez-pone-su-cargo-en-manos-del-andorra","status":"publish","type":"post","link":"https:\/\/www.europesays.com\/es\/250765\/","title":{"rendered":"Ibai G\u00f3mez pone su cargo en manos del Andorra"},"content":{"rendered":"<p data-mrf-recirculation=\"Links P\u00e1rrafos\" class=\"ue-c-article__paragraph paragraph ue-c-article--first-letter-highlighted\">Ocho jornadas consecutivas sin lograr una victoria pesa mucho en el <strong>Andorra <\/strong>y, c\u00f3mo no, en su t\u00e9cnico<strong> Ibai G\u00f3mez<\/strong>. La d<strong>errota de los tricolor ante el Castell\u00f3n dej\u00f3 muy &#8216;tocados&#8217; a los de Principado<\/strong>, tanto por la derrota como por las sensaciones.<\/p>\n<p data-mrf-recirculation=\"Links P\u00e1rrafos\" class=\"ue-c-article__paragraph paragraph\">De ello es consciente <strong>Ibai G\u00f3mez,<\/strong> que en su rueda de prensa, dej\u00f3 muy claro que no va a ser un problema para el club y que pone su cargo en manos del Andorra: \u00abMe siento muy responsable y<strong> ahora puede ser el momento de tomar alguna decisi\u00f3n por lo que ha transmitido hoy el equipo<\/strong>\u00ab.\u00a0<\/p>\n<blockquote class=\"ue-c-article__blockquote\">\n<p>Hay que ser consciente de la situaci\u00f3n. Hablaremos con el club y a ver que se decide, yo me veo con fuerzas para seguir<\/p>\n<p>Ibai G\u00f3mez, entrenador del Andorra<\/p><\/blockquote>\n<p data-mrf-recirculation=\"Links P\u00e1rrafos\" class=\"ue-c-article__paragraph paragraph\">El vasco dio un paso m\u00e1s al asegurar que al Andorra le falt\u00f3 alma: \u00abNunca me gusta tirar la toalla, pero <strong>alma y energ\u00eda es lo que no puede faltarle al equipo nunca. <\/strong>Me veo con fuerzas para seguir,\u00bb.<\/p>\n<p data-mrf-recirculation=\"Links P\u00e1rrafos\" class=\"ue-c-article__paragraph paragraph\">Ibai tiene claro que ocho jornadas sin ganar son muchas y m\u00e1s, teniendo en cuenta que el Andorra puede acabar al finalizar esta jornada en puestos de descenso: \u00ab<strong>Hay que ser consciente de la situaci\u00f3n.<\/strong> Hablaremos con el club y a ver que se decide\u00bb.<\/p>\n<blockquote class=\"ue-c-article__blockquote\">\n<p>Si todos pensamos que lo mejor es que sigamos, lo haremos convencidos de que cambiaremos la situaci\u00f3n, pero quiero dar esa posibilidad al club. Si quieren un recambio o creen que un cambio no es lo mejor<\/p>\n<p>Ibai G\u00f3mez, entrenador del Andorra<\/p><\/blockquote>\n<p data-mrf-recirculation=\"Links P\u00e1rrafos\" class=\"ue-c-article__paragraph paragraph\">El m\u00edster tricolor tiene el respaldo del club y del vestuario, pero \u00e9l quiere\u00a0 <strong>lo mejor para el Andorra por eso la reuni\u00f3n con la Directiva<\/strong>:\u00a0\u00abSi todos pensamos que lo mejor es que sigamos, lo haremos convencidos de que cambiaremos la situaci\u00f3n, pero quiero dar esa posibilidad al club. Si quieren un recambio o creen que un cambio no es lo mejor\u00bb.\u00a0\u00a0<\/p>\n<p data-mrf-recirculation=\"Links P\u00e1rrafos\" class=\"ue-c-article__paragraph paragraph\">Si bien no ha dado nada por sentado, <strong>el bilba\u00edno ha querido dejar claro que la posibilidad de salir \u00abest\u00e1\u00bb, y que esta ser\u00e1 de mutuo acuerdo: \u00abNi dimitir ni que me echen\u00bb.<\/strong> Eso s\u00ed, ha puesto \u00e9nfasis en que la relaci\u00f3n con el club es \u00abmuy buena\u00bb<\/p>\n","protected":false},"excerpt":{"rendered":"Ocho jornadas consecutivas sin lograr una victoria pesa mucho en el Andorra y, c\u00f3mo no, en su t\u00e9cnico&hellip;\n","protected":false},"author":2,"featured_media":250766,"comment_status":"","ping_status":"","sticky":false,"template":"","format":"standard","meta":{"footnotes":""},"categories":[268],"tags":[168,25,24,280,282,281,23,167],"class_list":{"0":"post-250765","1":"post","2":"type-post","3":"status-publish","4":"format-standard","5":"has-post-thumbnail","7":"category-futbol","8":"tag-deportes","9":"tag-es","10":"tag-espana","11":"tag-football","12":"tag-futbol","13":"tag-soccer","14":"tag-spain","15":"tag-sports"},"share_on_mastodon":{"url":"https:\/\/pubeurope.com\/@es\/115596881163162126","error":""},"_links":{"self":[{"href":"https:\/\/www.europesays.com\/es\/wp-json\/wp\/v2\/posts\/250765","targetHints":{"allow":["GET"]}}],"collection":[{"href":"https:\/\/www.europesays.com\/es\/wp-json\/wp\/v2\/posts"}],"about":[{"href":"https:\/\/www.europesays.com\/es\/wp-json\/wp\/v2\/types\/post"}],"author":[{"embeddable":true,"href":"https:\/\/www.europesays.com\/es\/wp-json\/wp\/v2\/users\/2"}],"replies":[{"embeddable":true,"href":"https:\/\/www.europesays.com\/es\/wp-json\/wp\/v2\/comments?post=250765"}],"version-history":[{"count":0,"href":"https:\/\/www.europesays.com\/es\/wp-json\/wp\/v2\/posts\/250765\/revisions"}],"wp:featuredmedia":[{"embeddable":true,"href":"https:\/\/www.europesays.com\/es\/wp-json\/wp\/v2\/media\/250766"}],"wp:attachment":[{"href":"https:\/\/www.europesays.com\/es\/wp-json\/wp\/v2\/media?parent=250765"}],"wp:term":[{"taxonomy":"category","embeddable":true,"href":"https:\/\/www.europesays.com\/es\/wp-json\/wp\/v2\/categories?post=250765"},{"taxonomy":"post_tag","embeddable":true,"href":"https:\/\/www.europesays.com\/es\/wp-json\/wp\/v2\/tags?post=250765"}],"curies":[{"name":"wp","href":"https:\/\/api.w.org\/{rel}","templated":true}]}}