{"id":250767,"date":"2025-11-23T03:26:14","date_gmt":"2025-11-23T03:26:14","guid":{"rendered":"https:\/\/www.europesays.com\/es\/250767\/"},"modified":"2025-11-23T03:26:14","modified_gmt":"2025-11-23T03:26:14","slug":"la-capacidad-de-aguantar-de-una-mujer","status":"publish","type":"post","link":"https:\/\/www.europesays.com\/es\/250767\/","title":{"rendered":"la capacidad de aguantar de una mujer\u00bb"},"content":{"rendered":"<p data-gtm-element-container=\"modulo-texto-link\" class=\"paragraph\">Durante una larga temporada, durante los 2000,\u00a0<strong>Chonchi Alonso, Andr\u00e9s Burguera y el propio Andr\u00e9s Pajares<\/strong> protagonizaron una intensa guerra medi\u00e1tica marcada por entrevistas cruzadas y reproches lanzados desde distintos plat\u00f3s de televisi\u00f3n. En los \u00faltimos a\u00f1os, sin embargo, la calma familiar parece haberse impuesto, al menos, de puertas hacia fuera.<\/p>\n<p>                <img loading=\"lazy\" decoding=\"async\" data-full-src=\"https:\/\/www.mundodeportivo.com\/uploads\/2025\/11\/22\/6921ec9611038.jpeg\" alt=\"Chonchi Alonso, en 'Fiesta'\" width=\"449\" height=\"253\" src=\"https:\/\/www.europesays.com\/es\/wp-content\/uploads\/2025\/11\/6921ec9611038.jpeg\" class=\"lazy\"\/><\/p>\n<p class=\"caption-title \">Chonchi Alonso, en &#8216;Fiesta&#8217;<\/p>\n<p>                    Captura Telecinco<\/p>\n<p data-gtm-element-container=\"modulo-texto-link\" class=\"paragraph\"><strong>Andr\u00e9s Burguera<\/strong> reapareci\u00f3 recientemente en &#8216;Y ahora Sonsoles&#8217;, mientras que su hermana Mari Cielo ha seguido presente en televisi\u00f3n, aunque con un perfil m\u00e1s discreto. Sin embargo, este regreso del hijo del actor ha hecho que muchos vuelvan a buscar la voz de <strong>Chonchi Alonso<\/strong>, que no ha tardado en reaparecer para arremeter tanto contra su ex pareja como contra su hijo.<\/p>\n<p data-gtm-element-container=\"modulo-texto-link\" class=\"paragraph\">\u00ab<strong>Me arrepiento de que no se supiera la verdad. <\/strong>La capacidad de aguantar de una mujer: humillaciones, vejaciones y todo tipo de cosas que ten\u00eda con una persona que ya no era Andr\u00e9s.\u00a0Ni te nombro a ti Andresito ni a Andr\u00e9s. El mejor regalo que has hecho es no nombrarme en tus memorias\u00bb, ha declarado en &#8216;Fiesta&#8217;.<\/p>\n<p>                <img loading=\"lazy\" decoding=\"async\" data-full-src=\"https:\/\/www.mundodeportivo.com\/uploads\/2025\/11\/22\/6921ec954fe3c.jpeg\" alt=\"Chonchi Alonso, en 'Fiesta'\" width=\"449\" height=\"253\" src=\"https:\/\/www.europesays.com\/es\/wp-content\/uploads\/2025\/11\/6921ec954fe3c.jpeg\" class=\"lazy\"\/><\/p>\n<p class=\"caption-title \">Chonchi Alonso, en &#8216;Fiesta&#8217;<\/p>\n<p>                    Captura Telecinco<\/p>\n<p>    Lee tambi\u00e9n<\/p>\n<p data-gtm-element-container=\"modulo-texto-link\" class=\"paragraph\">Chonchi, que ha reaparecido ahora en Telecinco, asegura que habla para responder y no porque quiera retomar una guerra medi\u00e1tica: \u00abNo quiero que esto se malinterprete como que quiero meter mierda, <strong>contesto a que ha dicho que le dio un infarto por nuestra culpa.<\/strong> No, Andr\u00e9s, t\u00fa sabes por qu\u00e9 te dio el infarto. Recuerda. Antes me callaba, estaba muerta de miedo porque erais maquiav\u00e9licos. Lo mejor que he vivido es que estaba enamorada de \u00e9l\u00bb.\u00a0<\/p>\n","protected":false},"excerpt":{"rendered":"Durante una larga temporada, durante los 2000,\u00a0Chonchi Alonso, Andr\u00e9s Burguera y el propio Andr\u00e9s Pajares protagonizaron una intensa&hellip;\n","protected":false},"author":2,"featured_media":250768,"comment_status":"","ping_status":"","sticky":false,"template":"","format":"standard","meta":{"footnotes":""},"categories":[174],"tags":[255,146,147,25,24,256,23],"class_list":{"0":"post-250767","1":"post","2":"type-post","3":"status-publish","4":"format-standard","5":"has-post-thumbnail","7":"category-famosos","8":"tag-celebrities","9":"tag-entertainment","10":"tag-entretenimiento","11":"tag-es","12":"tag-espana","13":"tag-famosos","14":"tag-spain"},"share_on_mastodon":{"url":"https:\/\/pubeurope.com\/@es\/115596885254220671","error":""},"_links":{"self":[{"href":"https:\/\/www.europesays.com\/es\/wp-json\/wp\/v2\/posts\/250767","targetHints":{"allow":["GET"]}}],"collection":[{"href":"https:\/\/www.europesays.com\/es\/wp-json\/wp\/v2\/posts"}],"about":[{"href":"https:\/\/www.europesays.com\/es\/wp-json\/wp\/v2\/types\/post"}],"author":[{"embeddable":true,"href":"https:\/\/www.europesays.com\/es\/wp-json\/wp\/v2\/users\/2"}],"replies":[{"embeddable":true,"href":"https:\/\/www.europesays.com\/es\/wp-json\/wp\/v2\/comments?post=250767"}],"version-history":[{"count":0,"href":"https:\/\/www.europesays.com\/es\/wp-json\/wp\/v2\/posts\/250767\/revisions"}],"wp:featuredmedia":[{"embeddable":true,"href":"https:\/\/www.europesays.com\/es\/wp-json\/wp\/v2\/media\/250768"}],"wp:attachment":[{"href":"https:\/\/www.europesays.com\/es\/wp-json\/wp\/v2\/media?parent=250767"}],"wp:term":[{"taxonomy":"category","embeddable":true,"href":"https:\/\/www.europesays.com\/es\/wp-json\/wp\/v2\/categories?post=250767"},{"taxonomy":"post_tag","embeddable":true,"href":"https:\/\/www.europesays.com\/es\/wp-json\/wp\/v2\/tags?post=250767"}],"curies":[{"name":"wp","href":"https:\/\/api.w.org\/{rel}","templated":true}]}}