{"id":250774,"date":"2025-11-23T03:34:11","date_gmt":"2025-11-23T03:34:11","guid":{"rendered":"https:\/\/www.europesays.com\/es\/250774\/"},"modified":"2025-11-23T03:34:11","modified_gmt":"2025-11-23T03:34:11","slug":"la-reaccion-de-eva-gonzalez-ante-los-rumores-del-nuevo-romance-de-cayetano-rivera","status":"publish","type":"post","link":"https:\/\/www.europesays.com\/es\/250774\/","title":{"rendered":"La reacci\u00f3n de Eva Gonz\u00e1lez ante los rumores del nuevo romance de Cayetano Rivera"},"content":{"rendered":"<p style=\"\">La vida sentimental de <a href=\"https:\/\/www.abc.es\/sevilla\/ciudad\/cayetano-rivera-refrenda-ante-juez-iba-ebrio-20251117203310-nts.html\" target=\"_self\" data-voc-vtm-id=\"in-text-traffic\" title=\"Cayetano Rivera\" data-mrf-link=\"www.abc.es\" rel=\"nofollow noopener\">Cayetano Rivera<\/a> vuelve a ocupar titulares. Seg\u00fan se dio a conocer hace unos d\u00edas, el torero se estar\u00eda &#8216;conociendo&#8217; con la reportera de Telecinco Gemma Camacho. Ante los rumores, ha sido la exmujer del diestro, <a href=\"https:\/\/www.abc.es\/gente\/cayetano-rivera-aguarda-juicio-eva-gonzalez-blanca-20251116103553-nt.html\" target=\"_self\" data-voc-vtm-id=\"in-text-traffic\" title=\"Eva Gonz\u00e1lez\" data-mrf-link=\"www.abc.es\" rel=\"nofollow noopener\">Eva Gonz\u00e1lez<\/a> quien no  &#8230; ha dudado en dar su opini\u00f3n al ser aboradada por la prensa. <\/p>\n<p class=\"voc-p\" style=\"\">A su llegada a la estaci\u00f3n de tren de Sevilla, las c\u00e1maras de &#8216;Europa Press&#8217; le preguntaron directamente por los rumores de romance. \u00abTodo lo que sea felicidad para \u00e9l lo es para mi hijo, que es lo que me importa a m\u00ed\u00bb, expres\u00f3. Una declaraci\u00f3n que deja en claro la relaci\u00f3n cordial que ambos han decidido mantener por el bienestar de su peque\u00f1o. <\/p>\n<p>\nUna nueva etapa para ambos\n<\/p>\n<p class=\"voc-p\" style=\"\">Cabe resaltar que la presetadora tamabi\u00e9n vive un momento personal muy especial, Aunque ha intentado mantenerlo alejado del foco p\u00fablico, en las \u00faltima semanas ha sido vista muy sonriente con Nacho, su nueva ilusi\u00f3n. La pareja fue fotografiada en actitud cari\u00f1osa paseando por las calles de Sevilla, siendo la primera relaci\u00f3n que se le conoce desde su separaci\u00f3n de Cayetano en 2022. <\/p>\n<p class=\"voc-p\" style=\"\">Por su parte, y mientras el divorcio segu\u00eda su curso, Cayetano rehizo su vida junto a la presentadora portuguesa Mar\u00eda Cerqueira, con quien mantuvo una relaci\u00f3n de dos a\u00f1os que termin\u00f3 hace unos meses. Ahora, todo indica que el diestro ha vuelto a ilusionarse con Gemma Camacho, reportera del programa &#8216;El tiempo justo&#8217;.<\/p>\n<p>\nPrioridad absoluta: su hijo\n<\/p>\n<p class=\"voc-p\" style=\"\">Pese a los diferentes caminos que han tomado, tanto Eva como Cayetano mantienen una postura firme: el peque\u00f1o Caye es el v\u00ednculo que les une y su bienestar est\u00e1 por encima de cualquier titular. Y as\u00ed lo ha dejado claro una vez m\u00e1s la presentadora, que contin\u00faa esquivando pol\u00e9micas y evitando valorar la vida personal de su exmarido.<\/p>\n<p class=\"voc-p\" style=\"\">Nueva etapa sentimental, nuevas parejas y un foco medi\u00e1tico constante. Pero, para Eva, la l\u00ednea no cambia: proteger su intimidad y la de su hijo sigue siendo lo m\u00e1s importante.<\/p>\n","protected":false},"excerpt":{"rendered":"La vida sentimental de Cayetano Rivera vuelve a ocupar titulares. Seg\u00fan se dio a conocer hace unos d\u00edas,&hellip;\n","protected":false},"author":2,"featured_media":250775,"comment_status":"","ping_status":"","sticky":false,"template":"","format":"standard","meta":{"footnotes":""},"categories":[91],"tags":[1575,4812,146,147,25,24,519,5976,524,9173,10787,2657,11491,23],"class_list":{"0":"post-250774","1":"post","2":"type-post","3":"status-publish","4":"format-standard","5":"has-post-thumbnail","7":"category-entretenimiento","8":"tag-ante","9":"tag-cayetano","10":"tag-entertainment","11":"tag-entretenimiento","12":"tag-es","13":"tag-espana","14":"tag-eva","15":"tag-gonzalez","16":"tag-nuevo","17":"tag-reaccion","18":"tag-rivera","19":"tag-romance","20":"tag-rumores","21":"tag-spain"},"share_on_mastodon":{"url":"https:\/\/pubeurope.com\/@es\/115596916362979553","error":""},"_links":{"self":[{"href":"https:\/\/www.europesays.com\/es\/wp-json\/wp\/v2\/posts\/250774","targetHints":{"allow":["GET"]}}],"collection":[{"href":"https:\/\/www.europesays.com\/es\/wp-json\/wp\/v2\/posts"}],"about":[{"href":"https:\/\/www.europesays.com\/es\/wp-json\/wp\/v2\/types\/post"}],"author":[{"embeddable":true,"href":"https:\/\/www.europesays.com\/es\/wp-json\/wp\/v2\/users\/2"}],"replies":[{"embeddable":true,"href":"https:\/\/www.europesays.com\/es\/wp-json\/wp\/v2\/comments?post=250774"}],"version-history":[{"count":0,"href":"https:\/\/www.europesays.com\/es\/wp-json\/wp\/v2\/posts\/250774\/revisions"}],"wp:featuredmedia":[{"embeddable":true,"href":"https:\/\/www.europesays.com\/es\/wp-json\/wp\/v2\/media\/250775"}],"wp:attachment":[{"href":"https:\/\/www.europesays.com\/es\/wp-json\/wp\/v2\/media?parent=250774"}],"wp:term":[{"taxonomy":"category","embeddable":true,"href":"https:\/\/www.europesays.com\/es\/wp-json\/wp\/v2\/categories?post=250774"},{"taxonomy":"post_tag","embeddable":true,"href":"https:\/\/www.europesays.com\/es\/wp-json\/wp\/v2\/tags?post=250774"}],"curies":[{"name":"wp","href":"https:\/\/api.w.org\/{rel}","templated":true}]}}