{"id":250776,"date":"2025-11-23T03:36:21","date_gmt":"2025-11-23T03:36:21","guid":{"rendered":"https:\/\/www.europesays.com\/es\/250776\/"},"modified":"2025-11-23T03:36:21","modified_gmt":"2025-11-23T03:36:21","slug":"bbva-decide-ampliar-su-oferta-de-760-euros-para-nuevos-clientes-hasta-despues-de-navidad","status":"publish","type":"post","link":"https:\/\/www.europesays.com\/es\/250776\/","title":{"rendered":"BBVA decide ampliar su oferta de 760 euros para nuevos clientes hasta despu\u00e9s de Navidad"},"content":{"rendered":"<p>Sorpresa de Black Friday de BBVA. La entidad ha decidido, con motivo de esta fecha, <b>ampliar hasta despu\u00e9s de la Navidad la oferta de 760 euros a sus nuevos clientes.<\/b><\/p>\n<p>As\u00ed, los nuevos contratantes tendr\u00e1n hasta el d\u00eda 8 de enero para acogerse a la promoci\u00f3n, de la que podr\u00e1n disfrutar durante todo un a\u00f1o. La cuant\u00eda a recibir est\u00e1 dividida en varias ventajas que permiten a los nuevos clientes obtener soluciones peri\u00f3dicas durante un a\u00f1o.<\/p>\n<p>Para aquellos que domicilien una n\u00f3mina o pensi\u00f3n igual o superior a 800 euros, <b>la bonificaci\u00f3n anual a recibir ser\u00e1 de unos 400 euros.<\/b> Si se a\u00f1ade adem\u00e1s la domiciliaci\u00f3n de recibos esenciales como los de electricidad, gas, tel\u00e9fono o Internet, podr\u00e1n obtener otros 120 euros al a\u00f1o.<\/p>\n<p>El uso de frecuente de las tarjetas de d\u00e9bito o el servicio Bizum tambi\u00e9n ser\u00e1 motivo de recompensa, pues se premiar\u00e1 con hasta 120 euros por los pagos realizados con la tarjeta y la misma cantidad por utilizar Bizum en compras o env\u00edos a particulares.<\/p>\n<p>Si en alg\u00fan mes no se cumple una de las condiciones, <b>el cliente no percibir\u00e1 el incentivo correspondiente<\/b>, pero s\u00ed podr\u00e1 recuperarlo en el mes siguiente si consigue cumplirla. Adem\u00e1s, todos los premios son compatibles entre s\u00ed y pueden acumularse.<\/p>\n","protected":false},"excerpt":{"rendered":"Sorpresa de Black Friday de BBVA. La entidad ha decidido, con motivo de esta fecha, ampliar hasta despu\u00e9s&hellip;\n","protected":false},"author":2,"featured_media":250777,"comment_status":"","ping_status":"","sticky":false,"template":"","format":"standard","meta":{"footnotes":""},"categories":[80],"tags":[82,95,94,25,24,23],"class_list":{"0":"post-250776","1":"post","2":"type-post","3":"status-publish","4":"format-standard","5":"has-post-thumbnail","7":"category-economia","8":"tag-business","9":"tag-economia","10":"tag-economy","11":"tag-es","12":"tag-espana","13":"tag-spain"},"share_on_mastodon":{"url":"https:\/\/pubeurope.com\/@es\/115596924482092783","error":""},"_links":{"self":[{"href":"https:\/\/www.europesays.com\/es\/wp-json\/wp\/v2\/posts\/250776","targetHints":{"allow":["GET"]}}],"collection":[{"href":"https:\/\/www.europesays.com\/es\/wp-json\/wp\/v2\/posts"}],"about":[{"href":"https:\/\/www.europesays.com\/es\/wp-json\/wp\/v2\/types\/post"}],"author":[{"embeddable":true,"href":"https:\/\/www.europesays.com\/es\/wp-json\/wp\/v2\/users\/2"}],"replies":[{"embeddable":true,"href":"https:\/\/www.europesays.com\/es\/wp-json\/wp\/v2\/comments?post=250776"}],"version-history":[{"count":0,"href":"https:\/\/www.europesays.com\/es\/wp-json\/wp\/v2\/posts\/250776\/revisions"}],"wp:featuredmedia":[{"embeddable":true,"href":"https:\/\/www.europesays.com\/es\/wp-json\/wp\/v2\/media\/250777"}],"wp:attachment":[{"href":"https:\/\/www.europesays.com\/es\/wp-json\/wp\/v2\/media?parent=250776"}],"wp:term":[{"taxonomy":"category","embeddable":true,"href":"https:\/\/www.europesays.com\/es\/wp-json\/wp\/v2\/categories?post=250776"},{"taxonomy":"post_tag","embeddable":true,"href":"https:\/\/www.europesays.com\/es\/wp-json\/wp\/v2\/tags?post=250776"}],"curies":[{"name":"wp","href":"https:\/\/api.w.org\/{rel}","templated":true}]}}