{"id":250778,"date":"2025-11-23T03:37:12","date_gmt":"2025-11-23T03:37:12","guid":{"rendered":"https:\/\/www.europesays.com\/es\/250778\/"},"modified":"2025-11-23T03:37:12","modified_gmt":"2025-11-23T03:37:12","slug":"seis-balas-para-imponer-el-silencio","status":"publish","type":"post","link":"https:\/\/www.europesays.com\/es\/250778\/","title":{"rendered":"Seis balas para imponer el silencio"},"content":{"rendered":"<p data-gtm-element-container=\"modulo-texto-link\" class=\"paragraph\">Mehdi Kessaci ten\u00eda solo 20 a\u00f1os y preparaba oposiciones para ser polic\u00eda. Seis balas en una rotonda de Marsella, el d\u00eda 13 de este mes, truncaron brutalmente su sue\u00f1o. Este asesinato \u201cde intimidaci\u00f3n\u201d \u2013expresi\u00f3n usada por el ministro del Interior, Laurent N\u00fa\u00f1ez\u2013, perpetrado por dos sicarios que iban en moto, ha sembrado la alarma en Francia por considerarse una escalada muy inquietante. No fue el t\u00edpico ajuste de cuentas. Mehdi pag\u00f3 con su vida ser el hermano peque\u00f1o de Amine Kessaci, militante ecologista y antidroga, autor de un libro de t\u00edtulo inequ\u00edvoco: Marseille, essuie tes larmes. Vivre et mourir en terre de narcotrafic (Marsella, seca tus l\u00e1grimas. Vivir y morir en tierra de narcotr\u00e1fico).<\/p>\n<p data-gtm-element-container=\"modulo-texto-link\" class=\"paragraph\">Durante el funeral de Mehdi, su hermano llevaba chaleco antibalas. En los alrededores de la mezquita hab\u00eda unidades de elite de la polic\u00eda, con fusiles de asalto y veh\u00edculos blindados. Este s\u00e1bado miles de personas participaron en una manifestaci\u00f3n, una marcha blanca , de homenaje al joven asesinado y para exigir justicia. El cortejo iba encabezado por Amine y su madre. Junto a ellos, el alcalde de Marsella, el socialista Beno\u00eft Payan, y el presidente de la regi\u00f3n Provenza-Alpes-Costa Azul, el macronista Renaud Muselier.<\/p>\n<p>                <img loading=\"lazy\" decoding=\"async\" data-full-src=\"https:\/\/www.lavanguardia.com\/uploads\/2025\/11\/22\/6921f4b047d80.jpeg\" alt=\"Cientos de personas levantan sus manos en memora de Mehdi Kessaci\" width=\"449\" height=\"299\" src=\"https:\/\/www.europesays.com\/es\/wp-content\/uploads\/2025\/11\/6921f4b047d80.jpeg\" class=\"lazy\"\/><\/p>\n<p class=\"caption-title \">Cientos de personas levantan sus manos en memora de Mehdi Kessaci\u00a0<\/p>\n<p>                    EFE\/EPA\/SEBASTIEN NOGIER<\/p>\n<p data-gtm-element-container=\"modulo-texto-link\" class=\"paragraph\">No es la primera tragedia que sufre la familia Kessaci. Un hermanastro de Mehdi y Amine, Brahim, este s\u00ed implicado en el mundo de la droga, muri\u00f3 en el 2020. Su cad\u00e1ver \u2013con una bala en el cr\u00e1neo\u2013 y el de otro joven fueron hallados carbonizados dentro de un Audi S3 al que hab\u00edan prendido fuego en una autopista del \u00e1rea de Marsella. Luego apareci\u00f3 un tercer cad\u00e1ver en otro veh\u00edculo. A ra\u00edz de estos hechos, Amine decidi\u00f3 fundar la Asociaci\u00f3n Conciencia. Su militancia antidroga y su libro lo situaron en el punto de mira. En agosto pasado le pusieron escolta policial y le aconsejaron mudarse fuera de la ciudad.<\/p>\n<p data-gtm-element-container=\"modulo-texto-link\" class=\"paragraph\">\u201cNo me callar\u00e9\u201d, proclam\u00f3 Amine en una tribuna en Le Monde en la que denunci\u00f3 la cobard\u00eda de los instigadores del asesinato y la urgencia de que los poderes p\u00fablicos act\u00faen. En una emotiva entrevista posterior, en France Intern, el hermano mayor reconoci\u00f3 que siempre vivir\u00e1 con el sentimiento de culpa. \u201cYo deb\u00eda estar en ese ata\u00fad\u201d, dijo.<\/p>\n<p>Macron ha acusado a los consumidores de cannabis y coca\u00edna de ser \u201cc\u00f3mplices\u201d del crimen organizado<\/p>\n<p data-gtm-element-container=\"modulo-texto-link\" class=\"paragraph\">El crimen no ha hecho sino aumentar la preocupaci\u00f3n por la fuerza imparable del narcotr\u00e1fico y de la criminalidad organizada en Francia. El problema no se circunscribe a Marsella, vinculada al hampa desde hace decenios y uno de los principales centros de distribuci\u00f3n de droga en Europa. Muchas otras ciudades, grandes, medianas y peque\u00f1as, padecen la lacra, desde los suburbios de Par\u00eds a Rennes o Nantes, en el norte de Grenoble, cerca de los Alpes, hasta Montpellier o Perpi\u00f1\u00e1n. La penetraci\u00f3n de las bandas es integral en el territorio. Despu\u00e9s de la muerte de Mehdi, ya nadie puede sentirse a salvo, ni oeneg\u00e9s antidroga ni magistrados ni periodistas. Es la estrategia del miedo para imponer obediencia y silencio.<\/p>\n<p data-gtm-element-container=\"modulo-texto-link\" class=\"paragraph\">El martes hubo una reuni\u00f3n en el El\u00edseo para abordar el fen\u00f3meno. Son recurrentes las ofensivas policiales en los barrios problem\u00e1ticos, pero cuando los agentes se van todo sigue m\u00e1s o menos igual. El ministro N\u00fa\u00f1ez y su colega de Justicia, G\u00e9rald Darmanin, visitaron Marsella como anticipo al desplazamiento del presidente Macron. N\u00fa\u00f1ez no se resigna al pesimismo y subraya los \u00e9xitos. \u201cNo es en absoluto un fracaso colectivo \u2013afirm\u00f3\u2013. Ganamos batallas y ganaremos todav\u00eda batallas\u201d. El ministro puso \u00e9nfasis en que el n\u00famero de homicidios vinculados a la droga ha descendido de manera notable en los \u00faltimos a\u00f1os. Darmanin mencion\u00f3 las 17 extradiciones desde los Emiratos \u00c1rabes Unidos, el pa\u00eds del Golfo donde les gusta refugiarse a los peces gordos de la droga.<\/p>\n<p>                <img loading=\"lazy\" decoding=\"async\" data-full-src=\"https:\/\/www.lavanguardia.com\/uploads\/2025\/11\/22\/6921f5b26d86f.jpeg\" alt=\"El padre de Mehdi Kessaci, Ahmed Kessaci\" width=\"449\" height=\"299\" src=\"https:\/\/www.europesays.com\/es\/wp-content\/uploads\/2025\/11\/6921f5b26d86f.jpeg\" class=\"lazy\"\/><\/p>\n<p class=\"caption-title \">El padre de Mehdi Kessaci, Ahmed Kessaci\u00a0<\/p>\n<p>                    EFE\/EPA\/SEBASTIEN NOGIER<\/p>\n<p data-gtm-element-container=\"modulo-texto-link\" class=\"paragraph\">Aunque domina la prudencia sobre los ordenantes del asesinato de Mehdi, el diario Le Parisien y otros medios han apuntado, citando fuentes de la investigaci\u00f3n, que detr\u00e1s del crimen est\u00e1 Amine O., de 31 a\u00f1os, sospechoso de ser el l\u00edder de la DZ Mafia, la banda de narcotraficantes, en su mayor\u00eda de origen argelino, que domina la plaza marsellesa. Se cree que Amine O., apodado Mamine ,ha ordenado varios asesinatos desde la c\u00e1rcel. Esta misma semana ha sido trasladado a una de las nuevas prisiones supervigiladas para los delincuentes m\u00e1s peligrosos. El recluso est\u00e1 en prisi\u00f3n desde abril del 2021 precisamente por el asesinato del hermanastro mayor de Mehdi y otros dos j\u00f3venes.<\/p>\n<p data-gtm-element-container=\"modulo-texto-link\" class=\"paragraph\">En Francia siempre han sido reacios \u2013y todav\u00eda hoy\u2013 a hablar de mafia espec\u00edficamente francesa. Reservaban el t\u00e9rmino para la vecina Italia y prefer\u00edan hablar de bandidismo. Pero la realidad se est\u00e1 imponiendo. Se estima que el tr\u00e1fico de estupefacientes mueve en el pa\u00eds hasta 6.000 millones de euros al a\u00f1o y que 200.000 personas trabajan en esta econom\u00eda clandestina. Los consumidores regulares de coca\u00edna superar\u00edan el mill\u00f3n. Macron dijo hace pocos d\u00edas que \u201ccomprar cannabis o coca\u00edna es de hecho ser c\u00f3mplice y dar financiaci\u00f3n a las redes de criminalidad organizada\u201d.<\/p>\n<p>Los narcos imponen su ley en las prisiones, amenazan y corrompen a los guardias y reciben m\u00f3viles por drones<\/p>\n<p data-gtm-element-container=\"modulo-texto-link\" class=\"paragraph\">Un asunto espinoso de tratar es el de la intimidaci\u00f3n, con amenazas a los funcionarios de prisiones y a sus familiares, o las ofertas para corromperlos. A menudo ambas cosas se dan a la vez. Dinero no les falta, a los narcos, ni tampoco brutalidad para doblegar voluntades.<\/p>\n<p data-gtm-element-container=\"modulo-texto-link\" class=\"paragraph\">La cadena BFMTV emiti\u00f3 el viernes un reportaje revelador hecho en prisiones en el que quedaba claro c\u00f3mo los narcotraficantes imponen su ley, con trato de favor \u2013hasta excarcelaciones tempranas\u2013 y gozando casi siempre de tel\u00e9fonos m\u00f3viles, en teor\u00eda prohibidos, que llegan directamente a las ventanas de las celdas gracias a drones o son lanzados a los patios de las prisiones. Con esos m\u00f3viles los narcos contin\u00faan dirigiendo el negocio y dictando sentencias de muerte.<\/p>\n","protected":false},"excerpt":{"rendered":"Mehdi Kessaci ten\u00eda solo 20 a\u00f1os y preparaba oposiciones para ser polic\u00eda. Seis balas en una rotonda de&hellip;\n","protected":false},"author":2,"featured_media":250779,"comment_status":"","ping_status":"","sticky":false,"template":"","format":"standard","meta":{"footnotes":""},"categories":[42],"tags":[17,18,13,14,11,61,62,63,64,19,20,9,10,15,16,12,21,22,65,66,67],"class_list":{"0":"post-250778","1":"post","2":"type-post","3":"status-publish","4":"format-standard","5":"has-post-thumbnail","7":"category-internacional","8":"tag-breaking-news","9":"tag-breakingnews","10":"tag-featured-news","11":"tag-featurednews","12":"tag-headlines","13":"tag-internacional","14":"tag-international","15":"tag-international-news","16":"tag-internationalnews","17":"tag-latest-news","18":"tag-latestnews","19":"tag-news","20":"tag-noticias","21":"tag-noticias-destacadas","22":"tag-noticiasdestacadas","23":"tag-titulares","24":"tag-ultimas-noticias","25":"tag-ultimasnoticias","26":"tag-world","27":"tag-world-news","28":"tag-worldnews"},"share_on_mastodon":{"url":"https:\/\/pubeurope.com\/@es\/115596929301662383","error":""},"_links":{"self":[{"href":"https:\/\/www.europesays.com\/es\/wp-json\/wp\/v2\/posts\/250778","targetHints":{"allow":["GET"]}}],"collection":[{"href":"https:\/\/www.europesays.com\/es\/wp-json\/wp\/v2\/posts"}],"about":[{"href":"https:\/\/www.europesays.com\/es\/wp-json\/wp\/v2\/types\/post"}],"author":[{"embeddable":true,"href":"https:\/\/www.europesays.com\/es\/wp-json\/wp\/v2\/users\/2"}],"replies":[{"embeddable":true,"href":"https:\/\/www.europesays.com\/es\/wp-json\/wp\/v2\/comments?post=250778"}],"version-history":[{"count":0,"href":"https:\/\/www.europesays.com\/es\/wp-json\/wp\/v2\/posts\/250778\/revisions"}],"wp:featuredmedia":[{"embeddable":true,"href":"https:\/\/www.europesays.com\/es\/wp-json\/wp\/v2\/media\/250779"}],"wp:attachment":[{"href":"https:\/\/www.europesays.com\/es\/wp-json\/wp\/v2\/media?parent=250778"}],"wp:term":[{"taxonomy":"category","embeddable":true,"href":"https:\/\/www.europesays.com\/es\/wp-json\/wp\/v2\/categories?post=250778"},{"taxonomy":"post_tag","embeddable":true,"href":"https:\/\/www.europesays.com\/es\/wp-json\/wp\/v2\/tags?post=250778"}],"curies":[{"name":"wp","href":"https:\/\/api.w.org\/{rel}","templated":true}]}}