{"id":250780,"date":"2025-11-23T03:38:14","date_gmt":"2025-11-23T03:38:14","guid":{"rendered":"https:\/\/www.europesays.com\/es\/250780\/"},"modified":"2025-11-23T03:38:14","modified_gmt":"2025-11-23T03:38:14","slug":"huca-incorpora-una-nueva-terapia-autoinmune-car-t-para-mieloma-refractario","status":"publish","type":"post","link":"https:\/\/www.europesays.com\/es\/250780\/","title":{"rendered":"HUCA incorpora una nueva terapia autoinmune CAR-T para mieloma refractario"},"content":{"rendered":"<p>\n                                                 Equipo profesional del Hospital Universitario Central de Asturias.                                            <\/p>\n<p>                                            El Servicio de Hematolog\u00eda del <a href=\"https:\/\/www.redaccionmedica.com\/recursos-salud\/hospitales-espana\/hospital-universitario-central-de-asturias\" target=\"_blank\" title=\"Hospital Universitario de Asturias | Gu\u00eda de hospitales en Redacci\u00f3n M\u00e9dica\" rel=\"nofollow noopener\">Hospital Universitario Central de Asturias<\/a> (HUCA) ha recibido la cualificaci\u00f3n para el uso de la <strong>terapia autoinmune<\/strong> <a href=\"https:\/\/www.redaccionmedica.com\/tags\/cart\" target=\"_blank\" title=\"Noticias sobre CAR-T | Redacci\u00f3n M\u00e9dica\" rel=\"nofollow noopener\">CAR-T<\/a>, en forma de medicamento, que se usa en el tratamiento del <a href=\"https:\/\/www.redaccionmedica.com\/recursos-salud\/diccionario-enfermedades\/mieloma-multiple\" target=\"_blank\" title=\"Mieloma m\u00faltiple | Diccionario de enfermedades de Redacci\u00f3n M\u00e9dica\" rel=\"nofollow noopener\">mieloma m\u00faltiple<\/a> cuando la enfermedad ha reaparecido y no ha respondido al tratamiento previo.<\/p>\n<p>El HUCA ya aplica <strong>inmunoterapia CAR-T<\/strong>, aunque, con el nuevo medicamento, comercializado con el nombre Carvykti,\u00a0se dota al hospital del arsenal terap\u00e9utico m\u00e1s avanzado que existe en el Sistema Nacional de Salud (SNS). De hecho, era el \u00fanico de los CAR-T industriales que financia el SNS que le faltaba al hospital.<\/p>\n<p>\u00abCon la aplicaci\u00f3n de los tratamientos de primera l\u00ednea que ya dispensa el hospital, la supervivencia global de las personas con <strong>c\u00e1ncer de las c\u00e9lulas plasm\u00e1ticas de la m\u00e9dula \u00f3sea<\/strong> ha mejorado mucho, pero existe un subgrupo refractario que conlleva un mal pron\u00f3stico\u00bb, explican desde el Gobierno del Principado de Asturias en un comunicado.<\/p>\n<p>&#13;<br \/>\n\tTratamiento innovador en Espa\u00f1a contra el mieloma refractario<br \/>\n<br \/>\nEl medicamento que ahora incorpora el HUCA es el <strong>\u00fanico tratamiento de inmunoterapia avanzada aprobado en Espa\u00f1a en segunda l\u00ednea<\/strong> para estos pacientes, en quienes ha demostrado \u00abun beneficio cl\u00ednico en supervivencia global y una importante mejora en la calidad de vida\u00bb. \u00abLa incorporaci\u00f3n de esta medicaci\u00f3n representa, por tanto, una importante opci\u00f3n terap\u00e9utica para ese peque\u00f1o grupo de pacientes (de diez a quince al a\u00f1o)\u00bb, reza la nota.<\/p>\n<p>Hasta la fecha, desde que el Ministerio de Sanidad aprob\u00f3 este tipo de tratamientos en el HUCA, el Servicio de Hematolog\u00eda ha tratado con terapias CAR-T a un total de 26 pacientes, en los que ha conseguido <strong>tasas de supervivencia \u00abacordes con lo esperado<\/strong> y con una mejora de su calidad de vida\u00bb.                                        <\/p>\n<p>\n                                            Las informaciones publicadas en Redacci\u00f3n M\u00e9dica contienen afirmaciones, datos y declaraciones procedentes de instituciones oficiales y profesionales sanitarios. No obstante, ante cualquier duda relacionada con su salud, consulte con su especialista sanitario correspondiente.\n                                        <\/p>\n","protected":false},"excerpt":{"rendered":"Equipo profesional del Hospital Universitario Central de Asturias. El Servicio de Hematolog\u00eda del Hospital Universitario Central de Asturias&hellip;\n","protected":false},"author":2,"featured_media":250781,"comment_status":"","ping_status":"","sticky":false,"template":"","format":"standard","meta":{"footnotes":""},"categories":[8],"tags":[17,18,25,24,13,14,11,19,20,9,10,15,16,23,12,21,22],"class_list":{"0":"post-250780","1":"post","2":"type-post","3":"status-publish","4":"format-standard","5":"has-post-thumbnail","7":"category-espana","8":"tag-breaking-news","9":"tag-breakingnews","10":"tag-es","11":"tag-espana","12":"tag-featured-news","13":"tag-featurednews","14":"tag-headlines","15":"tag-latest-news","16":"tag-latestnews","17":"tag-news","18":"tag-noticias","19":"tag-noticias-destacadas","20":"tag-noticiasdestacadas","21":"tag-spain","22":"tag-titulares","23":"tag-ultimas-noticias","24":"tag-ultimasnoticias"},"share_on_mastodon":{"url":"https:\/\/pubeurope.com\/@es\/115596932211785634","error":""},"_links":{"self":[{"href":"https:\/\/www.europesays.com\/es\/wp-json\/wp\/v2\/posts\/250780","targetHints":{"allow":["GET"]}}],"collection":[{"href":"https:\/\/www.europesays.com\/es\/wp-json\/wp\/v2\/posts"}],"about":[{"href":"https:\/\/www.europesays.com\/es\/wp-json\/wp\/v2\/types\/post"}],"author":[{"embeddable":true,"href":"https:\/\/www.europesays.com\/es\/wp-json\/wp\/v2\/users\/2"}],"replies":[{"embeddable":true,"href":"https:\/\/www.europesays.com\/es\/wp-json\/wp\/v2\/comments?post=250780"}],"version-history":[{"count":0,"href":"https:\/\/www.europesays.com\/es\/wp-json\/wp\/v2\/posts\/250780\/revisions"}],"wp:featuredmedia":[{"embeddable":true,"href":"https:\/\/www.europesays.com\/es\/wp-json\/wp\/v2\/media\/250781"}],"wp:attachment":[{"href":"https:\/\/www.europesays.com\/es\/wp-json\/wp\/v2\/media?parent=250780"}],"wp:term":[{"taxonomy":"category","embeddable":true,"href":"https:\/\/www.europesays.com\/es\/wp-json\/wp\/v2\/categories?post=250780"},{"taxonomy":"post_tag","embeddable":true,"href":"https:\/\/www.europesays.com\/es\/wp-json\/wp\/v2\/tags?post=250780"}],"curies":[{"name":"wp","href":"https:\/\/api.w.org\/{rel}","templated":true}]}}