{"id":250782,"date":"2025-11-23T03:39:36","date_gmt":"2025-11-23T03:39:36","guid":{"rendered":"https:\/\/www.europesays.com\/es\/250782\/"},"modified":"2025-11-23T03:39:36","modified_gmt":"2025-11-23T03:39:36","slug":"falangistas-marchan-contra-el-regimen-genocida-del-78-y-cantan-pedro-sanchez-tiro-en-la-nuca","status":"publish","type":"post","link":"https:\/\/www.europesays.com\/es\/250782\/","title":{"rendered":"Falangistas marchan contra el r\u00e9gimen \u201cgenocida\u201d del 78 y cantan \u201cPedro S\u00e1nchez, tiro en la nuca\u201d"},"content":{"rendered":"<p data-gtm-element-container=\"modulo-texto-link\" class=\"paragraph\">Cientos de personas -unas 700, seg\u00fan la Delegaci\u00f3n del Gobierno en Madrid- convocadas por Falange Espa\u00f1ola se manifiestan en Madrid \u201ccontra el r\u00e9gimen del 78\u201d que califican de \u201cgenocida\u201d y reivindican la figura de Jos\u00e9 Antonio Primo de Rivera con c\u00e1nticos del &#8216;Cara al sol&#8217;, el himno falangista.<\/p>\n<p data-gtm-element-container=\"modulo-texto-link\" class=\"paragraph\">Agrupaciones de ultraderecha, como Fuerza Nueva, Falange Espa\u00f1ola de las JONS o Espa\u00f1a 2000, han reunido a varios cientos de personas, en su mayor\u00eda j\u00f3venes, para recordar al fundador de la Falange, Jos\u00e9 Antonio Primo de Rivera, un d\u00eda despu\u00e9s de que se cumplieran 89 a\u00f1os de su muerte y 50 de la del dictador Francisco Franco.<\/p>\n<p>                <img loading=\"lazy\" decoding=\"async\" data-full-src=\"https:\/\/www.lavanguardia.com\/uploads\/2025\/11\/21\/6920e4f866999.jpeg\" alt=\"Algunos de los manifestantes en la movilizaci\u00f3n de la Falange Espa\u00f1ola, este viernes en Madrid\" width=\"449\" height=\"299\" src=\"https:\/\/www.europesays.com\/es\/wp-content\/uploads\/2025\/11\/6920e4f866999.jpeg\" class=\"lazy\"\/><\/p>\n<p class=\"caption-title \">Algunos de los manifestantes en la movilizaci\u00f3n de la Falange Espa\u00f1ola, este viernes en Madrid<\/p>\n<p>                    Thomas COEX\/AFP<\/p>\n<p data-gtm-element-container=\"modulo-texto-link\" class=\"paragraph\">Durante la concentraci\u00f3n han criticado la ley de memoria democr\u00e1tica y el bipartidismo por permitir que \u201cla violencia inmigrante, la gesti\u00f3n sanitaria, el aborto o la eutanasia\u201d est\u00e9n generando \u201cun genocidio\u201d en Espa\u00f1a.<\/p>\n<p>Los manifestantes ondean banderas de Espa\u00f1a y algunas preconstitucionales<\/p>\n<p data-gtm-element-container=\"modulo-texto-link\" class=\"paragraph\">En un primer mitin antes de partir hacia la sede del PP en la calle G\u00e9nova, han animado a que los falangistas est\u00e9n hoy manifest\u00e1ndose. Ya ante la sede del PSOE en Ferraz, su siguiente parada, han gritado \u201cPedro S\u00e1nchez, tiro en la nuca\u201d.\u00a0<\/p>\n<p data-gtm-element-container=\"modulo-texto-link\" class=\"paragraph\">Los manifestantes ondean banderas de Espa\u00f1a y algunas preconstitucionales, adem\u00e1s de otros muchos s\u00edmbolos de la Falange.<\/p>\n<p>                <img loading=\"lazy\" decoding=\"async\" data-full-src=\"https:\/\/www.lavanguardia.com\/uploads\/2025\/11\/21\/6920e5270c09c.jpeg\" alt=\"Efectivos policiales han vigilado de cerca la movilizaci\u00f3n, permitida por la justicia\" width=\"449\" height=\"299\" src=\"https:\/\/www.europesays.com\/es\/wp-content\/uploads\/2025\/11\/6920e5270c09c.jpeg\" class=\"lazy\"\/><\/p>\n<p class=\"caption-title \">Efectivos policiales han vigilado de cerca la movilizaci\u00f3n, permitida por la justicia<\/p>\n<p>                    Oscar del Pozo\/AFP<\/p>\n<p data-gtm-element-container=\"modulo-texto-link\" class=\"paragraph\">La movilizaci\u00f3n inicialmente no fue autorizada por la Delegaci\u00f3n del Gobierno, pero finalmente se ha podido llevar a cabo porque <a href=\"https:\/\/www.lavanguardia.com\/local\/madrid\/20251121\/11289053\/tsjm-permite-falange-manifestarse-20-n-anular-prohibicion-delegacion-agenciaslv20251121.html\" rel=\"nofollow noopener\" target=\"_blank\">el Tribunal Superior de Justicia de Madrid (TSJM) ha estimado un recurso de la Falange contra su prohibici\u00f3n<\/a>.<\/p>\n<p data-gtm-element-container=\"modulo-texto-link\" class=\"paragraph\">La marcha se desarrolla bajo la vigilancia de varios furgones antidisturbios.<\/p>\n","protected":false},"excerpt":{"rendered":"Cientos de personas -unas 700, seg\u00fan la Delegaci\u00f3n del Gobierno en Madrid- convocadas por Falange Espa\u00f1ola se manifiestan&hellip;\n","protected":false},"author":2,"featured_media":250783,"comment_status":"","ping_status":"","sticky":false,"template":"","format":"standard","meta":{"footnotes":""},"categories":[5],"tags":[17,18,25,24,13,14,11,19,20,9,10,15,16,23,12,21,22],"class_list":{"0":"post-250782","1":"post","2":"type-post","3":"status-publish","4":"format-standard","5":"has-post-thumbnail","7":"category-titulares","8":"tag-breaking-news","9":"tag-breakingnews","10":"tag-es","11":"tag-espana","12":"tag-featured-news","13":"tag-featurednews","14":"tag-headlines","15":"tag-latest-news","16":"tag-latestnews","17":"tag-news","18":"tag-noticias","19":"tag-noticias-destacadas","20":"tag-noticiasdestacadas","21":"tag-spain","22":"tag-titulares","23":"tag-ultimas-noticias","24":"tag-ultimasnoticias"},"share_on_mastodon":{"url":"https:\/\/pubeurope.com\/@es\/115596936557168269","error":""},"_links":{"self":[{"href":"https:\/\/www.europesays.com\/es\/wp-json\/wp\/v2\/posts\/250782","targetHints":{"allow":["GET"]}}],"collection":[{"href":"https:\/\/www.europesays.com\/es\/wp-json\/wp\/v2\/posts"}],"about":[{"href":"https:\/\/www.europesays.com\/es\/wp-json\/wp\/v2\/types\/post"}],"author":[{"embeddable":true,"href":"https:\/\/www.europesays.com\/es\/wp-json\/wp\/v2\/users\/2"}],"replies":[{"embeddable":true,"href":"https:\/\/www.europesays.com\/es\/wp-json\/wp\/v2\/comments?post=250782"}],"version-history":[{"count":0,"href":"https:\/\/www.europesays.com\/es\/wp-json\/wp\/v2\/posts\/250782\/revisions"}],"wp:featuredmedia":[{"embeddable":true,"href":"https:\/\/www.europesays.com\/es\/wp-json\/wp\/v2\/media\/250783"}],"wp:attachment":[{"href":"https:\/\/www.europesays.com\/es\/wp-json\/wp\/v2\/media?parent=250782"}],"wp:term":[{"taxonomy":"category","embeddable":true,"href":"https:\/\/www.europesays.com\/es\/wp-json\/wp\/v2\/categories?post=250782"},{"taxonomy":"post_tag","embeddable":true,"href":"https:\/\/www.europesays.com\/es\/wp-json\/wp\/v2\/tags?post=250782"}],"curies":[{"name":"wp","href":"https:\/\/api.w.org\/{rel}","templated":true}]}}