{"id":250786,"date":"2025-11-23T03:48:16","date_gmt":"2025-11-23T03:48:16","guid":{"rendered":"https:\/\/www.europesays.com\/es\/250786\/"},"modified":"2025-11-23T03:48:16","modified_gmt":"2025-11-23T03:48:16","slug":"por-la-obra-de-oluwaseyi","status":"publish","type":"post","link":"https:\/\/www.europesays.com\/es\/250786\/","title":{"rendered":"Por la obra de Oluwaseyi"},"content":{"rendered":"<p class=\"\"><b>Oluwaseyi <\/b>es un apellido de origen <b>yoruba <\/b>que significa \u2018Por la obra de dios\u2019. En<b> La Cer\u00e1mica<\/b>, la obra la hizo <b>Tani <\/b>al marcar <b>un gol<\/b> en el 83\u2019, <b>de espaldas a porter\u00eda<\/b>, que lanza al Villarreal en la tabla en v\u00edspera de la \u2018final\u2019 de <b>Dortmund<\/b>. 29 de 39, <b>el mejor arranque de la historia<\/b> del Submarino.<\/p>\n<p class=\"\">El <b>Mallorca <\/b>mereci\u00f3 al menos el <b>empate<\/b>, sobre todo por sus m\u00e9ritos en la p<b>rimera mitad<\/b>. Pero en la segunda dio <b>un paso atr\u00e1s<\/b> y el Villarreal fue empujando&#8230; hasta que logr\u00f3 derribar el muro de <b>Bergstrom<\/b>, un portero con pinta de ala-p\u00edvot, que salv\u00f3 a su equipo con un parad\u00f3n a <b>Mikautadze<\/b>.<\/p>\n<p><img decoding=\"async\" src=\"https:\/\/www.europesays.com\/es\/wp-content\/uploads\/2025\/11\/1763869693_589_default.png\" alt=\"Por la obra de Oluwaseyi\" height=\"80\" width=\"80\"  loading=\"lazy\" data-error-image=\"https:\/\/static.as.com\/dist\/resources\/images\/placeholder-player.png\"\/><\/p>\n<p class=\"\">El duelo empez\u00f3 a todo tren. El Villarreal arrincon\u00f3 al <b>Mallorca<\/b> en su campo y en uno de los <b>primeros centros al \u00e1rea<\/b> lleg\u00f3 el primero. <b>Pedraza<\/b> centr\u00f3, Ayoze porfi\u00f3 el bal\u00f3n y <b>Gerard<\/b>, astuto y efectivo, la empuj\u00f3 a la red. Al Mallorca <b>no le temblaron las piernas<\/b> con el gol. Tras el saque de centro, Pablo <b>Torre <\/b>dise\u00f1\u00f3 un ataque y el bal\u00f3n le lleg\u00f3 a <b>Samu Costa<\/b>, muy escorado. Pero el centrocampista lanz\u00f3 un <b>zurdazo <\/b>ajustado ante el que <b>Luiz J\u00fanior <\/b>nada pudo hacer. 1-1 a los 7 minutos.<\/p>\n<p class=\"\">Era un partido <b>nuevo <\/b>pero no. El Villarreal, que hab\u00eda salido <b>arrollador<\/b>, sinti\u00f3 el golpe y fue el Mallorca el que empez\u00f3<b> a sentirse c\u00f3modo<\/b>. Fruto de una buena presi\u00f3n, Luiz J\u00fanior entreg\u00f3 el bal\u00f3n a<b> Antonio S\u00e1nchez<\/b>, este cedi\u00f3 de tac\u00f3n a <b>Joseph <\/b>pero el <b>delantero <\/b>acab\u00f3 cediendo el mano a mano ante J\u00fanior que se rehizo bien. <b>Pepe <\/b>contest\u00f3 con un zurdazo que sali\u00f3 lamiendo el palo y <b>Moleiro remat\u00f3 demasiado centrado<\/b>, de cabeza. El dascanso atisbaba pero <b>S\u00e1nchez <\/b>volvi\u00f3 a probarlo desde fuera y el cuero sali\u00f3 silbando el poste.<\/p>\n<p>Noticias relacionadas<a href=\"https:\/\/as.com\/futbol\/videos\/resumen-y-goles-del-villarreal-vs-mallorca-jornada-13-de-laliga-ea-sports-25-26-f202511-v\/\" class=\"s_m_w _rt-16x9\" title=\"El submarino consigue 3 puntos valiosos ante un aguerrido Mallorca. Un gol del canadiense al final del encuentro da la victoria. \" data-tb-link=\"\" rel=\"nofollow noopener\" target=\"_blank\"><img decoding=\"async\" src=\"https:\/\/www.europesays.com\/es\/wp-content\/uploads\/2025\/11\/6L7RD2GLT5OPHHRII4IRT723Y4.jpg\" alt=\"Resumen y goles del Villarreal vs Mallorca, jornada 13 de LaLiga EA Sports 25-26\" class=\"\" height=\"9\" width=\"16\"   loading=\"lazy\" data-tb-thumbnail=\"\"\/><\/a><a href=\"https:\/\/as.com\/futbol\/barrenetxea-que-arte-tienes-f202511-n\/\" class=\"s_m_w _rt-16x9\" title=\"El extremo mete el gol de la temporada desde medio campo ante un Herrera adelantado. La Real abandona la crisis y Osasuna sigue en ca\u00edda libre.\" data-tb-link=\"\" rel=\"nofollow noopener\" target=\"_blank\"><img decoding=\"async\" src=\"https:\/\/www.europesays.com\/es\/wp-content\/uploads\/2025\/11\/Z7F5ECKXWZLWNE7E6NMRQL3QQ4.jpg\" alt=\"\u00a1Barrenetxea, qu\u00e9 arte tienes! \" class=\"\" height=\"9\" width=\"16\"   loading=\"lazy\" data-tb-thumbnail=\"\"\/><\/a><\/p>\n<p class=\"\">El Mallorca no sali\u00f3 del vestuario de la misma forma aunque <b>hasta que Marcelino no movi\u00f3 el banquillo<\/b> ni hubo ocasiones. La m\u00e1s clara la tuvo <b>Mikautadze<\/b>, a bocajarro, pero la pierna interminable de <b>Bergstrom <\/b>se estir\u00f3 para evitar el gol. El Villarreal apret\u00f3 y <b>pisaba \u00e1rea <\/b>continuamente. Tanto que <b>Guzm\u00e1n vio penalti <\/b>de <b>Ra\u00edllo a Gueye<\/b> que acab\u00f3 invalidando el VAR. El mismo que s\u00ed concedi\u00f3 el tanto de <b>Oluwaseyi <\/b>que hab\u00eda anulado el asistente.<\/p>\n<p class=\"\"><b>\u00a1Tus opiniones importan!<\/b> Comenta en los art\u00edculos y suscr\u00edbete gratis a nuestra <a href=\"https:\/\/asfan.as.com\/newsletters\/\" target=\"_blank\" rel=\"nofollow noopener\" title=\"https:\/\/asfan.as.com\/newsletters\/\">newsletter<\/a> y a las alertas informativas en la <a href=\"https:\/\/as.com\/aplicacion-de-as-n\/\" target=\"_blank\" rel=\"nofollow noopener\" title=\"https:\/\/as.com\/aplicacion-de-as-n\/\">App<\/a> o el canal de <a href=\"https:\/\/www.whatsapp.com\/channel\/0029VaAasdA7j6g745nz9M10\" target=\"_blank\" rel=\"nofollow noopener\" title=\"https:\/\/www.whatsapp.com\/channel\/0029VaAasdA7j6g745nz9M10\">WhatsApp<\/a>. \u00bfBuscas licenciar contenido? Haz clic <a href=\"https:\/\/profesional.elpais.com\/soluciones-sindicacion?utm_medium=interno&amp;utm_source=crosslinking&amp;utm_campaign=sindicacion_as_pie_articulos\" target=\"_blank\" rel=\"nofollow noopener\" title=\"https:\/\/profesional.elpais.com\/soluciones-sindicacion?utm_medium=interno&amp;utm_source=crosslinking&amp;utm_campaign=sindicacion_as_pie_articulos\">aqu\u00ed<\/a><\/p>\n<p class=\"stat-tl ev-fw-tl\"><strong>Cambios<\/strong><\/p>\n<p class=\"ev-text-aux\">\n                            <strong>Georges Mikautadze<\/strong> (62&#8242;, Gerard Moreno),                             <strong>Pape Gueye<\/strong> (62&#8242;, Thomas Partey),                             <strong>Tani Oluwaseyi<\/strong> (62&#8242;, Ayoze P\u00e9rez),                             <strong>Sergi Darder<\/strong> (68&#8242;, Pablo Torre),                             <strong>Vedat Muriqi<\/strong> (73&#8242;, Jan Virgili),                             <strong>Manor Solomon<\/strong> (73&#8242;, Alberto Moleiro),                             <strong>Tajon Buchanan<\/strong> (79&#8242;, Rafa Mar\u00edn),                             <strong>Takuma Asano<\/strong> (85&#8242;, Antonio S\u00e1nchez),                             <strong>Manu Morlanes<\/strong> (85&#8242;, Mateo Joseph),                             <strong>Javi Llabr\u00e9s<\/strong> (85&#8242;, Omar Mascarell)                        <\/p>\n<p class=\"stat-tl ev-fw-tl\"><strong>Goles<\/strong><\/p>\n<p class=\"ev-text-aux\">\n                                                                                                        1-0, 5&#8242;: <strong>Gerard Moreno<\/strong>,                                                                                 1-1, 7&#8242;: <strong>Samuel Costa<\/strong>,                                                                                 2-1, 82&#8242;: <strong>Tani Oluwaseyi<\/strong>                        <\/p>\n<p class=\"stat-tl ev-fw-tl\"><strong>Tarjetas<\/strong><\/p>\n<p class=\"ev-text-aux\">\n                Arbitro: Jos\u00e9 Luis Guzm\u00e1n Mansilla<br \/>Arbitro VAR: Carlos del Cerro Grande, Javier Iglesias Villanueva<br \/><strong>Garc\u00eda<\/strong> (40&#8242;,Amarilla),                                     <strong>Lucas Bergstrom<\/strong> (66&#8242;,Amarilla),                                     <strong>Mojica<\/strong> (74&#8242;,Amarilla),                                     <strong>Luiz L\u00facio Reis J\u00fanior<\/strong> (88&#8242;,Amarilla),                                     <strong>Tajon Buchanan<\/strong> (96&#8242;,Amarilla)                            <\/p>\n","protected":false},"excerpt":{"rendered":"Oluwaseyi es un apellido de origen yoruba que significa \u2018Por la obra de dios\u2019. En La Cer\u00e1mica, la&hellip;\n","protected":false},"author":2,"featured_media":250787,"comment_status":"","ping_status":"","sticky":false,"template":"","format":"standard","meta":{"footnotes":""},"categories":[268],"tags":[168,25,24,280,282,281,23,167],"class_list":{"0":"post-250786","1":"post","2":"type-post","3":"status-publish","4":"format-standard","5":"has-post-thumbnail","7":"category-futbol","8":"tag-deportes","9":"tag-es","10":"tag-espana","11":"tag-football","12":"tag-futbol","13":"tag-soccer","14":"tag-spain","15":"tag-sports"},"share_on_mastodon":{"url":"https:\/\/pubeurope.com\/@es\/115596972016399369","error":""},"_links":{"self":[{"href":"https:\/\/www.europesays.com\/es\/wp-json\/wp\/v2\/posts\/250786","targetHints":{"allow":["GET"]}}],"collection":[{"href":"https:\/\/www.europesays.com\/es\/wp-json\/wp\/v2\/posts"}],"about":[{"href":"https:\/\/www.europesays.com\/es\/wp-json\/wp\/v2\/types\/post"}],"author":[{"embeddable":true,"href":"https:\/\/www.europesays.com\/es\/wp-json\/wp\/v2\/users\/2"}],"replies":[{"embeddable":true,"href":"https:\/\/www.europesays.com\/es\/wp-json\/wp\/v2\/comments?post=250786"}],"version-history":[{"count":0,"href":"https:\/\/www.europesays.com\/es\/wp-json\/wp\/v2\/posts\/250786\/revisions"}],"wp:featuredmedia":[{"embeddable":true,"href":"https:\/\/www.europesays.com\/es\/wp-json\/wp\/v2\/media\/250787"}],"wp:attachment":[{"href":"https:\/\/www.europesays.com\/es\/wp-json\/wp\/v2\/media?parent=250786"}],"wp:term":[{"taxonomy":"category","embeddable":true,"href":"https:\/\/www.europesays.com\/es\/wp-json\/wp\/v2\/categories?post=250786"},{"taxonomy":"post_tag","embeddable":true,"href":"https:\/\/www.europesays.com\/es\/wp-json\/wp\/v2\/tags?post=250786"}],"curies":[{"name":"wp","href":"https:\/\/api.w.org\/{rel}","templated":true}]}}