{"id":250790,"date":"2025-11-23T03:52:15","date_gmt":"2025-11-23T03:52:15","guid":{"rendered":"https:\/\/www.europesays.com\/es\/250790\/"},"modified":"2025-11-23T03:52:15","modified_gmt":"2025-11-23T03:52:15","slug":"bailando-con-las-estrellas-sorprende-con-una-doble-eliminacion-este-sabado-estos-son-los-finalistas","status":"publish","type":"post","link":"https:\/\/www.europesays.com\/es\/250790\/","title":{"rendered":"&#8216;Bailando con las estrellas&#8217; sorprende con una doble eliminaci\u00f3n este s\u00e1bado: estos son los finalistas"},"content":{"rendered":"<p class=\"v-mdl-ath__p v-mdl-ath__p--6\">\nS\u00e1bado, 22 de noviembre 2025<\/p>\n<p>| Actualizado 23\/11\/2025 01:53h.<\/p>\n<p class=\"v-p\">&#8216;Bailando con las estrellas&#8217; llega a su recta final y este s\u00e1bado viv\u00eda la semifinal en su gala n\u00famero 11. Tania Medina y Nona Sobo deb\u00edan enfrentarse al inicio del programa para ver qui\u00e9n de las dos logra acompa\u00f1ar a Jorge Gonz\u00e1lez, Nerea Rodr\u00edguez, Blanca Romero y <a href=\"https:\/\/www.lasprovincias.es\/gente-estilo\/peligro-continuidad-anabel-pantoja-bailando-estrellas-motivos-20251118004032-nt.html\" title=\"www.lasprovincias.es\" data-voc-vtm-id=\"in-text-traffic\" data-mrf-link=\"www.lasprovincias.es\" rel=\"nofollow noopener\" target=\"_blank\">Anabel Pantoja<\/a> en busca de un hueco en la final.<\/p>\n<p class=\"v-p\">Sin embargo, la emisi\u00f3n de este s\u00e1bado iba con sorpresa puesto que Jes\u00fas V\u00e1zquez ha anunciado que adem\u00e1s de despedir a uno de los nominados, tambi\u00e9n se marchar\u00eda otro al final de la gala. Adem\u00e1s, Valeria Mazza ha explicado que deber\u00e1n actuar todos los concursantes por partida doble.<\/p>\n<p><a href=\"http:\/\/www.lasprovincias.es\/culturas\/tv\/rtve-apuesta-popular-pareja-comicos-dar-campanadas-20251118140233-nt.html#vtm_modulosEngag=mod-rel:culturas:noticia:1:cmp:1-not\" class=\"v-a-link\" aria-label=\"Imagen\" rel=\"nofollow noopener\" target=\"_blank\"><\/p>\n<p><img decoding=\"async\" loading=\"lazy\" src=\"https:\/\/www.europesays.com\/es\/wp-content\/uploads\/2025\/11\/abril buenafuente-kKTE-U240268513270G8B-366x256@Las Provincias.jpg\" class=\"v-a-img\" width=\"258\" height=\"180\" alt=\"\" data-voc-vtm-id=\"in-text-traffic\"\/><\/p>\n<p><\/a><\/p>\n<p class=\"v-p\">&#8216;Bailando con las estrellas&#8217; est\u00e1 siendo muy exigente para sus concursantes, hasta el punto de que B\u00e1rbara Rey tuvo que abandonar por una lesi\u00f3n. Esta semana, Anabel Pantoja comunicaba que su continuidad tambi\u00e9n estaba en duda por un esguince de ligamento interno: \u00abMe lesion\u00e9 con tanto baile de rodillas y el domingo me levant\u00e9 con la rodilla como una pelota sin poder apoyar ni doblar\u00bb.<\/p>\n<p class=\"v-p\">Despu\u00e9s de protagonizar sus bailes, el jurado decid\u00eda cu\u00e1l era la primera pareja eliminada. \u00abEs la decisi\u00f3n m\u00e1s dif\u00edcil de estas once semanas. Es inevitable cogeros cari\u00f1o, ya os queremos\u00bb, se\u00f1alaba Pelayo, que daba su punto para seguir a Tania. Tras un 2-2 en las votaciones, finalmente era Nona quien lograba salvarse.<\/p>\n<p class=\"v-p\">El presentador explicaba que el sistema para decidir los finalistas iba a ser el siguiente: \u00abNuestras parejas van a estrenar dos coreograf\u00edas durante la gala. Las tres m\u00e1s votadas despu\u00e9s de sumar jurado y casa pasan directamente a la final. El cuarto finalista saldr\u00e1 de un duelo entre las dos parejas menos votadas. Hay una segunda eliminaci\u00f3n esta misma noche\u00bb.<\/p>\n<p class=\"v-p\">Y tras las espectaculares actuaciones de la noche llegaba el momento de conocer qui\u00e9nes eran los finalistas. La primera pareja salvada eran Jorge y Gemma, la siguiente era Nona y Max y por \u00faltimo Anabel y \u00c1lvaro.<\/p>\n<p class=\"v-p\">Por lo tanto, Blanca y Rub\u00e9n debian batirse a Nerea y Genis Betrian para ganarse un puesto en la final. Tras lucirse las dos parejas en sus actuaciones, finalmente Nerea y Genis lograban el \u00faltimo billete a la final que tendr\u00e1 lugar el pr\u00f3ximo s\u00e1bado 29 de noviembre.<\/p>\n<p>Reporta un error<\/p>\n","protected":false},"excerpt":{"rendered":"S\u00e1bado, 22 de noviembre 2025 | Actualizado 23\/11\/2025 01:53h. &#8216;Bailando con las estrellas&#8217; llega a su recta final&hellip;\n","protected":false},"author":2,"featured_media":250791,"comment_status":"","ping_status":"","sticky":false,"template":"","format":"standard","meta":{"footnotes":""},"categories":[171],"tags":[15762,7537,8637,146,147,25,24,782,3397,6924,23,214],"class_list":{"0":"post-250790","1":"post","2":"type-post","3":"status-publish","4":"format-standard","5":"has-post-thumbnail","7":"category-tv","8":"tag-bailando","9":"tag-doble","10":"tag-eliminacion","11":"tag-entertainment","12":"tag-entretenimiento","13":"tag-es","14":"tag-espana","15":"tag-estrellas","16":"tag-sabado","17":"tag-sorprende","18":"tag-spain","19":"tag-tv"},"share_on_mastodon":{"url":"https:\/\/pubeurope.com\/@es\/115596987714463572","error":""},"_links":{"self":[{"href":"https:\/\/www.europesays.com\/es\/wp-json\/wp\/v2\/posts\/250790","targetHints":{"allow":["GET"]}}],"collection":[{"href":"https:\/\/www.europesays.com\/es\/wp-json\/wp\/v2\/posts"}],"about":[{"href":"https:\/\/www.europesays.com\/es\/wp-json\/wp\/v2\/types\/post"}],"author":[{"embeddable":true,"href":"https:\/\/www.europesays.com\/es\/wp-json\/wp\/v2\/users\/2"}],"replies":[{"embeddable":true,"href":"https:\/\/www.europesays.com\/es\/wp-json\/wp\/v2\/comments?post=250790"}],"version-history":[{"count":0,"href":"https:\/\/www.europesays.com\/es\/wp-json\/wp\/v2\/posts\/250790\/revisions"}],"wp:featuredmedia":[{"embeddable":true,"href":"https:\/\/www.europesays.com\/es\/wp-json\/wp\/v2\/media\/250791"}],"wp:attachment":[{"href":"https:\/\/www.europesays.com\/es\/wp-json\/wp\/v2\/media?parent=250790"}],"wp:term":[{"taxonomy":"category","embeddable":true,"href":"https:\/\/www.europesays.com\/es\/wp-json\/wp\/v2\/categories?post=250790"},{"taxonomy":"post_tag","embeddable":true,"href":"https:\/\/www.europesays.com\/es\/wp-json\/wp\/v2\/tags?post=250790"}],"curies":[{"name":"wp","href":"https:\/\/api.w.org\/{rel}","templated":true}]}}