{"id":250792,"date":"2025-11-23T03:53:31","date_gmt":"2025-11-23T03:53:31","guid":{"rendered":"https:\/\/www.europesays.com\/es\/250792\/"},"modified":"2025-11-23T03:53:31","modified_gmt":"2025-11-23T03:53:31","slug":"david-byrne-y-brian-eno-se-reunen-en-t-shirt-kiss-fm","status":"publish","type":"post","link":"https:\/\/www.europesays.com\/es\/250792\/","title":{"rendered":"David Byrne y Brian Eno se re\u00fanen en \u201cT Shirt\u201d \u2013 KISS FM"},"content":{"rendered":"<p>&#13;<br \/>\n\t\t&#13;<br \/>\n&#13;<br \/>\n\t&#13;<\/p>\n<p><strong>David Byrne<\/strong> ha publicado <strong>\u201cT Shirt\u201d<\/strong>, una nueva canci\u00f3n que marca su <strong>reencuentro creativo con Brian Eno<\/strong>, y que ya puede escucharse a trav\u00e9s de <strong>Matador<\/strong>. El lanzamiento llega acompa\u00f1ado de un <strong>visualizador<\/strong> que muestra una sucesi\u00f3n de <strong>camisetas con esl\u00f3ganes ir\u00f3nicos y pol\u00edticos<\/strong>, entre ellos <strong>\u201cMake America Gay Again\u201d<\/strong>, <strong>\u201cI\u2019m with stupid\u201d<\/strong> o <strong>\u201cWith a body like this, who needs hair?\u201d<\/strong>, fieles al estilo humor\u00edstico y socialmente incisivo de ambos creadores.<\/p>\n<p>El tema aparece poco despu\u00e9s de que Byrne presentara su \u00e1lbum <strong>Who Is the Sky?<\/strong> el pasado septiembre, afianzando uno de sus a\u00f1os m\u00e1s activos en lo creativo. La colaboraci\u00f3n con Eno supone un nuevo cap\u00edtulo en una relaci\u00f3n art\u00edstica marcada por hitos: desde los <strong>\u00e1lbumes de Talking Heads<\/strong> producidos por Eno hasta el influyente disco conjunto de 1981, <strong>My Life in the Bush of Ghosts<\/strong>, considerado un trabajo clave en la m\u00fasica experimental y situado en el puesto <strong>81 de la lista de Pitchfork \u201cLos 200 mejores \u00e1lbumes de los a\u00f1os 80\u201d<\/strong>.<\/p>\n<p>Con \u201cT Shirt\u201d, Byrne y Eno vuelven a demostrar la vigencia de su qu\u00edmica musical, mezclando s\u00e1tira, cr\u00edtica social y una est\u00e9tica minimalista que potencia el mensaje.<\/p>\n<p>Redacci\u00f3n<\/p>\n<p>Fotograf\u00eda \u00b7 Lynn Goldsmith\/Corbis\/VCG v\u00eda Getty Images<\/p>\n<p>\t&#13;<br \/>\n&#13;<\/p>\n<p>            <a href=\"http:\/\/www.facebook.com\/sharer\/sharer.php?u=https:\/\/www.kissfm.es\/2025\/11\/19\/david-byrne-y-brian-eno-se-reunen-en-t-shirt\/&amp;t=David Byrne y Brian Eno se re\u00fanen en \u201cT Shirt\u201d\" target=\"_blank\" rel=\"noopener noreferrer nofollow\"><img decoding=\"async\" src=\"https:\/\/www.europesays.com\/es\/wp-content\/uploads\/2025\/08\/Facebook.png\" alt=\"\"\/><\/a><br \/>\n            <a href=\"#\" onclick=\"essb_window('https:\/\/twitter.com\/intent\/tweet?text=David Byrne y Brian Eno se re\u00fanen en \u201cT Shirt\u201d&amp;url=https:\/\/www.kissfm.es\/2025\/11\/19\/david-byrne-y-brian-eno-se-reunen-en-t-shirt\/\/&amp;counturl=https:\/\/www.kissfm.es\/2025\/11\/19\/david-byrne-y-brian-eno-se-reunen-en-t-shirt\/&amp;hashtags=\" return=\"\" false=\"\" rel=\"noopener noreferrer\"><img decoding=\"async\" src=\"https:\/\/www.europesays.com\/es\/wp-content\/uploads\/2025\/08\/Twitter.png\" alt=\"\"\/><\/a><br \/>\n        &#13;<br \/>\n        &#13;<br \/>\n<script async src=\"https:\/\/platform.twitter.com\/widgets.js\" charset=\"utf-8\"><\/script><\/p>\n","protected":false},"excerpt":{"rendered":"&#13; &#13; &#13; &#13; David Byrne ha publicado \u201cT Shirt\u201d, una nueva canci\u00f3n que marca su reencuentro creativo&hellip;\n","protected":false},"author":2,"featured_media":250793,"comment_status":"","ping_status":"","sticky":false,"template":"","format":"standard","meta":{"footnotes":""},"categories":[170],"tags":[146,147,25,24,184,185,23],"class_list":{"0":"post-250792","1":"post","2":"type-post","3":"status-publish","4":"format-standard","5":"has-post-thumbnail","7":"category-musica","8":"tag-entertainment","9":"tag-entretenimiento","10":"tag-es","11":"tag-espana","12":"tag-music","13":"tag-musica","14":"tag-spain"},"share_on_mastodon":{"url":"https:\/\/pubeurope.com\/@es\/115596991565671802","error":""},"_links":{"self":[{"href":"https:\/\/www.europesays.com\/es\/wp-json\/wp\/v2\/posts\/250792","targetHints":{"allow":["GET"]}}],"collection":[{"href":"https:\/\/www.europesays.com\/es\/wp-json\/wp\/v2\/posts"}],"about":[{"href":"https:\/\/www.europesays.com\/es\/wp-json\/wp\/v2\/types\/post"}],"author":[{"embeddable":true,"href":"https:\/\/www.europesays.com\/es\/wp-json\/wp\/v2\/users\/2"}],"replies":[{"embeddable":true,"href":"https:\/\/www.europesays.com\/es\/wp-json\/wp\/v2\/comments?post=250792"}],"version-history":[{"count":0,"href":"https:\/\/www.europesays.com\/es\/wp-json\/wp\/v2\/posts\/250792\/revisions"}],"wp:featuredmedia":[{"embeddable":true,"href":"https:\/\/www.europesays.com\/es\/wp-json\/wp\/v2\/media\/250793"}],"wp:attachment":[{"href":"https:\/\/www.europesays.com\/es\/wp-json\/wp\/v2\/media?parent=250792"}],"wp:term":[{"taxonomy":"category","embeddable":true,"href":"https:\/\/www.europesays.com\/es\/wp-json\/wp\/v2\/categories?post=250792"},{"taxonomy":"post_tag","embeddable":true,"href":"https:\/\/www.europesays.com\/es\/wp-json\/wp\/v2\/tags?post=250792"}],"curies":[{"name":"wp","href":"https:\/\/api.w.org\/{rel}","templated":true}]}}