{"id":250796,"date":"2025-11-23T03:57:10","date_gmt":"2025-11-23T03:57:10","guid":{"rendered":"https:\/\/www.europesays.com\/es\/250796\/"},"modified":"2025-11-23T03:57:10","modified_gmt":"2025-11-23T03:57:10","slug":"el-show-de-bertin-consuelo-berlanga-estuve-a-punto-de-morir-electrocutada-en-pleno-directo","status":"publish","type":"post","link":"https:\/\/www.europesays.com\/es\/250796\/","title":{"rendered":"El Show de Bert\u00edn | Consuelo Berlanga: \u00abestuve a punto de morir electrocutada en pleno directo\u00bb"},"content":{"rendered":"<p><a href=\"https:\/\/www.canalsur.es\/El_show_de_Bert\u00c3\u00adn-4513.html\" rel=\"nofollow noopener\" target=\"_blank\"><strong>El Show de Bert\u00edn<\/strong><\/a>\u00a0celebra el <strong>D\u00eda de la Televisi\u00f3n<\/strong> con una de las presentadoras m\u00e1s reconocidas de todos los tiempos: <strong>Consuelo Berlanga.<\/strong><\/p>\n<p>En nuestro Tercer Grado la presentadora nos cuenta c\u00f3mo fue el directo en el instalaron una piscina en el plat\u00f3 y ella, en una improvisaci\u00f3n, decide <strong>meterse dentro con el micr\u00f3fono de cable en la mano<\/strong>. Gracias a <strong>Nieves Herrero<\/strong> que lo impidi\u00f3, pudimos seguir disfrutando de ella y sus programas.<\/p>\n<p>Otro directo en el que la presentadora <strong>se jug\u00f3 la vida<\/strong> fue en un programa al que acude como invitado el cantante <strong>Loquillo<\/strong> y ella, <strong>para reducir estaturas<\/strong>, decide recibirlo montada a caballo. Nunca pens\u00f3 que el animal se podr\u00eda asustar con los aplausos del publico.<\/p>\n<p>Pero no todo han sido sustos, tambi\u00e9n nos cuenta an\u00e9cdotas divertidas como la que vivi\u00f3 con<strong> M\u00aa Teresa Campos<\/strong> dentro de un armario o el casting donde ella acudi\u00f3 y en el que <strong>Pen\u00e9lope Cruz<\/strong> fue rechazada.<\/p>\n<p><strong>\u00a1Cliquea en el v\u00eddeo para saber c\u00f3mo acaban esas an\u00e9cdotas!<\/strong><\/p>\n","protected":false},"excerpt":{"rendered":"El Show de Bert\u00edn\u00a0celebra el D\u00eda de la Televisi\u00f3n con una de las presentadoras m\u00e1s reconocidas de todos&hellip;\n","protected":false},"author":2,"featured_media":250797,"comment_status":"","ping_status":"","sticky":false,"template":"","format":"standard","meta":{"footnotes":""},"categories":[91],"tags":[63545,44303,63547,146,147,25,24,33025,18905,63548,22111,23,63546],"class_list":{"0":"post-250796","1":"post","2":"type-post","3":"status-publish","4":"format-standard","5":"has-post-thumbnail","7":"category-entretenimiento","8":"tag-consuelo-berlanga","9":"tag-el-show-de-bertin","10":"tag-electrocutada","11":"tag-entertainment","12":"tag-entretenimiento","13":"tag-es","14":"tag-espana","15":"tag-loquillo","16":"tag-maria-teresa-campos","17":"tag-nieves-herrero","18":"tag-penelope-cruz","19":"tag-spain","20":"tag-tercer-grado"},"share_on_mastodon":{"url":"https:\/\/pubeurope.com\/@es\/115597006785089435","error":""},"_links":{"self":[{"href":"https:\/\/www.europesays.com\/es\/wp-json\/wp\/v2\/posts\/250796","targetHints":{"allow":["GET"]}}],"collection":[{"href":"https:\/\/www.europesays.com\/es\/wp-json\/wp\/v2\/posts"}],"about":[{"href":"https:\/\/www.europesays.com\/es\/wp-json\/wp\/v2\/types\/post"}],"author":[{"embeddable":true,"href":"https:\/\/www.europesays.com\/es\/wp-json\/wp\/v2\/users\/2"}],"replies":[{"embeddable":true,"href":"https:\/\/www.europesays.com\/es\/wp-json\/wp\/v2\/comments?post=250796"}],"version-history":[{"count":0,"href":"https:\/\/www.europesays.com\/es\/wp-json\/wp\/v2\/posts\/250796\/revisions"}],"wp:featuredmedia":[{"embeddable":true,"href":"https:\/\/www.europesays.com\/es\/wp-json\/wp\/v2\/media\/250797"}],"wp:attachment":[{"href":"https:\/\/www.europesays.com\/es\/wp-json\/wp\/v2\/media?parent=250796"}],"wp:term":[{"taxonomy":"category","embeddable":true,"href":"https:\/\/www.europesays.com\/es\/wp-json\/wp\/v2\/categories?post=250796"},{"taxonomy":"post_tag","embeddable":true,"href":"https:\/\/www.europesays.com\/es\/wp-json\/wp\/v2\/tags?post=250796"}],"curies":[{"name":"wp","href":"https:\/\/api.w.org\/{rel}","templated":true}]}}