{"id":250798,"date":"2025-11-23T03:59:18","date_gmt":"2025-11-23T03:59:18","guid":{"rendered":"https:\/\/www.europesays.com\/es\/250798\/"},"modified":"2025-11-23T03:59:18","modified_gmt":"2025-11-23T03:59:18","slug":"ha-ocupado-la-primera-posicion-en-31-meses-de-los-ultimos-3-anos","status":"publish","type":"post","link":"https:\/\/www.europesays.com\/es\/250798\/","title":{"rendered":"ha ocupado la primera posici\u00f3n en 31 meses de los \u00faltimos 3 a\u00f1os"},"content":{"rendered":"<p>            Las claves<\/p>\n<p>\n                nuevo<br \/>\n                Generado con IA\n            <\/p>\n<p>        <a class=\"key__news__heading--closed-content\" href=\"http:\/\/www.elespanol.com\/suscripciones\/#utm_source=internal&amp;utm_medium=claves\" rel=\"nofollow noopener\" target=\"_blank\"><\/p>\n<p class=\"item--text\">\n                            EL ESPA\u00d1OL cumple diez a\u00f1os consolid\u00e1ndose como l\u00edder de la prensa en Espa\u00f1a, ocupando la primera posici\u00f3n en 31 de los \u00faltimos 36 meses seg\u00fan GfK Dam.\n                        <\/p>\n<p class=\"item--text\">\n                            El diario ha sido l\u00edder en el 86% de las mediciones desde noviembre de 2022, superando a medios como El Pa\u00eds y El Mundo en audiencia digital.\n                        <\/p>\n<p class=\"item--text\">\n                            Durante 25 meses consecutivos, EL ESPA\u00d1OL fue el peri\u00f3dico digital preferido por los espa\u00f1oles, incluso enfrentando ciberataques que afectaron su trayectoria.\n                        <\/p>\n<p class=\"item--text\">\n                            EL ESPA\u00d1OL celebra su d\u00e9cimo aniversario tras recuperar el liderazgo en octubre, manteniendo su apuesta por la calidad, la influencia y la b\u00fasqueda de audiencia.\n                        <\/p>\n<p class=\"paragraph\" id=\"paragraph_1\">EL ESPA\u00d1OL cumple diez a\u00f1os de vida. Una efem\u00e9ride a la que <strong>este diario llega como l\u00edder total de la prensa en Espa\u00f1a<\/strong>. <a href=\"https:\/\/www.elespanol.com\/invertia\/medios\/20251119\/gfk_dam-periodico_el_espaNol-audiencia_de_medios-medios\/1003744020134_0.html?utm_cmp_rs=linksinline\" rel=\"nofollow noopener\" target=\"_blank\">En octubre recuper\u00f3 la primera posici\u00f3n<\/a>, un puesto que ha ocupado durante 31 meses en los \u00faltimos tres a\u00f1os.<\/p>\n<p class=\"paragraph\" id=\"paragraph_2\">Es decir, ha sido l\u00edder <strong>en el 86% de las mediciones que GfK Dam ha efectuado desde noviembre de 2022.<\/strong><\/p>\n<p class=\"paragraph\" id=\"paragraph_3\">La fecha escogida no es balad\u00ed. Aunque es cierto que el medidor recomendado empez\u00f3 a funcionar en enero de ese mismo a\u00f1o, este diario no se incorpor\u00f3 hasta agosto.<\/p>\n<p class=\"paragraph\" id=\"paragraph_4\">Pero m\u00e1s importante es que <strong>fue precisamente en noviembre de ese a\u00f1o cuando se complet\u00f3 el despliegue comprometido con la industria por parte de GfK Dam<\/strong> y se comenz\u00f3 a atribuir a cada medio el tr\u00e1fico procedente de Google AMP y Facebook Instant Articles.<\/p>\n<p class=\"paragraph\" id=\"paragraph_5\">Fue entonces cuando las mediciones ten\u00edan la consistencia requerida por el sector. Y ya ese mes este diario fue l\u00edder de la prensa en Espa\u00f1a con algo m\u00e1s de 16,6 millones de usuarios \u00fanicos.<\/p>\n<p class=\"paragraph\" id=\"paragraph_6\">Le segu\u00edan El Pa\u00eds con 16,5 millones de seguidores y El Mundo que rozaba entonces los 15 millones de fieles.<\/p>\n<p class=\"paragraph\" id=\"paragraph_7\">Comenz\u00f3 entonces<strong> una etapa de alternancia en el reinado de la prensa<\/strong> en la que El Pa\u00eds ocupaba los primeros puestos.<\/p>\n<p class=\"paragraph\" id=\"paragraph_8\"><strong>En febrero de 2023 este diario logr\u00f3 encadenar tres meses como l\u00edder de GfK<\/strong>. Un hito nunca visto en la prensa europea, puesto que EL ESPA\u00d1OL carece de cualquier tipo de respaldo de una edici\u00f3n impresa detr\u00e1s como ocurre con los legacy.<\/p>\n<p class=\"paragraph\" id=\"paragraph_9\">La actualidad, el trabajo de los competidores y los caprichos del algoritmo de Google hicieron que entre mayo y julio de ese a\u00f1o hubiera tres l\u00edderes distintos: La Vanguardia, EL ESPA\u00d1OL y El Pa\u00eds.<\/p>\n<p class=\"paragraph\" id=\"paragraph_10\">Pero fue en agosto de 2023, tras las Elecciones generales de ese a\u00f1o, cuando este diario comenzaba su mejor racha de audiencia y marc\u00f3 un hito en la historia de la prensa espa\u00f1ola.<\/p>\n<p class=\"paragraph\" id=\"paragraph_11\"><strong>Durante 25 meses consecutivos<\/strong> el diario que preside y dirige Pedro J. Ram\u00edrez <strong>fue l\u00edder indiscutible de la prensa espa\u00f1ola<\/strong>. El peri\u00f3dico preferido de los espa\u00f1oles para informarse en momentos de alta intensidad informativa.<\/p>\n<p class=\"paragraph\" id=\"paragraph_12\">Lo fue hasta el pasado mes de septiembre, cuando <strong>una cadena de ciberataques que comenzaron los \u00faltimos d\u00edas de agosto trunc\u00f3 la s\u00f3lida trayectoria<\/strong> de este diario.<\/p>\n<p class=\"paragraph\" id=\"paragraph_13\">Entretanto, se denunciaron los hechos acontecidos y que intentaban acallar nuestra voz. La Unidad de Delitos Inform\u00e1ticos de la Guardia Civil investiga ya los hechos ocurridos y los ataques contra este diario que se produjeron en cinco frentes:<\/p>\n<p class=\"paragraph\" id=\"paragraph_14\">&#8211; Una <strong>suplantaci\u00f3n de identidad<\/strong> mediante un proxy malicioso y un ataque de intoxicaci\u00f3n SEO.<br \/>&#8211; La apropiaci\u00f3n de credenciales para realizar env\u00edos de <strong>correos phishing<\/strong>.<br \/>&#8211; <strong>Denuncias falsas<\/strong> masivas contra nuestras publicaciones en redes sociales.<br \/>&#8211; Manipulaci\u00f3n del <strong>p\u00edxel de Facebook<\/strong> (Meta).<br \/>&#8211; Un <strong>intento de estafa<\/strong> a la direcci\u00f3n del peri\u00f3dico a trav\u00e9s de correos electr\u00f3nicos.<\/p>\n<p class=\"paragraph\" id=\"paragraph_15\">Un intenso trabajo del equipo t\u00e9cnico y la redacci\u00f3n de EL ESPA\u00d1OL en las \u00faltimas semanas ha permitido que en octubre el le\u00f3n de EL ESPA\u00d1OL vuelva a rugir desde la primera posici\u00f3n.<\/p>\n<p class=\"paragraph\" id=\"paragraph_16\">Desde el puesto m\u00e1s alto del podio de la prensa, <strong>este diario cumple su X aniversario<\/strong>. Lo celebrar\u00e1 el pr\u00f3ximo lunes con todos sus trabajadores, colaboradores y amigos.<\/p>\n<p class=\"paragraph\" id=\"paragraph_17\">Se abre una nueva e intensa etapa en la que <strong>esos 31 meses de los \u00faltimos 36 como l\u00edder indiscutible<\/strong> nos sirven como acicate para seguir apostando por la calidad, la b\u00fasqueda de la audiencia, de la influencia y para sostener los valores que nos han tra\u00eddo hasta aqu\u00ed.<\/p>\n","protected":false},"excerpt":{"rendered":"Las claves nuevo Generado con IA EL ESPA\u00d1OL cumple diez a\u00f1os consolid\u00e1ndose como l\u00edder de la prensa en&hellip;\n","protected":false},"author":2,"featured_media":250799,"comment_status":"","ping_status":"","sticky":false,"template":"","format":"standard","meta":{"footnotes":""},"categories":[80],"tags":[63549,82,95,94,25,24,1827,2950,43189,23],"class_list":{"0":"post-250798","1":"post","2":"type-post","3":"status-publish","4":"format-standard","5":"has-post-thumbnail","7":"category-economia","8":"tag-audiencia-de-medios","9":"tag-business","10":"tag-economia","11":"tag-economy","12":"tag-es","13":"tag-espana","14":"tag-medios","15":"tag-medios-de-comunicacion","16":"tag-periodico-el-espanol","17":"tag-spain"},"share_on_mastodon":{"url":"https:\/\/pubeurope.com\/@es\/115597014862776825","error":""},"_links":{"self":[{"href":"https:\/\/www.europesays.com\/es\/wp-json\/wp\/v2\/posts\/250798","targetHints":{"allow":["GET"]}}],"collection":[{"href":"https:\/\/www.europesays.com\/es\/wp-json\/wp\/v2\/posts"}],"about":[{"href":"https:\/\/www.europesays.com\/es\/wp-json\/wp\/v2\/types\/post"}],"author":[{"embeddable":true,"href":"https:\/\/www.europesays.com\/es\/wp-json\/wp\/v2\/users\/2"}],"replies":[{"embeddable":true,"href":"https:\/\/www.europesays.com\/es\/wp-json\/wp\/v2\/comments?post=250798"}],"version-history":[{"count":0,"href":"https:\/\/www.europesays.com\/es\/wp-json\/wp\/v2\/posts\/250798\/revisions"}],"wp:featuredmedia":[{"embeddable":true,"href":"https:\/\/www.europesays.com\/es\/wp-json\/wp\/v2\/media\/250799"}],"wp:attachment":[{"href":"https:\/\/www.europesays.com\/es\/wp-json\/wp\/v2\/media?parent=250798"}],"wp:term":[{"taxonomy":"category","embeddable":true,"href":"https:\/\/www.europesays.com\/es\/wp-json\/wp\/v2\/categories?post=250798"},{"taxonomy":"post_tag","embeddable":true,"href":"https:\/\/www.europesays.com\/es\/wp-json\/wp\/v2\/tags?post=250798"}],"curies":[{"name":"wp","href":"https:\/\/api.w.org\/{rel}","templated":true}]}}