{"id":2508,"date":"2025-07-25T15:33:09","date_gmt":"2025-07-25T15:33:09","guid":{"rendered":"https:\/\/www.europesays.com\/es\/2508\/"},"modified":"2025-07-25T15:33:09","modified_gmt":"2025-07-25T15:33:09","slug":"el-pp-exige-que-diputacion-costee-el-certamen-guadalajara-busca-torero-con-igualdad-de-trato-para-todos-los-ayuntamientos-nuevaalcarria","status":"publish","type":"post","link":"https:\/\/www.europesays.com\/es\/2508\/","title":{"rendered":"El PP exige que Diputaci\u00f3n costee el certamen &#8216;Guadalajara busca torero&#8217; con igualdad de trato para todos los ayuntamientos | NuevaAlcarria"},"content":{"rendered":"<p>El portavoz del Grupo Popular en la Diputaci\u00f3n de Guadalajara, Rom\u00e1n Garc\u00eda, ha exigido un \u00abtrato igualitario\u00bb para los pueblos que participan en el certamen &#8216;Guadalajara busca torero&#8217; y que lo costee en igualdad de condiciones para todos los ayuntamientos participantes.<\/p>\n<p>Garc\u00eda ha explicado que, \u00abpor primera vez, la Diputaci\u00f3n ha tomado la decisi\u00f3n de destinar 30.000 euros \u00fanica y exclusivamente para pagar la final en Brihuega, mientras el resto de pueblos tienen que asumir el coste de sus festejos taurinos\u00bb.<\/p>\n<p>En una rueda de prensa, acompa\u00f1ado por alcaldes y concejales de ayuntamientos incluidos en dicho certamen, tanto el portavoz como el viceportavoz, Javier del R\u00edo, tambi\u00e9n alcalde de Pareja &#8211;municipio participante&#8211; han realizado una manifestaci\u00f3n f\u00e9rrea en defensa de la tauromaquia, \u00abtan arraigada de forma orgullosa en nuestra provincia\u00bb.<\/p>\n<p>Garc\u00eda ha reivindicado \u00abla nobleza que se ha de tener tambi\u00e9n para con los ayuntamientos que la fomentan y sostienen\u00bb en lo que ha calificado \u00abla pen\u00faltima alcaldada de Jos\u00e9 Luis Vega como presidente de la Diputaci\u00f3n.<\/p>\n<p>El portavoz del PP ha se\u00f1alado que Vega \u00abha tenido que modificar el presupuesto para a\u00f1adir 22.000 euros a la partida con la que financiar de forma dirigida la totalidad de una novillada en Brihuega, como final del certamen, con la justificaci\u00f3n enga\u00f1osa de ligarla al D\u00eda de la Provincia\u00bb.<\/p>\n<p>El cual, ha a\u00f1adido Rom\u00e1n Garc\u00eda, \u00abya cuenta con una partida nada menor de 450.000 euros para actos y conciertos escogidos tambi\u00e9n por el Gobierno Provincial, y que no se utiliza para esta cuesti\u00f3n cuando habr\u00eda sido lo l\u00f3gico\u00bb, tal y como ha informado el PP en nota de prensa.<\/p>\n<p>\u00abEl se\u00f1or Vega est\u00e1 le est\u00e1 haciendo un flaco favor a este certamen, est\u00e1 tratando de utilizarlo y ponerlo en contra de los ayuntamientos que sostienen este ciclo taurino sufragando los costes de los festejos en sus pueblos\u00bb, ha subrayado Garc\u00eda. Adem\u00e1s, ha a\u00f1adido, \u00abesto se ha fraguado de forma enga\u00f1osa, sin informaci\u00f3n de antemano y ocultando este hecho hasta despu\u00e9s de la presentaci\u00f3n p\u00fablica en rueda de prensa\u00bb.<\/p>\n<p>&#13;<br \/>\n  &#13;<\/p>\n<p>Por todo ello, ha insistido, han reclamado que la Diputaci\u00f3n \u00abcostee en la misma proporci\u00f3n que la final el resto de festejos taurinos del certamen &#8216;Guadalajara busca torero&#8217;, los cuales son fundamentales y son asumidos por los ayuntamientos con no pocos esfuerzos\u00bb.<\/p>\n<p>\u00abTRATO DISCRIMINATORIO\u00bb<\/p>\n<p>Por su parte, el viceportavoz del PP, Javier del R\u00edo, ha expresado tambi\u00e9n su queja como representante de uno de los pueblos participantes del certamen por el \u00abtrato discriminatorio\u00bb de Vega y le ha pedido \u00abque rectifique, que aporte dinero para todos los municipios participantes con un trato igualitario y equitativo.<\/p>\n<p>De lo contrario, ha expresado, en los pr\u00f3ximos ejercicios muchos ayuntamientos \u00abno vamos a participar en un certamen que entendemos que, hasta ahora hab\u00eda sido positivo para la fiesta nacional, para todos los profesionales que la rodean, aficionados, y por supuesto para nuestras localidades\u00bb.<\/p>\n<p>\u00abVega olvida\u00bb, ha incidido Del R\u00edo, \u00abque para que haya final, en este caso pagada por Diputaci\u00f3n, y para que haya certamen, ha de haber clases pr\u00e1cticas y novilladas previas, que asumen \u00edntegramente los ayuntamientos; con ello, se produce un importante agravio, dado que todas las localidades pagan sus festejos y una solo recibe ayuda: 11 pagamos y a una le sale gratis y, por tanto, se incumple el objeto del convenio\u00bb.<\/p>\n<p>El viceportavoz del PP en la Diputaci\u00f3n ha querido dejar claro que le parece \u00abmuy bien que se organice en Brihuega la final del certamen este a\u00f1o, como otros a\u00f1os la ha organizado Jadraque, o Yebra, o Mond\u00e9jar, o cualquier otra localidad de esta provincia, pero lo que no es de justicia es que se pague \u00edntegramente este a\u00f1o a uno solo, y a los dem\u00e1s municipios nos cueste dinero\u00bb.<\/p>\n<p>Tal y como indica el PP, el certamen, organizado por el CITAR (Centro Internacional de Tauromaquia y Alto Rendimiento), consta en esta edici\u00f3n de 12 festejos taurinos que tendr\u00e1n lugar en Mond\u00e9jar, Tamaj\u00f3n, Atienza, Fuentelencina, Pareja, Torija, Trillo, Horche, Almonacid de Zorita, Yebra, Alcocer y Brihuega.<\/p>\n","protected":false},"excerpt":{"rendered":"El portavoz del Grupo Popular en la Diputaci\u00f3n de Guadalajara, Rom\u00e1n Garc\u00eda, ha exigido un \u00abtrato igualitario\u00bb para&hellip;\n","protected":false},"author":2,"featured_media":2509,"comment_status":"","ping_status":"","sticky":false,"template":"","format":"standard","meta":{"footnotes":""},"categories":[277],"tags":[442,373,168,25,24,439,441,443,440,956,23,167,374],"class_list":{"0":"post-2508","1":"post","2":"type-post","3":"status-publish","4":"format-standard","5":"has-post-thumbnail","7":"category-toreo","8":"tag-actualidad-guadalajara","9":"tag-bullfighting","10":"tag-deportes","11":"tag-es","12":"tag-espana","13":"tag-guadalajara","14":"tag-informacion-guadalajara","15":"tag-noticias-guadalajara","16":"tag-nueva-alcarria","17":"tag-pp","18":"tag-spain","19":"tag-sports","20":"tag-toreo"},"share_on_mastodon":{"url":"","error":""},"_links":{"self":[{"href":"https:\/\/www.europesays.com\/es\/wp-json\/wp\/v2\/posts\/2508","targetHints":{"allow":["GET"]}}],"collection":[{"href":"https:\/\/www.europesays.com\/es\/wp-json\/wp\/v2\/posts"}],"about":[{"href":"https:\/\/www.europesays.com\/es\/wp-json\/wp\/v2\/types\/post"}],"author":[{"embeddable":true,"href":"https:\/\/www.europesays.com\/es\/wp-json\/wp\/v2\/users\/2"}],"replies":[{"embeddable":true,"href":"https:\/\/www.europesays.com\/es\/wp-json\/wp\/v2\/comments?post=2508"}],"version-history":[{"count":0,"href":"https:\/\/www.europesays.com\/es\/wp-json\/wp\/v2\/posts\/2508\/revisions"}],"wp:featuredmedia":[{"embeddable":true,"href":"https:\/\/www.europesays.com\/es\/wp-json\/wp\/v2\/media\/2509"}],"wp:attachment":[{"href":"https:\/\/www.europesays.com\/es\/wp-json\/wp\/v2\/media?parent=2508"}],"wp:term":[{"taxonomy":"category","embeddable":true,"href":"https:\/\/www.europesays.com\/es\/wp-json\/wp\/v2\/categories?post=2508"},{"taxonomy":"post_tag","embeddable":true,"href":"https:\/\/www.europesays.com\/es\/wp-json\/wp\/v2\/tags?post=2508"}],"curies":[{"name":"wp","href":"https:\/\/api.w.org\/{rel}","templated":true}]}}