{"id":250800,"date":"2025-11-23T04:00:08","date_gmt":"2025-11-23T04:00:08","guid":{"rendered":"https:\/\/www.europesays.com\/es\/250800\/"},"modified":"2025-11-23T04:00:08","modified_gmt":"2025-11-23T04:00:08","slug":"guerra-ucrania-rusia-hoy-ultima-hora-en-directo-2","status":"publish","type":"post","link":"https:\/\/www.europesays.com\/es\/250800\/","title":{"rendered":"Guerra Ucrania \u2013 Rusia hoy: \u00faltima hora en directo"},"content":{"rendered":"<p><a href=\"https:\/\/www.rtve.es\/noticias\/20251122\/ucrania-eeuu-ue-reunion-ginebra-plan-paz-trump\/16827384.shtml\" rel=\"nofollow noopener\" target=\"_blank\">Ucrania, Estados Unidos y varios pa\u00edses de la UE se re\u00fanen en Ginebra para tratar el plan de paz de Trump<\/a><\/p>\n<p>\u00a0<\/p>\n<p>Ucrania, Estados Unidos y varios pa\u00edses de la Uni\u00f3n Europea se re\u00fanen este domingo en la ciudad suiza de Ginebra para tratar el plan de paz planteado por el presidente estadounidense, Donald Trump.<\/p>\n<p>\u00a0<\/p>\n<p>La delegaci\u00f3n ucraniana estar\u00e1 encabezada por el jefe de gabinete del presidente, Andr\u00ed Yermak, y el jefe negociador, Rustem Um\u00e9rov.<\/p>\n<p>\u00a0<\/p>\n<p>De parte de la Administraci\u00f3n estadounidense, acudir\u00e1n el secretario del Ej\u00e9rcito, Dan Driscoll, quien entreg\u00f3 el jueves al presidente ucraniano el borrador en Kiev, el secretario de Estado, Marco Rubio, y el enviado especial para misiones de paz, Steve Witkoff, quien \u2014seg\u00fan medios estadounidenses\u2014 habr\u00eda elaborado el plan junto al negociador ruso, Kiril Dm\u00edtriev.<\/p>\n<p>\u00a0<\/p>\n<p>Por \u00faltimo, a la reuni\u00f3n asistir\u00e1n tambi\u00e9n los asesores de pol\u00edtica exterior de Alemania, Francia, Reino Unido e Italia.<\/p>\n","protected":false},"excerpt":{"rendered":"Ucrania, Estados Unidos y varios pa\u00edses de la UE se re\u00fanen en Ginebra para tratar el plan de&hellip;\n","protected":false},"author":2,"featured_media":250801,"comment_status":"","ping_status":"","sticky":false,"template":"","format":"standard","meta":{"footnotes":""},"categories":[42],"tags":[17,18,13,14,11,61,62,63,64,19,20,9,10,15,16,12,21,22,65,66,67],"class_list":{"0":"post-250800","1":"post","2":"type-post","3":"status-publish","4":"format-standard","5":"has-post-thumbnail","7":"category-internacional","8":"tag-breaking-news","9":"tag-breakingnews","10":"tag-featured-news","11":"tag-featurednews","12":"tag-headlines","13":"tag-internacional","14":"tag-international","15":"tag-international-news","16":"tag-internationalnews","17":"tag-latest-news","18":"tag-latestnews","19":"tag-news","20":"tag-noticias","21":"tag-noticias-destacadas","22":"tag-noticiasdestacadas","23":"tag-titulares","24":"tag-ultimas-noticias","25":"tag-ultimasnoticias","26":"tag-world","27":"tag-world-news","28":"tag-worldnews"},"share_on_mastodon":{"url":"https:\/\/pubeurope.com\/@es\/115597018605868613","error":""},"_links":{"self":[{"href":"https:\/\/www.europesays.com\/es\/wp-json\/wp\/v2\/posts\/250800","targetHints":{"allow":["GET"]}}],"collection":[{"href":"https:\/\/www.europesays.com\/es\/wp-json\/wp\/v2\/posts"}],"about":[{"href":"https:\/\/www.europesays.com\/es\/wp-json\/wp\/v2\/types\/post"}],"author":[{"embeddable":true,"href":"https:\/\/www.europesays.com\/es\/wp-json\/wp\/v2\/users\/2"}],"replies":[{"embeddable":true,"href":"https:\/\/www.europesays.com\/es\/wp-json\/wp\/v2\/comments?post=250800"}],"version-history":[{"count":0,"href":"https:\/\/www.europesays.com\/es\/wp-json\/wp\/v2\/posts\/250800\/revisions"}],"wp:featuredmedia":[{"embeddable":true,"href":"https:\/\/www.europesays.com\/es\/wp-json\/wp\/v2\/media\/250801"}],"wp:attachment":[{"href":"https:\/\/www.europesays.com\/es\/wp-json\/wp\/v2\/media?parent=250800"}],"wp:term":[{"taxonomy":"category","embeddable":true,"href":"https:\/\/www.europesays.com\/es\/wp-json\/wp\/v2\/categories?post=250800"},{"taxonomy":"post_tag","embeddable":true,"href":"https:\/\/www.europesays.com\/es\/wp-json\/wp\/v2\/tags?post=250800"}],"curies":[{"name":"wp","href":"https:\/\/api.w.org\/{rel}","templated":true}]}}