{"id":250810,"date":"2025-11-23T04:13:20","date_gmt":"2025-11-23T04:13:20","guid":{"rendered":"https:\/\/www.europesays.com\/es\/250810\/"},"modified":"2025-11-23T04:13:20","modified_gmt":"2025-11-23T04:13:20","slug":"el-polemico-plan-de-josep-maria-mainat-para-vivir-120-anos","status":"publish","type":"post","link":"https:\/\/www.europesays.com\/es\/250810\/","title":{"rendered":"El pol\u00e9mico plan de Josep Maria Mainat para vivir 120 a\u00f1os"},"content":{"rendered":"<p data-start=\"276\" data-end=\"1052\"><a href=\"https:\/\/okdiario.com\/look\/actualidad\/josep-maria-mainat-llora-perdida-toni-cruz-tanatorio-era-hermano-2337266\" rel=\"nofollow noopener\" target=\"_blank\">Josep Maria Mainat<\/a>, conocido por haber formado parte de La Trinca y por ser uno de los creadores de la televisi\u00f3n moderna en Espa\u00f1a gracias a Gestmusic, asegura que hoy, con 79 a\u00f1os, se siente m\u00e1s joven que hace dos d\u00e9cadas. Su transformaci\u00f3n no solo sorprende por el cambio f\u00edsico, sino por el intenso debate m\u00e9dico que ha provocado. Mientras \u00e9l sostiene que la vejez es \u00abuna enfermedad curable\u00bb y que puede devolver a su organismo el equilibrio hormonal \u00abde cuando ten\u00eda 40 a\u00f1os\u00bb, numerosos especialistas recuerdan que intervenir en <strong>el sistema endocrino no es un juego<\/strong> inocente ni una v\u00eda garantizada hacia una vida m\u00e1s larga. Lo que para \u00e9l representa una especie de renacimiento, para la comunidad m\u00e9dica exige prudencia, control y una vigilancia profesional muy estricta.<\/p>\n<p data-start=\"1054\" data-end=\"1812\">El veterano comunicador admite que lleg\u00f3 a este punto despu\u00e9s de tocar fondo. A los 50 a\u00f1os, tras d\u00e9cadas de trabajo, giras y proyectos, su salud estaba completamente deteriorada: arrastraba <strong>25 kilos de m\u00e1s<\/strong>, com\u00eda sin orden, no hac\u00eda ejercicio y fumaba dos paquetes al d\u00eda. Ten\u00eda ataques de gota, colesterol disparado y la sensaci\u00f3n de que su cuerpo le ped\u00eda un cambio urgente. Aquella crisis lo empuj\u00f3 a reconstruirse desde cero. Dej\u00f3 los malos h\u00e1bitos, <strong>perdi\u00f3 peso<\/strong>, empez\u00f3 a entrenar y adopt\u00f3 un estilo de vida centrado en la actividad f\u00edsica, la suplementaci\u00f3n, las duchas fr\u00edas y un seguimiento constante de sus par\u00e1metros corporales. Hasta ese momento, su recorrido no se desviaba demasiado del de cualquier persona que decide tomarse la salud en serio.<\/p>\n<p>\n<img decoding=\"async\" loading=\"lazy\" class=\"wp-image-2430916 size-full\" alt=\"Josep Maria Mainat realizando una inmersi\u00f3n en agua con hielo en un barre\u00f1o al aire libre. (Foto: Redes Sociales)\" width=\"1200\" height=\"954\"  src=\"https:\/\/www.europesays.com\/es\/wp-content\/uploads\/2025\/10\/placeholder.jpg\"  bad-src=\"https:\/\/www.europesays.com\/es\/wp-content\/uploads\/2025\/10\/placeholder.jpg\"\/><\/p>\n<p><img decoding=\"async\" loading=\"lazy\" class=\"wp-image-2430916 size-full\" src=\"https:\/\/www.europesays.com\/es\/wp-content\/uploads\/2025\/11\/captura-de-pantalla-2025-11-20-a-las-10.56.38.jpg\" alt=\"Josep Maria Mainat realizando una inmersi\u00f3n en agua con hielo en un barre\u00f1o al aire libre. (Foto: Redes Sociales)\" width=\"1200\" height=\"954\"  \/><\/p>\n<p> Josep Maria Mainat realizando una inmersi\u00f3n en agua con hielo en un barre\u00f1o al aire libre. (Foto: Redes Sociales)\n<\/p>\n<p>Su objetivo es llegar a los 120 a\u00f1os<\/p>\n<p data-start=\"1814\" data-end=\"2206\">La controversia lleg\u00f3 despu\u00e9s. Ha invertido<strong> m\u00e1s de 200.000 euros<\/strong> en un plan de longevidad basado en una<strong> inyecci\u00f3n mensual de testosterona<\/strong> y una <strong>dosis diaria de hormona del crecimiento<\/strong>. \u00c9l lo describe como un proceso minucioso, comparable a \u00abafinar una orquesta sinf\u00f3nica\u00bb, donde cada hormona debe ajustarse para que el cuerpo mantenga la armon\u00eda. Su meta declarada es <strong>alcanzar los 120 a\u00f1os<\/strong>.<\/p>\n<p>\n<img decoding=\"async\" loading=\"lazy\" class=\"wp-image-2430921 size-full\" alt=\"Mainat haci\u00e9ndose un selfi en el ba\u00f1o, con camisa estampada abierta y gafas de sol. (Foto: Redes Sociales)\" width=\"1200\" height=\"2274\"  src=\"https:\/\/www.europesays.com\/es\/wp-content\/uploads\/2025\/10\/placeholder.jpg\"  bad-src=\"https:\/\/www.europesays.com\/es\/wp-content\/uploads\/2025\/10\/placeholder.jpg\"\/><\/p>\n<p><img decoding=\"async\" loading=\"lazy\" class=\"wp-image-2430921 size-full\" src=\"https:\/\/www.europesays.com\/es\/wp-content\/uploads\/2025\/11\/captura-de-pantalla-2025-11-20-a-las-10.56.17.jpg\" alt=\"Mainat haci\u00e9ndose un selfi en el ba\u00f1o, con camisa estampada abierta y gafas de sol. (Foto: Redes Sociales)\" width=\"1200\" height=\"2274\"  \/><\/p>\n<p> Mainat haci\u00e9ndose un selfi en el ba\u00f1o, con camisa estampada abierta y gafas de sol. (Foto: Redes Sociales)\n<\/p>\n<p data-start=\"2208\" data-end=\"3055\">Los expertos consultados por Look insisten en que este tipo de intervenciones no son simples herramientas de bienestar, sino tratamientos m\u00e9dicos con repercusiones profundas. Entre las voces m\u00e1s cr\u00edticas est\u00e1 <strong>Mariola Corega<\/strong>, <strong>bicampeona del mundo de fuerza y resistencia<\/strong> y referente en salud femenina y biomec\u00e1nica. Tras m\u00e1s de cuarenta a\u00f1os de experiencia, lo resume de forma tajante: \u00abLas hormonas no son el problema, lo es jugar a ser endocrino\u00bb. Recuerda que la testosterona y la hormona del crecimiento tienen finalidades cl\u00ednicas muy concretas y que, fuera de ese contexto, pueden alterar el h\u00edgado, la glucemia o incluso influir en procesos tumorales.<\/p>\n<p data-start=\"2208\" data-end=\"3055\">Para ella, la receta de la longevidad es mucho m\u00e1s sencilla: moverse, alimentarse bien, descansar y encontrar prop\u00f3sito. \u00abTodo lo dem\u00e1s -crioterapia, biohacking o inyecciones- son accesorios caros.\u201d<\/p>\n<p data-start=\"3057\" data-end=\"3422\">Sobre el auge del <strong>fr\u00edo extremo<\/strong> tambi\u00e9n aporta matices. Explica que el agua a bajas temperaturas no rejuvenece, sino que recalibra: activa el sistema nervioso simp\u00e1tico, libera dopamina, reduce la inflamaci\u00f3n y mejora la circulaci\u00f3n. Pero advierte de que no es una pr\u00e1ctica apta para todo el mundo. Quien tenga la tensi\u00f3n alta o llegue agotado no deber\u00eda intentarlo.<\/p>\n<p>\n<img decoding=\"async\" loading=\"lazy\" class=\"wp-image-2430913 size-full\" alt=\"Josep Maria Mainat presume de dentadura impecable. (Foto: Redes Sociales)\" width=\"1200\" height=\"1191\"  src=\"https:\/\/www.europesays.com\/es\/wp-content\/uploads\/2025\/10\/placeholder.jpg\"  bad-src=\"https:\/\/www.europesays.com\/es\/wp-content\/uploads\/2025\/10\/placeholder.jpg\"\/><\/p>\n<p><img decoding=\"async\" loading=\"lazy\" class=\"wp-image-2430913 size-full\" src=\"https:\/\/www.europesays.com\/es\/wp-content\/uploads\/2025\/11\/captura-de-pantalla-2025-11-20-a-las-10.55.54.jpg\" alt=\"Josep Maria Mainat presume de dentadura impecable. (Foto: Redes Sociales)\" width=\"1200\" height=\"1191\"  \/><\/p>\n<p> Josep Maria Mainat presume de dentadura impecable. (Foto: Redes Sociales)\n<\/p>\n<p data-start=\"3424\" data-end=\"4127\">El doctor <strong>Jes\u00fas Esquide<\/strong>, especialista en envejecimiento en la<strong> Cl\u00ednica Longevytum,<\/strong> coincide en marcar distancia entre evidencia y entusiasmo. Asegura que los ba\u00f1os fr\u00edos pueden ayudar a manejar el estr\u00e9s durante unas 12 horas y acelerar la recuperaci\u00f3n muscular si se realizan entre 10 y 15 grados, pero invita a desconfiar de las promesas grandilocuentes: \u00ab<strong>Aqu\u00ed hay mucho marketing\u00bb<\/strong>.<\/p>\n<p>\n<img decoding=\"async\" loading=\"lazy\" class=\"wp-image-2430914 size-full\" alt=\"Una imagen antigua de Josep Maria Mainat. (Foto: Redes Sociales)\" width=\"1200\" height=\"1492\"  src=\"https:\/\/www.europesays.com\/es\/wp-content\/uploads\/2025\/10\/placeholder.jpg\"  bad-src=\"https:\/\/www.europesays.com\/es\/wp-content\/uploads\/2025\/10\/placeholder.jpg\"\/><\/p>\n<p><img decoding=\"async\" loading=\"lazy\" class=\"wp-image-2430914 size-full\" src=\"https:\/\/www.europesays.com\/es\/wp-content\/uploads\/2025\/11\/captura-de-pantalla-2025-11-20-a-las-10.55.01.jpg\" alt=\"Una imagen antigua de Josep Maria Mainat. (Foto: Redes Sociales)\" width=\"1200\" height=\"1492\"  \/><\/p>\n<p> Una imagen antigua de Josep Maria Mainat. (Foto: Redes Sociales)\n<\/p>\n<p data-start=\"3424\" data-end=\"4127\">Respecto a la hormona del crecimiento, se muestra a\u00fan m\u00e1s firme. Recuerda que solo est\u00e1 aprobada para personas con un d\u00e9ficit real y que cualquier otro uso es ilegal. Aunque<strong> tiene un efecto anabolizante y puede mejorar ciertos tejidos,<\/strong> tambi\u00e9n puede provocar <strong>hipertensi\u00f3n<\/strong>, <strong>diabetes<\/strong> o cambios en los huesos del rostro.<\/p>\n<p>No hay evidencia s\u00f3lida<\/p>\n<p class=\"p1\">Sobre la hormona del crecimiento, Esquide es a\u00fan m\u00e1s claro: \u00abSolo <strong>est\u00e1 autorizada para pacientes con enanismo<\/strong>. El resto de <strong>usos est\u00e1n prohibidos<\/strong>. Es verdad que es anabolizante y rejuvenece tejidos, pero fuera de los casos aprobados es ilegal y tiene efectos secundarios importantes. Puede producir hipertensi\u00f3n, diabetes y deformidades en los huesos de la cara\u00bb.<b\/><\/p>\n<blockquote class=\"twitter-tweet\">\n<p dir=\"ltr\" lang=\"ca\">AQU\u00cd FOTENT LI CANYA!<\/p>\n<p>La sarcop\u00e8nia \u00e9s la p\u00e8rdua progressiva de massa i for\u00e7a muscular associada a l\u2019envelliment.<\/p>\n<p>Aix\u00f2 pot provocar caigudes i fractures per la p\u00e8rdua de for\u00e7a i equilibri.<\/p>\n<p>I tamb\u00e9 debilita l\u2019organisme i complica la recuperaci\u00f3 davant malalties o cirurgies. <a href=\"https:\/\/t.co\/kGvWDrnYEe\" rel=\"nofollow\">pic.twitter.com\/kGvWDrnYEe<\/a><\/p>\n<p>\u2014 Josep M. Mainat (@MainatJM) <a href=\"https:\/\/twitter.com\/MainatJM\/status\/1964267407792365614?ref_src=twsrc%5Etfw\" rel=\"nofollow noopener\" target=\"_blank\">September 6, 2025<\/a><\/p>\n<\/blockquote>\n<p data-start=\"4599\" data-end=\"5014\">Aun as\u00ed, el creador televisivo sigue convencido de su plan. Ha renovado su sonrisa, recuperado densidad capilar, ganado m\u00fasculo y se somete a an\u00e1lisis constantes. Para \u00e9l, este proyecto no es un capricho, sino una decisi\u00f3n vital. Para los especialistas, en cambio, la verdadera longevidad sigue construy\u00e9ndose con h\u00e1bitos tan antiguos como eficaces: moverse, dormir bien, comer con conciencia y gestionar el estr\u00e9s.<\/p>\n<p>\t\t\t\t\t\t\t<script async src=\"https:\/\/platform.twitter.com\/widgets.js\" charset=\"utf-8\"><\/script><\/p>\n","protected":false},"excerpt":{"rendered":"Josep Maria Mainat, conocido por haber formado parte de La Trinca y por ser uno de los creadores&hellip;\n","protected":false},"author":2,"featured_media":250811,"comment_status":"","ping_status":"","sticky":false,"template":"","format":"standard","meta":{"footnotes":""},"categories":[174],"tags":[255,146,147,25,24,256,55598,23],"class_list":{"0":"post-250810","1":"post","2":"type-post","3":"status-publish","4":"format-standard","5":"has-post-thumbnail","7":"category-famosos","8":"tag-celebrities","9":"tag-entertainment","10":"tag-entretenimiento","11":"tag-es","12":"tag-espana","13":"tag-famosos","14":"tag-josep-maria-mainat","15":"tag-spain"},"share_on_mastodon":{"url":"https:\/\/pubeurope.com\/@es\/115597070885465894","error":""},"_links":{"self":[{"href":"https:\/\/www.europesays.com\/es\/wp-json\/wp\/v2\/posts\/250810","targetHints":{"allow":["GET"]}}],"collection":[{"href":"https:\/\/www.europesays.com\/es\/wp-json\/wp\/v2\/posts"}],"about":[{"href":"https:\/\/www.europesays.com\/es\/wp-json\/wp\/v2\/types\/post"}],"author":[{"embeddable":true,"href":"https:\/\/www.europesays.com\/es\/wp-json\/wp\/v2\/users\/2"}],"replies":[{"embeddable":true,"href":"https:\/\/www.europesays.com\/es\/wp-json\/wp\/v2\/comments?post=250810"}],"version-history":[{"count":0,"href":"https:\/\/www.europesays.com\/es\/wp-json\/wp\/v2\/posts\/250810\/revisions"}],"wp:featuredmedia":[{"embeddable":true,"href":"https:\/\/www.europesays.com\/es\/wp-json\/wp\/v2\/media\/250811"}],"wp:attachment":[{"href":"https:\/\/www.europesays.com\/es\/wp-json\/wp\/v2\/media?parent=250810"}],"wp:term":[{"taxonomy":"category","embeddable":true,"href":"https:\/\/www.europesays.com\/es\/wp-json\/wp\/v2\/categories?post=250810"},{"taxonomy":"post_tag","embeddable":true,"href":"https:\/\/www.europesays.com\/es\/wp-json\/wp\/v2\/tags?post=250810"}],"curies":[{"name":"wp","href":"https:\/\/api.w.org\/{rel}","templated":true}]}}