{"id":250812,"date":"2025-11-23T04:16:28","date_gmt":"2025-11-23T04:16:28","guid":{"rendered":"https:\/\/www.europesays.com\/es\/250812\/"},"modified":"2025-11-23T04:16:28","modified_gmt":"2025-11-23T04:16:28","slug":"nuevas-medidas-sobre-su-futuro-en-telecinco","status":"publish","type":"post","link":"https:\/\/www.europesays.com\/es\/250812\/","title":{"rendered":"nuevas medidas sobre su futuro en Telecinco"},"content":{"rendered":"<p data-gtm-element-container=\"modulo-texto-link\" class=\"paragraph\">La vig\u00e9sima edici\u00f3n de &#8216;<strong>Gran Hermano<\/strong>&#8216; lleg\u00f3 a Telecinco el pasado 6 de noviembre, prometiendo novedades y una renovaci\u00f3n total del formato, gracias a una nueva casa construida desde cero en Tres Cantos (Madrid). La productora y la cadena lograron, as\u00ed, crear una de las casas m\u00e1s destacadas del reality <strong>a nivel internacional.<\/strong><\/p>\n<p data-gtm-element-container=\"modulo-texto-link\" class=\"paragraph\">El dise\u00f1o de la vivienda es espectacular, con techos mucho m\u00e1s altos, espacios amplios, un enorme sal\u00f3n, un gran gimnasio y otras estancias muy acogedoras. Adem\u00e1s, esta nueva casa cuenta con un sistema de control de realizaci\u00f3n mucho m\u00e1s moderno y mejorado. En contraste, <strong>uno de los aspectos negativos ha sido la falta de remodelaci\u00f3n del plat\u00f3<\/strong>, que lleva encadenando formatos en el mismo estudio desde varias ediciones atr\u00e1s de &#8216;Supervivientes&#8217; y &#8216;Gran Hermano&#8217;, adem\u00e1s de haber sido utilizado y \u201cquemado\u201d para los debates de &#8216;La isla de las tentaciones&#8217;, &#8216;\u00a1De viernes!&#8217; y otros especiales.<\/p>\n<p>                     Galer\u00eda<\/p>\n<p>                <img loading=\"lazy\" decoding=\"async\" data-full-src=\"https:\/\/www.mundodeportivo.com\/uploads\/2025\/11\/06\/690d0ceb375e1.jpeg\" alt=\"La nueva casa de 'GH 20'\" src=\"https:\/\/www.europesays.com\/es\/wp-content\/uploads\/2025\/11\/690d0ceb375e1.jpeg\" class=\"lazy\" width=\"449\" height=\"253\"\/><\/p>\n<p>                    <a class=\"caption-title \" href=\"https:\/\/www.mundodeportivo.com\/elotromundo\/television\/20251106\/1002564810\/telecinco-supera-todas-expectativas-e-impacta-nueva-casa-gh-20-mejor-historia-galeria-dct.html\" rel=\"nofollow noopener\" target=\"_blank\">Telecinco supera todas las expectativas e impacta con la nueva casa de &#8216;GH 20&#8217;: \u00abLa mejor de la historia\u00bb<\/a><\/p>\n<p>                    Captura Telecinco<\/p>\n<p data-gtm-element-container=\"modulo-texto-link\" class=\"paragraph\">El estreno de <strong>la vig\u00e9sima edici\u00f3n de &#8216;Gran Hermano&#8217; registr\u00f3 un 15,8% de cuota de pantalla y una media de 889.000 espectadores.<\/strong> Aunque se trata del peor estreno de una temporada del reality, el programa logr\u00f3 liderar la noche, un dato m\u00e1s que destacable para Telecinco, que actualmente no alcanza el 10% de cuota de pantalla en su media mensual.<\/p>\n<p data-gtm-element-container=\"modulo-texto-link\" class=\"paragraph\">Sin embargo, los datos siguientes no fueron alentadores. El primer debate dominical se qued\u00f3 en <strong>un pobre 9,4% de cuota de pantalla y 740.000 espectadores.<\/strong> Tal fue el descenso que, para la segunda semana, qued\u00f3 relegado al late night tras el debate de &#8216;La isla de las tentaciones&#8217;, que inicialmente no estaba previsto emitir en televisi\u00f3n.<\/p>\n<p>                <img loading=\"lazy\" decoding=\"async\" data-full-src=\"https:\/\/www.mundodeportivo.com\/uploads\/2025\/11\/13\/691619368d29e.jpeg\" alt=\"Jorge Javier V\u00e1zquez, en 'GH 20'\" width=\"449\" height=\"253\" src=\"https:\/\/www.europesays.com\/es\/wp-content\/uploads\/2025\/11\/691619368d29e.r_d.4204-857.jpeg\" class=\"lazy\"\/><\/p>\n<p class=\"caption-title \">Jorge Javier V\u00e1zquez, en &#8216;GH 20&#8217;<\/p>\n<p>                    Mediaset Espa\u00f1a<\/p>\n<p>    Lee tambi\u00e9n<\/p>\n<p data-gtm-element-container=\"modulo-texto-link\" class=\"paragraph\">La cadena tambi\u00e9n tuvo que retirar la tira diaria de las 20:00 horas tras solo cuatro entregas, ya que en alguna ocasi\u00f3n<strong> no alcanz\u00f3 el 5% de cuota de pantalla.<\/strong> La segunda gala, clave para conocer el futuro del concurso, cay\u00f3 del 15,8% al<strong> 11,8%,<\/strong> una p\u00e9rdida de cuatro puntos y una media de 714.000 espectadores. Este dato resulta especialmente preocupante para un formato tan potente y con un presupuesto elevado. Todos estos registros suponen m\u00ednimos hist\u00f3ricos en la historia de &#8216;Gran Hermano&#8217; en Espa\u00f1a.<\/p>\n<p data-gtm-element-container=\"modulo-texto-link\" class=\"paragraph\">La tercera gala, emitida este jueves 20 de noviembre, tampoco mostr\u00f3 signos de mejora y pronostica un futuro complicado para esta edici\u00f3n. El programa <strong>se qued\u00f3 con un 11,3% de cuota de pantalla y 636.000 espectadores de media<\/strong>, siendo ampliamente superado por &#8216;Futuro Imperfecto&#8217; de Andreu Buenafuente (14,3% y 1.056.000 espectadores). En el &#8216;access prime time&#8217;, &#8216;GH 20&#8217; marc\u00f3 <strong>un baj\u00edsimo 6,3%<\/strong>, frente al 15,6% de &#8216;El Hormiguero&#8217; y el 14,6% de &#8216;La Revuelta&#8217;.<\/p>\n<p>                <img loading=\"lazy\" decoding=\"async\" data-full-src=\"https:\/\/www.mundodeportivo.com\/uploads\/2025\/11\/21\/6920d394ac3b5.jpeg\" alt=\"'GH 20'\" width=\"449\" height=\"299\" src=\"https:\/\/www.europesays.com\/es\/wp-content\/uploads\/2025\/11\/6920d394ac3b5.jpeg\" class=\"lazy\"\/><\/p>\n<p class=\"caption-title \">&#8216;GH 20&#8217;<\/p>\n<p>                    Mediaset Espa\u00f1a<\/p>\n<p data-gtm-element-container=\"modulo-texto-link\" class=\"paragraph\">Telecinco ha anunciado que<strong> en el pr\u00f3ximo debate dominical se producir\u00e1 una nueva expulsi\u00f3n<\/strong> y ronda de nominaciones. Todo apunta a que podr\u00eda reducirse considerablemente la duraci\u00f3n de la edici\u00f3n prevista inicialmente, terminando antes de lo esperado.<\/p>\n","protected":false},"excerpt":{"rendered":"La vig\u00e9sima edici\u00f3n de &#8216;Gran Hermano&#8216; lleg\u00f3 a Telecinco el pasado 6 de noviembre, prometiendo novedades y una&hellip;\n","protected":false},"author":2,"featured_media":250813,"comment_status":"","ping_status":"","sticky":false,"template":"","format":"standard","meta":{"footnotes":""},"categories":[171],"tags":[146,147,25,24,23,214],"class_list":{"0":"post-250812","1":"post","2":"type-post","3":"status-publish","4":"format-standard","5":"has-post-thumbnail","7":"category-tv","8":"tag-entertainment","9":"tag-entretenimiento","10":"tag-es","11":"tag-espana","12":"tag-spain","13":"tag-tv"},"share_on_mastodon":{"url":"https:\/\/pubeurope.com\/@es\/115597081911038540","error":""},"_links":{"self":[{"href":"https:\/\/www.europesays.com\/es\/wp-json\/wp\/v2\/posts\/250812","targetHints":{"allow":["GET"]}}],"collection":[{"href":"https:\/\/www.europesays.com\/es\/wp-json\/wp\/v2\/posts"}],"about":[{"href":"https:\/\/www.europesays.com\/es\/wp-json\/wp\/v2\/types\/post"}],"author":[{"embeddable":true,"href":"https:\/\/www.europesays.com\/es\/wp-json\/wp\/v2\/users\/2"}],"replies":[{"embeddable":true,"href":"https:\/\/www.europesays.com\/es\/wp-json\/wp\/v2\/comments?post=250812"}],"version-history":[{"count":0,"href":"https:\/\/www.europesays.com\/es\/wp-json\/wp\/v2\/posts\/250812\/revisions"}],"wp:featuredmedia":[{"embeddable":true,"href":"https:\/\/www.europesays.com\/es\/wp-json\/wp\/v2\/media\/250813"}],"wp:attachment":[{"href":"https:\/\/www.europesays.com\/es\/wp-json\/wp\/v2\/media?parent=250812"}],"wp:term":[{"taxonomy":"category","embeddable":true,"href":"https:\/\/www.europesays.com\/es\/wp-json\/wp\/v2\/categories?post=250812"},{"taxonomy":"post_tag","embeddable":true,"href":"https:\/\/www.europesays.com\/es\/wp-json\/wp\/v2\/tags?post=250812"}],"curies":[{"name":"wp","href":"https:\/\/api.w.org\/{rel}","templated":true}]}}